{"id":19295,"date":"2026-04-24T23:33:33","date_gmt":"2026-04-24T23:33:33","guid":{"rendered":"https:\/\/alminutonoticia.com\/noticias\/?p=19295"},"modified":"2026-04-24T23:33:35","modified_gmt":"2026-04-24T23:33:35","slug":"medalla-bolivariana-reconoce-el-esfuerzo-y-entrega-al-trabajo-que-resalta-la-cultura","status":"publish","type":"post","link":"https:\/\/alminutonoticia.com\/noticias\/medalla-bolivariana-reconoce-el-esfuerzo-y-entrega-al-trabajo-que-resalta-la-cultura\/","title":{"rendered":"Medalla Bolivariana reconoce el esfuerzo y entrega al trabajo que resalta la cultura"},"content":{"rendered":"\n<p><em>Panam\u00e1, 23 de abril 2026<\/em>. \u2013 Durante sesi\u00f3n ordinaria de la Sociedad Bolivariana de Panam\u00e1, se procedi\u00f3 con la entrega formal de la Medalla del Bicentenario del Congreso Anficti\u00f3nico de Panam\u00e1 a la Ministra de Cultura, Mar\u00eda Eugenia Herrera.<\/p>\n\n\n\n<p>El acto fue presidido por el doctor Carlos Guevara Mann, presidente de la organizaci\u00f3n, quien dirigi\u00f3 la ceremonia ante los miembros de la sociedad e invitados especiales. La ministra Herrera, agradeci\u00f3 la distinci\u00f3n y coment\u00f3 que el Congreso Anficti\u00f3nico, m\u00e1s que una reuni\u00f3n diplom\u00e1tica, fue un intento visionario de transformar la independencia, la libertad y la victoria en instituci\u00f3n, libertad y una promesa de paz entre pueblos soberanos.<\/p>\n\n\n\n<p>\u200bLa distinci\u00f3n se otorg\u00f3 en coincidencia con la conmemoraci\u00f3n del D\u00eda Internacional del Libro y del D\u00eda del Idioma Espa\u00f1ol. Durante la sesi\u00f3n, se destac\u00f3 que la efem\u00e9ride tiene como objetivo concienciar a la comunidad internacional sobre la trayectoria hist\u00f3rica, la riqueza cultural y el uso del idioma espa\u00f1ol en el mundo.<\/p>\n\n\n\n<p>En este contexto, la Sociedad Bolivariana de Panam\u00e1 se\u00f1al\u00f3 la pertinencia de la fecha para reconocer a los ciudadanos que, a trav\u00e9s de su gesti\u00f3n y labor, contribuyen al fortalecimiento y enriquecimiento del patrimonio cultural nacional.<\/p>\n\n\n\n<p>\u200bComo parte del orden del d\u00eda, la Comisi\u00f3n Interinstitucional del Bicentenario present\u00f3 sus informes de avance relacionados con las actividades programadas para la efem\u00e9ride bolivariana. Asimismo, la jornada incluy\u00f3 un acto de donaci\u00f3n de obras bibliogr\u00e1ficas por parte del Instituto Interamericano de Cooperaci\u00f3n para la Agricultura (IICA), material que pasar\u00e1 a formar parte del acervo documental de la instituci\u00f3n para consulta y estudio de la historia y el desarrollo regional.<\/p>\n\n\n\n<figure class=\"wp-block-image size-large\"><a href=\"https:\/\/alminutonoticia.com\/noticias\/wp-content\/uploads\/2026\/04\/WhatsApp-Image-2026-04-23-at-4.58.27-PM.jpeg\"><img fetchpriority=\"high\" decoding=\"async\" width=\"1024\" height=\"682\" src=\"https:\/\/alminutonoticia.com\/noticias\/wp-content\/uploads\/2026\/04\/WhatsApp-Image-2026-04-23-at-4.58.27-PM-1024x682.jpeg\" alt=\"\" class=\"wp-image-19296\" title=\"\" srcset=\"https:\/\/alminutonoticia.com\/noticias\/wp-content\/uploads\/2026\/04\/WhatsApp-Image-2026-04-23-at-4.58.27-PM-1024x682.jpeg 1024w, https:\/\/alminutonoticia.com\/noticias\/wp-content\/uploads\/2026\/04\/WhatsApp-Image-2026-04-23-at-4.58.27-PM-300x200.jpeg 300w, https:\/\/alminutonoticia.com\/noticias\/wp-content\/uploads\/2026\/04\/WhatsApp-Image-2026-04-23-at-4.58.27-PM-768x512.jpeg 768w, https:\/\/alminutonoticia.com\/noticias\/wp-content\/uploads\/2026\/04\/WhatsApp-Image-2026-04-23-at-4.58.27-PM-1536x1024.jpeg 1536w, https:\/\/alminutonoticia.com\/noticias\/wp-content\/uploads\/2026\/04\/WhatsApp-Image-2026-04-23-at-4.58.27-PM-2048x1365.jpeg 2048w\" sizes=\"(max-width: 1024px) 100vw, 1024px\" \/><\/a><\/figure>\n","protected":false},"excerpt":{"rendered":"<p>Panam\u00e1, 23 de abril 2026. \u2013 Durante sesi\u00f3n ordinaria de la Sociedad Bolivariana de Panam\u00e1, se procedi\u00f3 con la entrega formal de la Medalla del Bicentenario del Congreso Anficti\u00f3nico de Panam\u00e1 a la Ministra de Cultura, Mar\u00eda Eugenia Herrera. El acto fue presidido por el doctor Carlos Guevara Mann, presidente de la organizaci\u00f3n, quien dirigi\u00f3 [&hellip;]<\/p>\n","protected":false},"author":3,"featured_media":19297,"comment_status":"open","ping_status":"open","sticky":false,"template":"","format":"standard","meta":{"footnotes":""},"categories":[36,41],"tags":[],"class_list":["post-19295","post","type-post","status-publish","format-standard","has-post-thumbnail","hentry","category-nacionales","category-cultura-y-farandula"],"_links":{"self":[{"href":"https:\/\/alminutonoticia.com\/noticias\/wp-json\/wp\/v2\/posts\/19295","targetHints":{"allow":["GET"]}}],"collection":[{"href":"https:\/\/alminutonoticia.com\/noticias\/wp-json\/wp\/v2\/posts"}],"about":[{"href":"https:\/\/alminutonoticia.com\/noticias\/wp-json\/wp\/v2\/types\/post"}],"author":[{"embeddable":true,"href":"https:\/\/alminutonoticia.com\/noticias\/wp-json\/wp\/v2\/users\/3"}],"replies":[{"embeddable":true,"href":"https:\/\/alminutonoticia.com\/noticias\/wp-json\/wp\/v2\/comments?post=19295"}],"version-history":[{"count":1,"href":"https:\/\/alminutonoticia.com\/noticias\/wp-json\/wp\/v2\/posts\/19295\/revisions"}],"predecessor-version":[{"id":19298,"href":"https:\/\/alminutonoticia.com\/noticias\/wp-json\/wp\/v2\/posts\/19295\/revisions\/19298"}],"wp:featuredmedia":[{"embeddable":true,"href":"https:\/\/alminutonoticia.com\/noticias\/wp-json\/wp\/v2\/media\/19297"}],"wp:attachment":[{"href":"https:\/\/alminutonoticia.com\/noticias\/wp-json\/wp\/v2\/media?parent=19295"}],"wp:term":[{"taxonomy":"category","embeddable":true,"href":"https:\/\/alminutonoticia.com\/noticias\/wp-json\/wp\/v2\/categories?post=19295"},{"taxonomy":"post_tag","embeddable":true,"href":"https:\/\/alminutonoticia.com\/noticias\/wp-json\/wp\/v2\/tags?post=19295"}],"curies":[{"name":"wp","href":"https:\/\/api.w.org\/{rel}","templated":true}]}}