{"id":19291,"date":"2026-04-24T23:30:45","date_gmt":"2026-04-24T23:30:45","guid":{"rendered":"https:\/\/alminutonoticia.com\/noticias\/?p=19291"},"modified":"2026-04-24T23:30:46","modified_gmt":"2026-04-24T23:30:46","slug":"miambiente-universidad-de-panama-y-audubon-panama-fortalecen-preparacion-estudiantil-rumbo-al-global-big-day-en-jornada-por-el-dia-de-la-tierra","status":"publish","type":"post","link":"https:\/\/alminutonoticia.com\/noticias\/miambiente-universidad-de-panama-y-audubon-panama-fortalecen-preparacion-estudiantil-rumbo-al-global-big-day-en-jornada-por-el-dia-de-la-tierra\/","title":{"rendered":"MiAMBIENTE, Universidad de Panam\u00e1 y Audubon Panam\u00e1 fortalecen preparaci\u00f3n estudiantil rumbo al Global Big Day en jornada por el D\u00eda de la Tierra"},"content":{"rendered":"\n<p>Panam\u00e1, 22 de abril de 2026. En el marco de la conmemoraci\u00f3n del D\u00eda de la Tierra, la Universidad de Panam\u00e1, en conjunto con la Sociedad Audubon de Panam\u00e1 y el Ministerio de Ambiente (MiAMBIENTE), a trav\u00e9s de la Direcci\u00f3n de Cultura Ambiental, desarroll\u00f3 un recorrido educativo en el campus central de la primera casa de estudios superiores del pa\u00eds, con el objetivo de fortalecer el conocimiento ambiental y la observaci\u00f3n de aves.<\/p>\n\n\n\n<p>La actividad estuvo dirigida a estudiantes de las carreras de Turismo Ecol\u00f3gico y Biolog\u00eda, quienes participaron en una jornada de aprendizaje en campo que les permiti\u00f3 reconocer especies de avifauna presentes en el entorno universitario, adem\u00e1s de reforzar habilidades clave para su futura participaci\u00f3n en el Global Big Day, jornada mundial de avistamiento de aves que se celebrar\u00e1 el pr\u00f3ximo 9 de mayo.<\/p>\n\n\n\n<p>En el recorrido, especialistas de Audubon Panam\u00e1 y t\u00e9cnicos de MiAMBIENTE orientaron a los estudiantes sobre la importancia de la biodiversidad, la conservaci\u00f3n de los ecosistemas urbanos y el valor de la ciencia ciudadana en el monitoreo de aves.<\/p>\n\n\n\n<p>\u00c1ngel N\u00fa\u00f1ez, de la Secci\u00f3n de Cultura Ambiental de MiAMBIENTE, destac\u00f3 la relevancia de este tipo de iniciativas conjuntas. \u201cEstas experiencias permiten acercar a los j\u00f3venes a la naturaleza desde una perspectiva pr\u00e1ctica y cient\u00edfica, fortaleciendo su compromiso con la conservaci\u00f3n de la biodiversidad y fomentando una ciudadan\u00eda ambiental m\u00e1s consciente y participativa\u201d, expres\u00f3.<\/p>\n\n\n\n<p>Los organizadores resaltaron que el Global Big Day es una de las jornadas de ciencia ciudadana m\u00e1s importantes a nivel mundial, impulsada por el Laboratorio de Ornitolog\u00eda de Cornell y Audubon, en la que miles de personas en distintos pa\u00edses salen simult\u00e1neamente a observar, identificar y registrar aves. Los datos recopilados contribuyen a plataformas globales como eBird, fortaleciendo la investigaci\u00f3n cient\u00edfica sobre migraci\u00f3n, distribuci\u00f3n y conservaci\u00f3n de especies.<\/p>\n\n\n\n<p>Esta iniciativa permite que estudiantes, cient\u00edficos, organizaciones ambientales y ciudadan\u00eda en general aporten informaci\u00f3n valiosa para la protecci\u00f3n de la biodiversidad, al tiempo que promueve el turismo de naturaleza y la educaci\u00f3n ambiental.<\/p>\n\n\n\n<figure class=\"wp-block-image size-large\"><a href=\"https:\/\/alminutonoticia.com\/noticias\/wp-content\/uploads\/2026\/04\/WhatsApp-Image-2026-04-22-at-3.34.28-PM-1-scaled.jpeg\"><img fetchpriority=\"high\" decoding=\"async\" width=\"1024\" height=\"768\" src=\"https:\/\/alminutonoticia.com\/noticias\/wp-content\/uploads\/2026\/04\/WhatsApp-Image-2026-04-22-at-3.34.28-PM-1-1024x768.jpeg\" alt=\"\" class=\"wp-image-19292\" title=\"\" srcset=\"https:\/\/alminutonoticia.com\/noticias\/wp-content\/uploads\/2026\/04\/WhatsApp-Image-2026-04-22-at-3.34.28-PM-1-1024x768.jpeg 1024w, https:\/\/alminutonoticia.com\/noticias\/wp-content\/uploads\/2026\/04\/WhatsApp-Image-2026-04-22-at-3.34.28-PM-1-300x225.jpeg 300w, https:\/\/alminutonoticia.com\/noticias\/wp-content\/uploads\/2026\/04\/WhatsApp-Image-2026-04-22-at-3.34.28-PM-1-768x576.jpeg 768w, https:\/\/alminutonoticia.com\/noticias\/wp-content\/uploads\/2026\/04\/WhatsApp-Image-2026-04-22-at-3.34.28-PM-1-1536x1152.jpeg 1536w, https:\/\/alminutonoticia.com\/noticias\/wp-content\/uploads\/2026\/04\/WhatsApp-Image-2026-04-22-at-3.34.28-PM-1-2048x1536.jpeg 2048w\" sizes=\"(max-width: 1024px) 100vw, 1024px\" \/><\/a><\/figure>\n","protected":false},"excerpt":{"rendered":"<p>Panam\u00e1, 22 de abril de 2026. En el marco de la conmemoraci\u00f3n del D\u00eda de la Tierra, la Universidad de Panam\u00e1, en conjunto con la Sociedad Audubon de Panam\u00e1 y el Ministerio de Ambiente (MiAMBIENTE), a trav\u00e9s de la Direcci\u00f3n de Cultura Ambiental, desarroll\u00f3 un recorrido educativo en el campus central de la primera casa [&hellip;]<\/p>\n","protected":false},"author":3,"featured_media":19293,"comment_status":"open","ping_status":"open","sticky":false,"template":"","format":"standard","meta":{"footnotes":""},"categories":[42,36],"tags":[],"class_list":["post-19291","post","type-post","status-publish","format-standard","has-post-thumbnail","hentry","category-ambiente","category-nacionales"],"_links":{"self":[{"href":"https:\/\/alminutonoticia.com\/noticias\/wp-json\/wp\/v2\/posts\/19291","targetHints":{"allow":["GET"]}}],"collection":[{"href":"https:\/\/alminutonoticia.com\/noticias\/wp-json\/wp\/v2\/posts"}],"about":[{"href":"https:\/\/alminutonoticia.com\/noticias\/wp-json\/wp\/v2\/types\/post"}],"author":[{"embeddable":true,"href":"https:\/\/alminutonoticia.com\/noticias\/wp-json\/wp\/v2\/users\/3"}],"replies":[{"embeddable":true,"href":"https:\/\/alminutonoticia.com\/noticias\/wp-json\/wp\/v2\/comments?post=19291"}],"version-history":[{"count":1,"href":"https:\/\/alminutonoticia.com\/noticias\/wp-json\/wp\/v2\/posts\/19291\/revisions"}],"predecessor-version":[{"id":19294,"href":"https:\/\/alminutonoticia.com\/noticias\/wp-json\/wp\/v2\/posts\/19291\/revisions\/19294"}],"wp:featuredmedia":[{"embeddable":true,"href":"https:\/\/alminutonoticia.com\/noticias\/wp-json\/wp\/v2\/media\/19293"}],"wp:attachment":[{"href":"https:\/\/alminutonoticia.com\/noticias\/wp-json\/wp\/v2\/media?parent=19291"}],"wp:term":[{"taxonomy":"category","embeddable":true,"href":"https:\/\/alminutonoticia.com\/noticias\/wp-json\/wp\/v2\/categories?post=19291"},{"taxonomy":"post_tag","embeddable":true,"href":"https:\/\/alminutonoticia.com\/noticias\/wp-json\/wp\/v2\/tags?post=19291"}],"curies":[{"name":"wp","href":"https:\/\/api.w.org\/{rel}","templated":true}]}}