{"id":18795,"date":"2026-03-17T10:37:03","date_gmt":"2026-03-17T10:37:03","guid":{"rendered":"https:\/\/alminutonoticia.com\/noticias\/?p=18795"},"modified":"2026-03-17T10:37:05","modified_gmt":"2026-03-17T10:37:05","slug":"presidente-de-alemania-califica-a-panama-como-un-socio-fiable-tras-reunion-con-mulino","status":"publish","type":"post","link":"https:\/\/alminutonoticia.com\/noticias\/presidente-de-alemania-califica-a-panama-como-un-socio-fiable-tras-reunion-con-mulino\/","title":{"rendered":"Presidente de Alemania califica a Panam\u00e1 como \u201cun socio fiable\u201d, tras reuni\u00f3n con Mulino"},"content":{"rendered":"\n<p>Panam\u00e1 y Alemania anunciaron hoy el relanzamiento de sus relaciones diplom\u00e1ticas y comerciales, con el fin de impulsar sus programas de cooperaci\u00f3n y dar paso a m\u00e1s inversiones entre ambas naciones.<br>El presidente de la Rep\u00fablica, Jos\u00e9 Ra\u00fal Mulino, recibi\u00f3 en el Palacio de las Garzas a su hom\u00f3logo de Alemania, Frank-Walter Steinmeier, quien lleg\u00f3 este lunes a Panam\u00e1 junto con ministros y altos funcionarios del Gobierno Federal, adem\u00e1s de una comitiva de l\u00edderes empresariales germanos.<br>Esta es la primera visita de un presidente alem\u00e1n en 75 a\u00f1os de relaciones entre ambos pa\u00edses, donde tambi\u00e9n se abordaron temas de geopol\u00edtica, la importancia del Canal de Panam\u00e1 para el comercio mundial, la lucha contra el narcotr\u00e1fico y los grupos criminales, as\u00ed como los esfuerzos de Panam\u00e1 para salir pronto de la lista discriminatoria de la Uni\u00f3n Europea en temas fiscales.<br>La visita oficial arranc\u00f3 con un encuentro privado de presidentes en el despacho presidencial del Palacio de las Garzas, que dio paso a una reuni\u00f3n ampliada en el sal\u00f3n del Consejo de Gabinete, en la que Mulino y Steinmeier se hicieron acompa\u00f1ar por sus respectivos equipos de ministros.<br>Durante la reuni\u00f3n ampliada, Panam\u00e1 expuso a la delegaci\u00f3n alemana la estructura jur\u00eddico-pol\u00edtica del Canal de Panam\u00e1, y se le dio una explicaci\u00f3n sobre los proyectos estrat\u00e9gicos que la v\u00eda interoce\u00e1nica est\u00e1 preparando.<br>Igualmente, Mulino destac\u00f3 al presidente visitante que ahora Panam\u00e1 es un Estado asociado del Mercosur, lo que la posiciona como un complemento del bloque sudamericano para potenciar las exportaciones hacia Centroam\u00e9rica y otras regiones del mundo.<br>Tambi\u00e9n se abordaron temas relativos a la posici\u00f3n de ambos pa\u00edses en el escenario global, y mostraron su preocupaci\u00f3n por el conflicto b\u00e9lico en Medio Oriente y el rol que juegan la Uni\u00f3n Europea y Alemania, as\u00ed como la afectaci\u00f3n econ\u00f3mica que representa para Panam\u00e1, a trav\u00e9s de los aumentos de los derivados del petr\u00f3leo.<br>Los presidentes concluyeron en que la v\u00eda a seguir es fortalecer a\u00fan m\u00e1s las relaciones diplom\u00e1ticas, comerciales y de cooperaci\u00f3n, para impulsar el bienestar de sus pueblos en momentos en que el orden internacional sufre transformaciones.<br>\u201cComo miembro no permanente del Consejo de Seguridad de Naciones Unidas para el periodo que culmina a final de a\u00f1o, nuestro pa\u00eds trabaja en conjunto con el Gobierno de Alemania, de manera constructiva por el respeto a los principios de la Carta de Naciones Unidas, el Derecho Internacional, la seguridad global y el principio del multilateralismo\u201d, indic\u00f3 el presidente Mulino, quien agradeci\u00f3 a su hom\u00f3logo de Alemania incluir a Panam\u00e1 en su gira por Centroam\u00e9rica.<br>\u201cSu presencia aqu\u00ed, m\u00e1s que un acto protocolar, es un claro reflejo de la profunda amistad y respeto mutuo que unen a nuestras naciones\u201d, declar\u00f3 el presidente paname\u00f1o ante la prensa nacional e internacional.<br>En este sentido, Mulino adelant\u00f3 que apoyar\u00e1n la aspiraci\u00f3n de Alemania de convertirse en miembro no permanente del Consejo de Seguridad de la ONU en el a\u00f1o 2027. \u201cDesde ya puede contar con el voto de Panam\u00e1 para esa candidatura\u201d, se\u00f1al\u00f3.<br>Igualmente, sostuvo que aprecia el rol que ha jugado Alemania a trav\u00e9s de su apoyo a Panam\u00e1 en su lucha para salir de la lista discriminatoria de la Uni\u00f3n Europea sobre compromisos relativos a los est\u00e1ndares internacionales para la prevenci\u00f3n del blanqueo de capitales y el financiamiento del terrorismo. \u201cEsperamos tener ese apoyo nuevamente en la pr\u00f3xima evaluaci\u00f3n\u201d, dijo Mulino.<br>Por su parte, el presidente alem\u00e1n afirm\u00f3 que su primera visita oficial a Panam\u00e1 se realiza en un momento en que las reglas del juego del orden mundial est\u00e1n siendo \u201catacadas\u201d, por lo cual es su intenci\u00f3n fortalecer los lazos con socios confiables como Panam\u00e1.<br>\u201cLo que buscamos son asociaciones con pa\u00edses soberanos, seguros de s\u00ed mismos, que pueden ofrecernos algo, y a los que nosotros podemos ofrecer algo\u201d, recalc\u00f3 Steinmeier. \u201cAm\u00e9rica Latina no es ning\u00fan patio trasero de nadie, es un gran espacio con su propia historia y su independencia, y Panam\u00e1 es un importante socio econ\u00f3mico y comercial en la regi\u00f3n\u201d, apunt\u00f3.<br>El presidente alem\u00e1n reconoci\u00f3 que Panam\u00e1 se ha convertido en un \u201chub\u201d internacional muy importante en log\u00edstica y servicios, y que puede aumentar a\u00fan m\u00e1s su potencial en otros sectores, tales como las energ\u00edas renovables.<br>Tambi\u00e9n observ\u00f3 la importancia del Canal de Panam\u00e1 como uni\u00f3n entre los oc\u00e9anos Atl\u00e1ntico y Pac\u00edfico. \u201cLa neutralidad y la soberan\u00eda del Canal de Panam\u00e1 deben estar por encima de cualquier duda. Esta es la opini\u00f3n de la gran mayor\u00eda de los Estados del mundo y tambi\u00e9n la opini\u00f3n de Alemania\u201d, se\u00f1al\u00f3.<br>\u201cDentro de Naciones Unidas, Panam\u00e1 es un socio fiable. Panam\u00e1 es miembro no permanente del Consejo de Seguridad. En la defensa del orden basado en reglas, y los principios de la Carta de Naciones Unidas, Panam\u00e1 es un actor importante. Quisiera darle las gracias por defender estos principios con tanto dinamismo\u201d, declar\u00f3 Steinmeier.<br>Asimismo, agradeci\u00f3 el papel de Panam\u00e1 en el apoyo a la fuerza multinacional de eliminaci\u00f3n de pandillas en Hait\u00ed, y en su lucha por impulsar una pol\u00edtica clim\u00e1tica ambiciosa en Naciones Unidas.<br>La parada del presidente alem\u00e1n en Panam\u00e1 es la primera dentro de una gira centroamericana que lo llevar\u00e1 luego a Guatemala y M\u00e9xico.<br>En su viaje se hace acompa\u00f1ar por la secretaria de Estado y jefa de la Oficina Presidencial Federal, D\u00f6rte Dinger; la ministra federal de Relaciones Exteriores y diputada Serap G\u00fcler; el embajador de Alemania en Panam\u00e1, Joachim Schmillen; y el jefe de Pol\u00edtica Exterior, Wolfgang Silbemann.<br>En la reuni\u00f3n ampliada acompa\u00f1aron al presidente Mulino sus ministros Javier Mart\u00ednez-Acha (Relaciones Exteriores); Juan Carlos Orillac (Presidencia); Julio Molt\u00f3 (Comercio e Industrias); Felipe Chapman (Econom\u00eda y Finanzas); Jos\u00e9 Ram\u00f3n Icaza (Asuntos del Canal) y la secretaria de Asuntos Econ\u00f3micos y Competitividad, Kristelle Getzler.<br>La agenda incluy\u00f3 tambi\u00e9n una reuni\u00f3n de alto nivel empresarial en el Gran Sal\u00f3n Bol\u00edvar del Ministerio de Relaciones Exteriores.<\/p>\n\n\n\n<figure class=\"wp-block-image size-large\"><a href=\"https:\/\/alminutonoticia.com\/noticias\/wp-content\/uploads\/2026\/03\/WhatsApp-Image-2026-03-16-at-8.14.56-PM.jpeg\"><img fetchpriority=\"high\" decoding=\"async\" width=\"1024\" height=\"683\" src=\"https:\/\/alminutonoticia.com\/noticias\/wp-content\/uploads\/2026\/03\/WhatsApp-Image-2026-03-16-at-8.14.56-PM-1024x683.jpeg\" alt=\"\" class=\"wp-image-18796\" title=\"\" srcset=\"https:\/\/alminutonoticia.com\/noticias\/wp-content\/uploads\/2026\/03\/WhatsApp-Image-2026-03-16-at-8.14.56-PM-1024x683.jpeg 1024w, https:\/\/alminutonoticia.com\/noticias\/wp-content\/uploads\/2026\/03\/WhatsApp-Image-2026-03-16-at-8.14.56-PM-300x200.jpeg 300w, https:\/\/alminutonoticia.com\/noticias\/wp-content\/uploads\/2026\/03\/WhatsApp-Image-2026-03-16-at-8.14.56-PM-768x512.jpeg 768w, https:\/\/alminutonoticia.com\/noticias\/wp-content\/uploads\/2026\/03\/WhatsApp-Image-2026-03-16-at-8.14.56-PM.jpeg 1280w\" sizes=\"(max-width: 1024px) 100vw, 1024px\" \/><\/a><\/figure>\n","protected":false},"excerpt":{"rendered":"<p>Panam\u00e1 y Alemania anunciaron hoy el relanzamiento de sus relaciones diplom\u00e1ticas y comerciales, con el fin de impulsar sus programas de cooperaci\u00f3n y dar paso a m\u00e1s inversiones entre ambas naciones.El presidente de la Rep\u00fablica, Jos\u00e9 Ra\u00fal Mulino, recibi\u00f3 en el Palacio de las Garzas a su hom\u00f3logo de Alemania, Frank-Walter Steinmeier, quien lleg\u00f3 este [&hellip;]<\/p>\n","protected":false},"author":2,"featured_media":18797,"comment_status":"open","ping_status":"open","sticky":false,"template":"","format":"standard","meta":{"footnotes":""},"categories":[36,39],"tags":[],"class_list":["post-18795","post","type-post","status-publish","format-standard","has-post-thumbnail","hentry","category-nacionales","category-internacionales"],"_links":{"self":[{"href":"https:\/\/alminutonoticia.com\/noticias\/wp-json\/wp\/v2\/posts\/18795","targetHints":{"allow":["GET"]}}],"collection":[{"href":"https:\/\/alminutonoticia.com\/noticias\/wp-json\/wp\/v2\/posts"}],"about":[{"href":"https:\/\/alminutonoticia.com\/noticias\/wp-json\/wp\/v2\/types\/post"}],"author":[{"embeddable":true,"href":"https:\/\/alminutonoticia.com\/noticias\/wp-json\/wp\/v2\/users\/2"}],"replies":[{"embeddable":true,"href":"https:\/\/alminutonoticia.com\/noticias\/wp-json\/wp\/v2\/comments?post=18795"}],"version-history":[{"count":1,"href":"https:\/\/alminutonoticia.com\/noticias\/wp-json\/wp\/v2\/posts\/18795\/revisions"}],"predecessor-version":[{"id":18798,"href":"https:\/\/alminutonoticia.com\/noticias\/wp-json\/wp\/v2\/posts\/18795\/revisions\/18798"}],"wp:featuredmedia":[{"embeddable":true,"href":"https:\/\/alminutonoticia.com\/noticias\/wp-json\/wp\/v2\/media\/18797"}],"wp:attachment":[{"href":"https:\/\/alminutonoticia.com\/noticias\/wp-json\/wp\/v2\/media?parent=18795"}],"wp:term":[{"taxonomy":"category","embeddable":true,"href":"https:\/\/alminutonoticia.com\/noticias\/wp-json\/wp\/v2\/categories?post=18795"},{"taxonomy":"post_tag","embeddable":true,"href":"https:\/\/alminutonoticia.com\/noticias\/wp-json\/wp\/v2\/tags?post=18795"}],"curies":[{"name":"wp","href":"https:\/\/api.w.org\/{rel}","templated":true}]}}