{"id":18791,"date":"2026-03-12T17:27:38","date_gmt":"2026-03-12T17:27:38","guid":{"rendered":"https:\/\/alminutonoticia.com\/noticias\/?p=18791"},"modified":"2026-03-12T17:27:40","modified_gmt":"2026-03-12T17:27:40","slug":"lanzamiento-nueva-rav4miercoles","status":"publish","type":"post","link":"https:\/\/alminutonoticia.com\/noticias\/lanzamiento-nueva-rav4miercoles\/","title":{"rendered":"Lanzamiento Nueva Rav4Mi\u00e9rcoles"},"content":{"rendered":"\n<p>En el marco de su 70 aniversario en Panam\u00e1, Ricardo P\u00e9rez presenta la nueva Toyota RAV4<\/p>\n\n\n\n<p>Como parte de la conmemoraci\u00f3n de sus 70 a\u00f1os de trayectoria en Panam\u00e1, Ricardo P\u00e9rez, distribuidor autorizado de Toyota en el pa\u00eds, present\u00f3 oficialmente la nueva Toyota RAV4, un modelo que marca una nueva etapa en innovaci\u00f3n, tecnolog\u00eda y desempe\u00f1o en las carreteras paname\u00f1as.<\/p>\n\n\n\n<p>El lanzamiento se realiz\u00f3 en el Convento de la Concepci\u00f3n, ruinas de Panam\u00e1 La Vieja, en un evento especial que reuni\u00f3 a directivos, aliados estrat\u00e9gicos y representantes del sector automotriz, quienes conocieron de primera mano este veh\u00edculo que combina robustez, dinamismo, seguridad, confort y tecnolog\u00eda avanzada.<\/p>\n\n\n\n<p>Durante la actividad, Juan Pablo Remuzgo, vicepresidente comercial de Ricardo P\u00e9rez, destac\u00f3 el significado de este aniversario para la compa\u00f1\u00eda y para la historia automotriz del pa\u00eds.<\/p>\n\n\n\n<p>\u201cSon 70 a\u00f1os de evoluci\u00f3n constante que celebramos gracias a la confianza de generaciones de paname\u00f1os que han crecido junto a nosotros y han acompa\u00f1ado el desarrollo del pa\u00eds\u201d, expres\u00f3 el ejecutivo.<\/p>\n\n\n\n<p>Remuzgo subray\u00f3 que el lanzamiento de la nueva RAV4 refleja precisamente esa evoluci\u00f3n que ha caracterizado a la marca.<\/p>\n\n\n\n<p>\u201cEste modelo es una muestra de c\u00f3mo tradici\u00f3n e innovaci\u00f3n pueden convivir para responder a las nuevas demandas del mercado y de nuestros clientes\u201d, se\u00f1al\u00f3.<\/p>\n\n\n\n<p>Por su parte, Mar\u00eda Fernanda Auvert, gerente de Producto de Ricardo P\u00e9rez, resalt\u00f3 que la RAV4 ha representado durante a\u00f1os la filosof\u00eda de \u201cir a cualquier lugar y hacer cualquier cosa\u201d, una promesa que ha acompa\u00f1ado a miles de conductores paname\u00f1os y que ahora evoluciona hacia una nueva era.<\/p>\n\n\n\n<p>\u201cLa nueva RAV4 llega con un dise\u00f1o completamente renovado, con mayor car\u00e1cter y seguridad visual, pero tambi\u00e9n con una transformaci\u00f3n en su interior. Incorpora un maletero m\u00e1s amplio y asientos traseros completamente planos que optimizan el espacio, ofreciendo verdadera versatilidad para cada estilo de vida\u201d, explic\u00f3.<\/p>\n\n\n\n<p>Conducci\u00f3n c\u00f3moda y conectada<\/p>\n\n\n\n<p>En materia de tecnolog\u00eda, la nueva RAV4 integra una pantalla multiinformaci\u00f3n de 12.3 pulgadas y una pantalla de audio de 10.5 pulgadas con conectividad total para smartphones, elevando la experiencia digital y la interacci\u00f3n del conductor con el veh\u00edculo.<\/p>\n\n\n\n<p>En seguridad, se incorpor\u00f3 el Toyota Safety Sense, un sistema de asistencias avanzadas de conducci\u00f3n dise\u00f1ado para ayudar a anticipar riesgos en el camino.<br>Adem\u00e1s, estar\u00e1 disponible con un line up completo bajo el concepto Multipath Way, con versiones gasolina, h\u00edbrida y plug-in hybrid, ofreciendo opciones que se adaptan a distintos estilos de vida.<\/p>\n\n\n\n<p>\u201cSe trata de una RAV4 m\u00e1s audaz, m\u00e1s tecnol\u00f3gica y preparada para el futuro. Es una invitaci\u00f3n a seguir explorando, creciendo y avanzando con confianza\u201d, agreg\u00f3 Auvert.<\/p>\n\n\n\n<p>Con este lanzamiento, Ricardo P\u00e9rez, no solo presenta un nuevo modelo al mercado paname\u00f1o, sino que tambi\u00e9n celebra siete d\u00e9cadas de trayectoria<br>representando a Toyota en el pa\u00eds, reafirmando su compromiso de continuar acompa\u00f1ando el desarrollo de la movilidad y la innovaci\u00f3n automotriz junto a los paname\u00f1os.<\/p>\n\n\n\n<figure class=\"wp-block-image size-large\"><a href=\"https:\/\/alminutonoticia.com\/noticias\/wp-content\/uploads\/2026\/03\/WhatsApp-Image-2026-03-11-at-11.54.11-PM-1.jpeg\"><img fetchpriority=\"high\" decoding=\"async\" width=\"768\" height=\"1024\" src=\"https:\/\/alminutonoticia.com\/noticias\/wp-content\/uploads\/2026\/03\/WhatsApp-Image-2026-03-11-at-11.54.11-PM-1-768x1024.jpeg\" alt=\"\" class=\"wp-image-18792\" title=\"\" srcset=\"https:\/\/alminutonoticia.com\/noticias\/wp-content\/uploads\/2026\/03\/WhatsApp-Image-2026-03-11-at-11.54.11-PM-1-768x1024.jpeg 768w, https:\/\/alminutonoticia.com\/noticias\/wp-content\/uploads\/2026\/03\/WhatsApp-Image-2026-03-11-at-11.54.11-PM-1-225x300.jpeg 225w, https:\/\/alminutonoticia.com\/noticias\/wp-content\/uploads\/2026\/03\/WhatsApp-Image-2026-03-11-at-11.54.11-PM-1-1152x1536.jpeg 1152w, https:\/\/alminutonoticia.com\/noticias\/wp-content\/uploads\/2026\/03\/WhatsApp-Image-2026-03-11-at-11.54.11-PM-1.jpeg 1200w\" sizes=\"(max-width: 768px) 100vw, 768px\" \/><\/a><\/figure>\n","protected":false},"excerpt":{"rendered":"<p>En el marco de su 70 aniversario en Panam\u00e1, Ricardo P\u00e9rez presenta la nueva Toyota RAV4 Como parte de la conmemoraci\u00f3n de sus 70 a\u00f1os de trayectoria en Panam\u00e1, Ricardo P\u00e9rez, distribuidor autorizado de Toyota en el pa\u00eds, present\u00f3 oficialmente la nueva Toyota RAV4, un modelo que marca una nueva etapa en innovaci\u00f3n, tecnolog\u00eda y [&hellip;]<\/p>\n","protected":false},"author":2,"featured_media":18793,"comment_status":"open","ping_status":"open","sticky":false,"template":"","format":"standard","meta":{"footnotes":""},"categories":[36],"tags":[],"class_list":["post-18791","post","type-post","status-publish","format-standard","has-post-thumbnail","hentry","category-nacionales"],"_links":{"self":[{"href":"https:\/\/alminutonoticia.com\/noticias\/wp-json\/wp\/v2\/posts\/18791","targetHints":{"allow":["GET"]}}],"collection":[{"href":"https:\/\/alminutonoticia.com\/noticias\/wp-json\/wp\/v2\/posts"}],"about":[{"href":"https:\/\/alminutonoticia.com\/noticias\/wp-json\/wp\/v2\/types\/post"}],"author":[{"embeddable":true,"href":"https:\/\/alminutonoticia.com\/noticias\/wp-json\/wp\/v2\/users\/2"}],"replies":[{"embeddable":true,"href":"https:\/\/alminutonoticia.com\/noticias\/wp-json\/wp\/v2\/comments?post=18791"}],"version-history":[{"count":1,"href":"https:\/\/alminutonoticia.com\/noticias\/wp-json\/wp\/v2\/posts\/18791\/revisions"}],"predecessor-version":[{"id":18794,"href":"https:\/\/alminutonoticia.com\/noticias\/wp-json\/wp\/v2\/posts\/18791\/revisions\/18794"}],"wp:featuredmedia":[{"embeddable":true,"href":"https:\/\/alminutonoticia.com\/noticias\/wp-json\/wp\/v2\/media\/18793"}],"wp:attachment":[{"href":"https:\/\/alminutonoticia.com\/noticias\/wp-json\/wp\/v2\/media?parent=18791"}],"wp:term":[{"taxonomy":"category","embeddable":true,"href":"https:\/\/alminutonoticia.com\/noticias\/wp-json\/wp\/v2\/categories?post=18791"},{"taxonomy":"post_tag","embeddable":true,"href":"https:\/\/alminutonoticia.com\/noticias\/wp-json\/wp\/v2\/tags?post=18791"}],"curies":[{"name":"wp","href":"https:\/\/api.w.org\/{rel}","templated":true}]}}