{"id":18784,"date":"2026-03-12T04:22:24","date_gmt":"2026-03-12T04:22:24","guid":{"rendered":"https:\/\/alminutonoticia.com\/noticias\/?p=18784"},"modified":"2026-03-12T04:22:26","modified_gmt":"2026-03-12T04:22:26","slug":"mulino-asiste-a-la-transmision-de-mando-de-kast-y-refuerza-colaboracion-bilateral-entre-panama-y-chile","status":"publish","type":"post","link":"https:\/\/alminutonoticia.com\/noticias\/mulino-asiste-a-la-transmision-de-mando-de-kast-y-refuerza-colaboracion-bilateral-entre-panama-y-chile\/","title":{"rendered":"Mulino asiste a la transmisi\u00f3n de mando de Kast y refuerza colaboraci\u00f3n bilateral entre Panam\u00e1 y Chile"},"content":{"rendered":"\n<p>El presidente Jos\u00e9 Ra\u00fal Mulino particip\u00f3 en la ceremonia de cambio de mando del presidente electo de Chile, Jos\u00e9 Antonio Kast, logrando reforzar la colaboraci\u00f3n e integraci\u00f3n entre ambas naciones dada la importancia de este pa\u00eds sure\u00f1o como socio comercial estrat\u00e9gico.<br>Mulino asisti\u00f3 en compa\u00f1\u00eda de la primera dama, Maricel Cohen de Mulino, y el ministro de Relaciones Exteriores, Javier Mart\u00ednez-Acha, a la toma de posesi\u00f3n en el Sal\u00f3n de Honor del Congreso Nacional en Valpara\u00edso, en donde participaron 1,200 invitados, incluidas 18 delegaciones y alrededor de 500 medios de comunicaci\u00f3n nacionales e internacionales acreditados.<br>De acuerdo con el presidente Mulino, esta misi\u00f3n oficial ha sido sumamente positiva y productiva por la reuni\u00f3n bilateral que sostuvo con el presidente Kast y con miembros de su gabinete, con quienes se mantendr\u00e1 una pronta comunicaci\u00f3n para la creaci\u00f3n de la comisi\u00f3n binacional, con miras a trabajar en temas de inter\u00e9s com\u00fan: intercambio comercial, seguridad, transporte y sector agr\u00edcola, entre otros.<br>La relaci\u00f3n bilateral de Chile y Panam\u00e1 es de gran importancia considerando los lazos hist\u00f3ricos y el papel estrat\u00e9gico de Chile como el primer usuario latinoamericano y el cuarto a nivel mundial del Canal de Panam\u00e1.<br>Por su parte, los ministros Felipe Chapman (Econom\u00eda y Finanzas), Julio Molt\u00f3 (Comercio e Industrias) y Jos\u00e9 Ram\u00f3n Icaza (Asuntos del Canal), quienes participaron en la reuni\u00f3n bilateral entre Mulino y Kast, tambi\u00e9n sostuvieron reuniones con presidentes de gremios y l\u00edderes empresariales del sector privado chileno, entre ellos: el Consejo de Pol\u00edticas de Infraestructura, grupo de empresas navieras y de la Confederaci\u00f3n de la Producci\u00f3n y del Comercio.<br>Los actos protocolares incluyeron la transmisi\u00f3n de mando del presidente Jos\u00e9 Antonio Kass y de su gabinete, el saludo presidencial y la foto oficial. Al concluir la ceremonia, los jefes de Estado fueron invitados por el presidente Kast y la primera dama, Mar\u00eda P\u00eda Adriasola, a una recepci\u00f3n en el Palacio Presidencial de Cerro Castillo.<\/p>\n\n\n\n<figure class=\"wp-block-image size-large\"><a href=\"https:\/\/alminutonoticia.com\/noticias\/wp-content\/uploads\/2026\/03\/WhatsApp-Image-2026-03-11-at-11.11.12-PM-1.jpeg\"><img fetchpriority=\"high\" decoding=\"async\" width=\"1024\" height=\"683\" src=\"https:\/\/alminutonoticia.com\/noticias\/wp-content\/uploads\/2026\/03\/WhatsApp-Image-2026-03-11-at-11.11.12-PM-1-1024x683.jpeg\" alt=\"\" class=\"wp-image-18785\" title=\"\" srcset=\"https:\/\/alminutonoticia.com\/noticias\/wp-content\/uploads\/2026\/03\/WhatsApp-Image-2026-03-11-at-11.11.12-PM-1-1024x683.jpeg 1024w, https:\/\/alminutonoticia.com\/noticias\/wp-content\/uploads\/2026\/03\/WhatsApp-Image-2026-03-11-at-11.11.12-PM-1-300x200.jpeg 300w, https:\/\/alminutonoticia.com\/noticias\/wp-content\/uploads\/2026\/03\/WhatsApp-Image-2026-03-11-at-11.11.12-PM-1-768x512.jpeg 768w, https:\/\/alminutonoticia.com\/noticias\/wp-content\/uploads\/2026\/03\/WhatsApp-Image-2026-03-11-at-11.11.12-PM-1.jpeg 1280w\" sizes=\"(max-width: 1024px) 100vw, 1024px\" \/><\/a><\/figure>\n","protected":false},"excerpt":{"rendered":"<p>El presidente Jos\u00e9 Ra\u00fal Mulino particip\u00f3 en la ceremonia de cambio de mando del presidente electo de Chile, Jos\u00e9 Antonio Kast, logrando reforzar la colaboraci\u00f3n e integraci\u00f3n entre ambas naciones dada la importancia de este pa\u00eds sure\u00f1o como socio comercial estrat\u00e9gico.Mulino asisti\u00f3 en compa\u00f1\u00eda de la primera dama, Maricel Cohen de Mulino, y el ministro [&hellip;]<\/p>\n","protected":false},"author":2,"featured_media":18785,"comment_status":"open","ping_status":"open","sticky":false,"template":"","format":"standard","meta":{"footnotes":""},"categories":[36,39],"tags":[],"class_list":["post-18784","post","type-post","status-publish","format-standard","has-post-thumbnail","hentry","category-nacionales","category-internacionales"],"_links":{"self":[{"href":"https:\/\/alminutonoticia.com\/noticias\/wp-json\/wp\/v2\/posts\/18784","targetHints":{"allow":["GET"]}}],"collection":[{"href":"https:\/\/alminutonoticia.com\/noticias\/wp-json\/wp\/v2\/posts"}],"about":[{"href":"https:\/\/alminutonoticia.com\/noticias\/wp-json\/wp\/v2\/types\/post"}],"author":[{"embeddable":true,"href":"https:\/\/alminutonoticia.com\/noticias\/wp-json\/wp\/v2\/users\/2"}],"replies":[{"embeddable":true,"href":"https:\/\/alminutonoticia.com\/noticias\/wp-json\/wp\/v2\/comments?post=18784"}],"version-history":[{"count":1,"href":"https:\/\/alminutonoticia.com\/noticias\/wp-json\/wp\/v2\/posts\/18784\/revisions"}],"predecessor-version":[{"id":18786,"href":"https:\/\/alminutonoticia.com\/noticias\/wp-json\/wp\/v2\/posts\/18784\/revisions\/18786"}],"wp:featuredmedia":[{"embeddable":true,"href":"https:\/\/alminutonoticia.com\/noticias\/wp-json\/wp\/v2\/media\/18785"}],"wp:attachment":[{"href":"https:\/\/alminutonoticia.com\/noticias\/wp-json\/wp\/v2\/media?parent=18784"}],"wp:term":[{"taxonomy":"category","embeddable":true,"href":"https:\/\/alminutonoticia.com\/noticias\/wp-json\/wp\/v2\/categories?post=18784"},{"taxonomy":"post_tag","embeddable":true,"href":"https:\/\/alminutonoticia.com\/noticias\/wp-json\/wp\/v2\/tags?post=18784"}],"curies":[{"name":"wp","href":"https:\/\/api.w.org\/{rel}","templated":true}]}}