{"id":18781,"date":"2026-03-11T03:39:16","date_gmt":"2026-03-11T03:39:16","guid":{"rendered":"https:\/\/alminutonoticia.com\/noticias\/?p=18781"},"modified":"2026-03-11T03:39:18","modified_gmt":"2026-03-11T03:39:18","slug":"panamenos-calvino-ponen-en-alto-el-nombre-de-panama-en-el-ibjjf-madrid-open","status":"publish","type":"post","link":"https:\/\/alminutonoticia.com\/noticias\/panamenos-calvino-ponen-en-alto-el-nombre-de-panama-en-el-ibjjf-madrid-open\/","title":{"rendered":"Paname\u00f1os Calvi\u00f1o ponen en alto el nombre de Panam\u00e1 en el IBJJF Madrid Open"},"content":{"rendered":"\n<p>Panam\u00e1 volvi\u00f3 a hacerse sentir en el circuito europeo de Brazilian Jiu-Jitsu con una destacada participaci\u00f3n en el IBJJF Madrid Open, torneo organizado por la International Brazilian Jiu-Jitsu Federation, donde los atletas Jorge Calvi\u00f1o Mudarra (bronce) y Carlos Calvi\u00f1o Mudarra (oro) lograron subir al podio en sus respectivas categor\u00edas.<\/p>\n\n\n\n<p>En la divisi\u00f3n de cinturones negros, Jorge Calvi\u00f1o Mudarra volvi\u00f3 a destacar al ubicarse nuevamente entre los mejores de su categor\u00eda, sumando as\u00ed su segunda semana consecutiva en el podio, luego de haber conquistado recientemente la medalla de bronce en el IBJJF London Open. En Madrid protagoniz\u00f3 un combate en semifinales muy t\u00e9cnico y disputado frente al brasile\u00f1o Luis Pinheiro, en un enfrentamiento de alto nivel que reflej\u00f3 la intensidad y exigencia de la categor\u00eda de cinturones negros dentro del circuito internacional.<\/p>\n\n\n\n<p>Por su parte, Carlos Calvi\u00f1o Mudarra se alz\u00f3 con la medalla de oro en la categor\u00eda de cinturones p\u00farpura, confirmando su evoluci\u00f3n competitiva que lo proyecta como una de las promesas emergentes del jiu jitsu paname\u00f1o.<\/p>\n\n\n\n<figure class=\"wp-block-image size-large\"><a href=\"https:\/\/alminutonoticia.com\/noticias\/wp-content\/uploads\/2026\/03\/WhatsApp-Image-2026-03-08-at-4.09.02-PM-scaled.jpeg\"><img fetchpriority=\"high\" decoding=\"async\" width=\"1024\" height=\"768\" src=\"https:\/\/alminutonoticia.com\/noticias\/wp-content\/uploads\/2026\/03\/WhatsApp-Image-2026-03-08-at-4.09.02-PM-1024x768.jpeg\" alt=\"\" class=\"wp-image-18782\" title=\"\" srcset=\"https:\/\/alminutonoticia.com\/noticias\/wp-content\/uploads\/2026\/03\/WhatsApp-Image-2026-03-08-at-4.09.02-PM-1024x768.jpeg 1024w, https:\/\/alminutonoticia.com\/noticias\/wp-content\/uploads\/2026\/03\/WhatsApp-Image-2026-03-08-at-4.09.02-PM-300x225.jpeg 300w, https:\/\/alminutonoticia.com\/noticias\/wp-content\/uploads\/2026\/03\/WhatsApp-Image-2026-03-08-at-4.09.02-PM-768x576.jpeg 768w, https:\/\/alminutonoticia.com\/noticias\/wp-content\/uploads\/2026\/03\/WhatsApp-Image-2026-03-08-at-4.09.02-PM-1536x1152.jpeg 1536w, https:\/\/alminutonoticia.com\/noticias\/wp-content\/uploads\/2026\/03\/WhatsApp-Image-2026-03-08-at-4.09.02-PM-2048x1536.jpeg 2048w\" sizes=\"(max-width: 1024px) 100vw, 1024px\" \/><\/a><\/figure>\n\n\n\n<p>Ambos atletas hab\u00edan visto acci\u00f3n previamente el 15 de febrero en el AJP Grand Slam Rome, manteniendo desde entonces un exigente ritmo competitivo en Europa como parte de su preparaci\u00f3n para los pr\u00f3ximos compromisos internacionales del calendario.<\/p>\n\n\n\n<p>Con actuaciones consistentes y presencia constante en torneos de alto nivel, el jiu jitsu paname\u00f1o contin\u00faa consolidando su proyecci\u00f3n internacional, demostrando que el talento nacional sigue abri\u00e9ndose paso en algunos de los escenarios m\u00e1s competitivos del deporte a nivel mundial.<\/p>\n","protected":false},"excerpt":{"rendered":"<p>Panam\u00e1 volvi\u00f3 a hacerse sentir en el circuito europeo de Brazilian Jiu-Jitsu con una destacada participaci\u00f3n en el IBJJF Madrid Open, torneo organizado por la International Brazilian Jiu-Jitsu Federation, donde los atletas Jorge Calvi\u00f1o Mudarra (bronce) y Carlos Calvi\u00f1o Mudarra (oro) lograron subir al podio en sus respectivas categor\u00edas. En la divisi\u00f3n de cinturones negros, [&hellip;]<\/p>\n","protected":false},"author":3,"featured_media":18782,"comment_status":"open","ping_status":"open","sticky":false,"template":"","format":"standard","meta":{"footnotes":""},"categories":[36],"tags":[],"class_list":["post-18781","post","type-post","status-publish","format-standard","has-post-thumbnail","hentry","category-nacionales"],"_links":{"self":[{"href":"https:\/\/alminutonoticia.com\/noticias\/wp-json\/wp\/v2\/posts\/18781","targetHints":{"allow":["GET"]}}],"collection":[{"href":"https:\/\/alminutonoticia.com\/noticias\/wp-json\/wp\/v2\/posts"}],"about":[{"href":"https:\/\/alminutonoticia.com\/noticias\/wp-json\/wp\/v2\/types\/post"}],"author":[{"embeddable":true,"href":"https:\/\/alminutonoticia.com\/noticias\/wp-json\/wp\/v2\/users\/3"}],"replies":[{"embeddable":true,"href":"https:\/\/alminutonoticia.com\/noticias\/wp-json\/wp\/v2\/comments?post=18781"}],"version-history":[{"count":1,"href":"https:\/\/alminutonoticia.com\/noticias\/wp-json\/wp\/v2\/posts\/18781\/revisions"}],"predecessor-version":[{"id":18783,"href":"https:\/\/alminutonoticia.com\/noticias\/wp-json\/wp\/v2\/posts\/18781\/revisions\/18783"}],"wp:featuredmedia":[{"embeddable":true,"href":"https:\/\/alminutonoticia.com\/noticias\/wp-json\/wp\/v2\/media\/18782"}],"wp:attachment":[{"href":"https:\/\/alminutonoticia.com\/noticias\/wp-json\/wp\/v2\/media?parent=18781"}],"wp:term":[{"taxonomy":"category","embeddable":true,"href":"https:\/\/alminutonoticia.com\/noticias\/wp-json\/wp\/v2\/categories?post=18781"},{"taxonomy":"post_tag","embeddable":true,"href":"https:\/\/alminutonoticia.com\/noticias\/wp-json\/wp\/v2\/tags?post=18781"}],"curies":[{"name":"wp","href":"https:\/\/api.w.org\/{rel}","templated":true}]}}