{"id":18778,"date":"2026-03-11T03:37:01","date_gmt":"2026-03-11T03:37:01","guid":{"rendered":"https:\/\/alminutonoticia.com\/noticias\/?p=18778"},"modified":"2026-03-11T03:37:03","modified_gmt":"2026-03-11T03:37:03","slug":"miambiente-alerta-sobre-los-riesgos-de-la-tenencia-de-fauna-silvestre-tras-caso-de-mona-arana-con-tuberculosis","status":"publish","type":"post","link":"https:\/\/alminutonoticia.com\/noticias\/miambiente-alerta-sobre-los-riesgos-de-la-tenencia-de-fauna-silvestre-tras-caso-de-mona-arana-con-tuberculosis\/","title":{"rendered":"MiAMBIENTE alerta sobre los riesgos de la tenencia de fauna silvestre tras caso de mona ara\u00f1a con tuberculosis"},"content":{"rendered":"\n<p>En noviembre de 2025, la Cl\u00ednica Veterinaria de Fauna Silvestre del Ministerio de Ambiente (MiAMBIENTE) recibi\u00f3 una hembra de la especie mono ara\u00f1a negra (Ateles fusciceps), de aproximadamente cuatro a\u00f1os, producto de una tenencia ilegal, de conformidad con la Ley 24 de 7 de julio de 1995. A su ingreso, este ejemplar lleg\u00f3 con un cuadro de abundante secreci\u00f3n nasal, mucha tos, alopecia y pa\u00f1alitis por el uso de pa\u00f1ales desechables, adem\u00e1s de obesidad.<\/p>\n\n\n\n<p>Durante su permanencia en la cl\u00ednica veterinaria, el ejemplar recibi\u00f3 atenci\u00f3n m\u00e9dica especializada y se le aplicaron los tratamientos correspondientes con el objetivo de estabilizar su condici\u00f3n y procurar su recuperaci\u00f3n, manteni\u00e9ndose bajo observaci\u00f3n y manejo veterinario permanente.<\/p>\n\n\n\n<p>Como parte de las evaluaciones m\u00e9dicas, al ejemplar se le realiz\u00f3 una prueba de PCR para el diagn\u00f3stico diferencial de tuberculosis por Mycobacterium, una zoonosis altamente contagiosa que representa un riesgo de salud p\u00fablica. Los resultados indicaron la presencia de tuberculosis zoon\u00f3tica de origen humano.<\/p>\n\n\n\n<figure class=\"wp-block-image size-large\"><a href=\"https:\/\/alminutonoticia.com\/noticias\/wp-content\/uploads\/2026\/03\/WhatsApp-Image-2026-03-10-at-6.35.35-PM.jpeg\"><img fetchpriority=\"high\" decoding=\"async\" width=\"1024\" height=\"737\" src=\"https:\/\/alminutonoticia.com\/noticias\/wp-content\/uploads\/2026\/03\/WhatsApp-Image-2026-03-10-at-6.35.35-PM-1024x737.jpeg\" alt=\"\" class=\"wp-image-18779\" title=\"\" srcset=\"https:\/\/alminutonoticia.com\/noticias\/wp-content\/uploads\/2026\/03\/WhatsApp-Image-2026-03-10-at-6.35.35-PM-1024x737.jpeg 1024w, https:\/\/alminutonoticia.com\/noticias\/wp-content\/uploads\/2026\/03\/WhatsApp-Image-2026-03-10-at-6.35.35-PM-300x216.jpeg 300w, https:\/\/alminutonoticia.com\/noticias\/wp-content\/uploads\/2026\/03\/WhatsApp-Image-2026-03-10-at-6.35.35-PM-768x553.jpeg 768w, https:\/\/alminutonoticia.com\/noticias\/wp-content\/uploads\/2026\/03\/WhatsApp-Image-2026-03-10-at-6.35.35-PM.jpeg 1042w\" sizes=\"(max-width: 1024px) 100vw, 1024px\" \/><\/a><\/figure>\n\n\n\n<p>Este tipo de enfermedad puede transmitirse entre humanos y animales en ambas v\u00edas; sin embargo, en este caso espec\u00edfico, el an\u00e1lisis determin\u00f3 que el contagio habr\u00eda ocurrido de humano a animal, lo que indica que el primate estuvo en contacto con una persona infectada.<\/p>\n\n\n\n<p>Sin embargo, debido a las complicaciones asociadas a la enfermedad y al deterioro progresivo de su estado de salud, la mona no logr\u00f3 sobrevivir.<\/p>\n\n\n\n<p>Una vez confirmado el diagn\u00f3stico, se activaron los protocolos interinstitucionales en el marco de una sola salud, raz\u00f3n por la cual exhortamos a que se reciba a las autoridades de salud, quienes realizar\u00e1n los muestreos correspondientes de las personas que tuvieron contacto con el primate.<\/p>\n\n\n\n<p>Este resultado evidencia los riesgos de la tenencia ilegal de fauna silvestre (mascotismo), ya que la falta de controles sanitarios y de condiciones adecuadas facilita la transmisi\u00f3n de enfermedades entre humanos y animales (zoonosis).<\/p>\n\n\n\n<p>El Ministerio de Ambiente recuerda que la tenencia de fauna silvestre como mascota est\u00e1 prohibida por la Ley de Vida Silvestre de la Rep\u00fablica de Panam\u00e1. Esta pr\u00e1ctica representa riesgos para la salud de quienes poseen animales silvestres, para la salud p\u00fablica y para la conservaci\u00f3n de las especies. MiAMBIENTE insta a la ciudadan\u00eda a reportar casos de tenencia ilegal a trav\u00e9s de la l\u00ednea 311 o mediante las redes sociales oficiales @miambientepma.<\/p>\n","protected":false},"excerpt":{"rendered":"<p>En noviembre de 2025, la Cl\u00ednica Veterinaria de Fauna Silvestre del Ministerio de Ambiente (MiAMBIENTE) recibi\u00f3 una hembra de la especie mono ara\u00f1a negra (Ateles fusciceps), de aproximadamente cuatro a\u00f1os, producto de una tenencia ilegal, de conformidad con la Ley 24 de 7 de julio de 1995. A su ingreso, este ejemplar lleg\u00f3 con un [&hellip;]<\/p>\n","protected":false},"author":3,"featured_media":18779,"comment_status":"open","ping_status":"open","sticky":false,"template":"","format":"standard","meta":{"footnotes":""},"categories":[36,42],"tags":[],"class_list":["post-18778","post","type-post","status-publish","format-standard","has-post-thumbnail","hentry","category-nacionales","category-ambiente"],"_links":{"self":[{"href":"https:\/\/alminutonoticia.com\/noticias\/wp-json\/wp\/v2\/posts\/18778","targetHints":{"allow":["GET"]}}],"collection":[{"href":"https:\/\/alminutonoticia.com\/noticias\/wp-json\/wp\/v2\/posts"}],"about":[{"href":"https:\/\/alminutonoticia.com\/noticias\/wp-json\/wp\/v2\/types\/post"}],"author":[{"embeddable":true,"href":"https:\/\/alminutonoticia.com\/noticias\/wp-json\/wp\/v2\/users\/3"}],"replies":[{"embeddable":true,"href":"https:\/\/alminutonoticia.com\/noticias\/wp-json\/wp\/v2\/comments?post=18778"}],"version-history":[{"count":1,"href":"https:\/\/alminutonoticia.com\/noticias\/wp-json\/wp\/v2\/posts\/18778\/revisions"}],"predecessor-version":[{"id":18780,"href":"https:\/\/alminutonoticia.com\/noticias\/wp-json\/wp\/v2\/posts\/18778\/revisions\/18780"}],"wp:featuredmedia":[{"embeddable":true,"href":"https:\/\/alminutonoticia.com\/noticias\/wp-json\/wp\/v2\/media\/18779"}],"wp:attachment":[{"href":"https:\/\/alminutonoticia.com\/noticias\/wp-json\/wp\/v2\/media?parent=18778"}],"wp:term":[{"taxonomy":"category","embeddable":true,"href":"https:\/\/alminutonoticia.com\/noticias\/wp-json\/wp\/v2\/categories?post=18778"},{"taxonomy":"post_tag","embeddable":true,"href":"https:\/\/alminutonoticia.com\/noticias\/wp-json\/wp\/v2\/tags?post=18778"}],"curies":[{"name":"wp","href":"https:\/\/api.w.org\/{rel}","templated":true}]}}