{"id":18773,"date":"2026-03-11T03:34:25","date_gmt":"2026-03-11T03:34:25","guid":{"rendered":"https:\/\/alminutonoticia.com\/noticias\/?p=18773"},"modified":"2026-03-11T03:35:33","modified_gmt":"2026-03-11T03:35:33","slug":"el-cafe-se-consagra-como-motor-de-la-economia-creativa-en-el-pabellon-de-micultura-en-expocomer-2026","status":"publish","type":"post","link":"https:\/\/alminutonoticia.com\/noticias\/el-cafe-se-consagra-como-motor-de-la-economia-creativa-en-el-pabellon-de-micultura-en-expocomer-2026\/","title":{"rendered":"El caf\u00e9 se consagra como motor de la Econom\u00eda Creativa en el Pabell\u00f3n de MiCultura en Expocomer 2026"},"content":{"rendered":"\n<p>Con una propuesta que fusiona la tradici\u00f3n agr\u00edcola con la innovaci\u00f3n art\u00edstica, el Ministerio de Cultura (MiCultura) inaugur\u00f3 oficialmente su pabell\u00f3n en la vitrina comercial m\u00e1s importante de la regi\u00f3n: Expocomer 2026. En esta edici\u00f3n, se rinde tributo al caf\u00e9 paname\u00f1o, posicion\u00e1ndolo no solo como un producto de exportaci\u00f3n, sino como un eje transversal de la econom\u00eda creativa nacional.<\/p>\n\n\n\n<p>\u200bLa ceremonia de corte de cinta cont\u00f3 con la participaci\u00f3n de la ministra de Cultura, Mar\u00eda Eugenia Herrera, y el contralor general de la Rep\u00fablica, Anel Flores De La Lastra, quienes recorrieron el espacio que este a\u00f1o alberga a 14 expositores destacados por su capacidad de transformar el grano de oro en productos de alto valor agregado.<\/p>\n\n\n\n<figure class=\"wp-block-image size-large\"><a href=\"https:\/\/alminutonoticia.com\/noticias\/wp-content\/uploads\/2026\/03\/WhatsApp-Image-2026-03-10-at-2.09.52-PM.jpeg\"><img fetchpriority=\"high\" decoding=\"async\" width=\"1024\" height=\"682\" src=\"https:\/\/alminutonoticia.com\/noticias\/wp-content\/uploads\/2026\/03\/WhatsApp-Image-2026-03-10-at-2.09.52-PM-1024x682.jpeg\" alt=\"\" class=\"wp-image-18776\" title=\"\" srcset=\"https:\/\/alminutonoticia.com\/noticias\/wp-content\/uploads\/2026\/03\/WhatsApp-Image-2026-03-10-at-2.09.52-PM-1024x682.jpeg 1024w, https:\/\/alminutonoticia.com\/noticias\/wp-content\/uploads\/2026\/03\/WhatsApp-Image-2026-03-10-at-2.09.52-PM-300x200.jpeg 300w, https:\/\/alminutonoticia.com\/noticias\/wp-content\/uploads\/2026\/03\/WhatsApp-Image-2026-03-10-at-2.09.52-PM-768x512.jpeg 768w, https:\/\/alminutonoticia.com\/noticias\/wp-content\/uploads\/2026\/03\/WhatsApp-Image-2026-03-10-at-2.09.52-PM-1536x1023.jpeg 1536w, https:\/\/alminutonoticia.com\/noticias\/wp-content\/uploads\/2026\/03\/WhatsApp-Image-2026-03-10-at-2.09.52-PM.jpeg 1600w\" sizes=\"(max-width: 1024px) 100vw, 1024px\" \/><\/a><\/figure>\n\n\n\n<p>La muestra destaca por la versatilidad de los emprendimientos, que fueron elegidos por sus propuestas, trayectoria y valor alineado a la tem\u00e1tica de este a\u00f1o. Los 14 expositores han logrado llevar el caf\u00e9 m\u00e1s all\u00e1 de la taza, integr\u00e1ndolo en diversas industrias: moda y textiles, gastronom\u00eda y confitera y la cl\u00e1sica taza de caf\u00e9 paname\u00f1o. As\u00ed, los visitantes podr\u00e1n disfrutar del caf\u00e9 impreso en una obra de arte de Jean Decort como una taza de caf\u00e9 de la cafeter\u00eda Sisu y escoger entre un Caf\u00e9 Geisha o un Catuay natural, pasando por picantes, jabones artesanales, cremas, velas y m\u00e1s.<\/p>\n\n\n\n<div class=\"wp-block-columns is-layout-flex wp-container-core-columns-is-layout-28f84493 wp-block-columns-is-layout-flex\">\n<div class=\"wp-block-column is-layout-flow wp-block-column-is-layout-flow\">\n<figure class=\"wp-block-image size-large\"><a href=\"https:\/\/alminutonoticia.com\/noticias\/wp-content\/uploads\/2026\/03\/WhatsApp-Image-2026-03-10-at-2.09.53-PM.jpeg\"><img decoding=\"async\" width=\"1024\" height=\"682\" src=\"https:\/\/alminutonoticia.com\/noticias\/wp-content\/uploads\/2026\/03\/WhatsApp-Image-2026-03-10-at-2.09.53-PM-1024x682.jpeg\" alt=\"\" class=\"wp-image-18774\" title=\"\" srcset=\"https:\/\/alminutonoticia.com\/noticias\/wp-content\/uploads\/2026\/03\/WhatsApp-Image-2026-03-10-at-2.09.53-PM-1024x682.jpeg 1024w, https:\/\/alminutonoticia.com\/noticias\/wp-content\/uploads\/2026\/03\/WhatsApp-Image-2026-03-10-at-2.09.53-PM-300x200.jpeg 300w, https:\/\/alminutonoticia.com\/noticias\/wp-content\/uploads\/2026\/03\/WhatsApp-Image-2026-03-10-at-2.09.53-PM-768x512.jpeg 768w, https:\/\/alminutonoticia.com\/noticias\/wp-content\/uploads\/2026\/03\/WhatsApp-Image-2026-03-10-at-2.09.53-PM-1536x1023.jpeg 1536w, https:\/\/alminutonoticia.com\/noticias\/wp-content\/uploads\/2026\/03\/WhatsApp-Image-2026-03-10-at-2.09.53-PM.jpeg 1600w\" sizes=\"(max-width: 1024px) 100vw, 1024px\" \/><\/a><\/figure>\n<\/div>\n\n\n\n<div class=\"wp-block-column is-layout-flow wp-block-column-is-layout-flow\">\n<figure class=\"wp-block-image size-large\"><a href=\"https:\/\/alminutonoticia.com\/noticias\/wp-content\/uploads\/2026\/03\/WhatsApp-Image-2026-03-10-at-2.09.54-PM.jpeg\"><img decoding=\"async\" width=\"1024\" height=\"683\" src=\"https:\/\/alminutonoticia.com\/noticias\/wp-content\/uploads\/2026\/03\/WhatsApp-Image-2026-03-10-at-2.09.54-PM-1024x683.jpeg\" alt=\"\" class=\"wp-image-18775\" title=\"\" srcset=\"https:\/\/alminutonoticia.com\/noticias\/wp-content\/uploads\/2026\/03\/WhatsApp-Image-2026-03-10-at-2.09.54-PM-1024x683.jpeg 1024w, https:\/\/alminutonoticia.com\/noticias\/wp-content\/uploads\/2026\/03\/WhatsApp-Image-2026-03-10-at-2.09.54-PM-300x200.jpeg 300w, https:\/\/alminutonoticia.com\/noticias\/wp-content\/uploads\/2026\/03\/WhatsApp-Image-2026-03-10-at-2.09.54-PM-768x512.jpeg 768w, https:\/\/alminutonoticia.com\/noticias\/wp-content\/uploads\/2026\/03\/WhatsApp-Image-2026-03-10-at-2.09.54-PM.jpeg 1280w\" sizes=\"(max-width: 1024px) 100vw, 1024px\" \/><\/a><\/figure>\n<\/div>\n<\/div>\n\n\n\n<p>\u200b\u200bEl espacio estar\u00e1 abierto al p\u00fablico y a misiones comerciales internacionales ldurante los d\u00edas de feria, ofreciendo degustaciones, exhibiciones de productos y ruedas de negocios dise\u00f1adas para conectar el talento local con mercados globales desde los stand de Kotowa Caf\u00e9, Finca Panda, Boca&#8217;o, Cacao Blessings, Sisu, La Picon, Kiosco Creativo, SpotCaf\u00e9, Jean Decort, Gran Del Val, L\u00e9rida, Pape Ink, C&amp;C Velas y Grupo Maito.<\/p>\n","protected":false},"excerpt":{"rendered":"<p>Con una propuesta que fusiona la tradici\u00f3n agr\u00edcola con la innovaci\u00f3n art\u00edstica, el Ministerio de Cultura (MiCultura) inaugur\u00f3 oficialmente su pabell\u00f3n en la vitrina comercial m\u00e1s importante de la regi\u00f3n: Expocomer 2026. En esta edici\u00f3n, se rinde tributo al caf\u00e9 paname\u00f1o, posicion\u00e1ndolo no solo como un producto de exportaci\u00f3n, sino como un eje transversal de [&hellip;]<\/p>\n","protected":false},"author":3,"featured_media":18776,"comment_status":"open","ping_status":"open","sticky":false,"template":"","format":"standard","meta":{"footnotes":""},"categories":[36],"tags":[],"class_list":["post-18773","post","type-post","status-publish","format-standard","has-post-thumbnail","hentry","category-nacionales"],"_links":{"self":[{"href":"https:\/\/alminutonoticia.com\/noticias\/wp-json\/wp\/v2\/posts\/18773","targetHints":{"allow":["GET"]}}],"collection":[{"href":"https:\/\/alminutonoticia.com\/noticias\/wp-json\/wp\/v2\/posts"}],"about":[{"href":"https:\/\/alminutonoticia.com\/noticias\/wp-json\/wp\/v2\/types\/post"}],"author":[{"embeddable":true,"href":"https:\/\/alminutonoticia.com\/noticias\/wp-json\/wp\/v2\/users\/3"}],"replies":[{"embeddable":true,"href":"https:\/\/alminutonoticia.com\/noticias\/wp-json\/wp\/v2\/comments?post=18773"}],"version-history":[{"count":1,"href":"https:\/\/alminutonoticia.com\/noticias\/wp-json\/wp\/v2\/posts\/18773\/revisions"}],"predecessor-version":[{"id":18777,"href":"https:\/\/alminutonoticia.com\/noticias\/wp-json\/wp\/v2\/posts\/18773\/revisions\/18777"}],"wp:featuredmedia":[{"embeddable":true,"href":"https:\/\/alminutonoticia.com\/noticias\/wp-json\/wp\/v2\/media\/18776"}],"wp:attachment":[{"href":"https:\/\/alminutonoticia.com\/noticias\/wp-json\/wp\/v2\/media?parent=18773"}],"wp:term":[{"taxonomy":"category","embeddable":true,"href":"https:\/\/alminutonoticia.com\/noticias\/wp-json\/wp\/v2\/categories?post=18773"},{"taxonomy":"post_tag","embeddable":true,"href":"https:\/\/alminutonoticia.com\/noticias\/wp-json\/wp\/v2\/tags?post=18773"}],"curies":[{"name":"wp","href":"https:\/\/api.w.org\/{rel}","templated":true}]}}