{"id":18766,"date":"2026-03-11T03:30:00","date_gmt":"2026-03-11T03:30:00","guid":{"rendered":"https:\/\/alminutonoticia.com\/noticias\/?p=18766"},"modified":"2026-03-11T03:31:47","modified_gmt":"2026-03-11T03:31:47","slug":"ministro-orillac-inaugura-version-42-de-expocomer-con-participacion-record-de-600-empresas-del-mundo","status":"publish","type":"post","link":"https:\/\/alminutonoticia.com\/noticias\/ministro-orillac-inaugura-version-42-de-expocomer-con-participacion-record-de-600-empresas-del-mundo\/","title":{"rendered":"Ministro Orillac inaugura versi\u00f3n 42 de Expocomer con participaci\u00f3n r\u00e9cord de 600 empresas del mundo"},"content":{"rendered":"\n<p>El ministro de la Presidencia, Juan Carlos Orillac, en representaci\u00f3n del presidente de la Rep\u00fablica, Jos\u00e9 Ra\u00fal Mulino, inaugur\u00f3 este martes la versi\u00f3n 42 de Expocomer y el bloque de ferias de la C\u00e1mara de Comercio, Industrias y Agricultura de Panam\u00e1 (CCIAP). Este evento, que se extiende durante tres d\u00edas, congrega bajo un solo techo a 600 empresas, expositores de 30 pa\u00edses y 15 misiones comerciales internacionales.<br>La actividad cont\u00f3 con la presencia de ministros y viceministros de Estado, quienes junto al ministro Orillac recorrieron los pabellones de las cinco ferias simult\u00e1neas instaladas en el Panama Convention Center: Expocomer, Expo Log\u00edstica Panam\u00e1, Expo Turismo Internacional, Expo El\u00e9ctrica Internacional Panam\u00e1 y Expo Tech.<\/p>\n\n\n\n<div class=\"wp-block-columns is-layout-flex wp-container-core-columns-is-layout-28f84493 wp-block-columns-is-layout-flex\">\n<div class=\"wp-block-column is-layout-flow wp-block-column-is-layout-flow\">\n<figure class=\"wp-block-image size-large\"><a href=\"https:\/\/alminutonoticia.com\/noticias\/wp-content\/uploads\/2026\/03\/WhatsApp-Image-2026-03-10-at-2.37.22-PM.jpeg\"><img fetchpriority=\"high\" decoding=\"async\" width=\"1024\" height=\"683\" src=\"https:\/\/alminutonoticia.com\/noticias\/wp-content\/uploads\/2026\/03\/WhatsApp-Image-2026-03-10-at-2.37.22-PM-1024x683.jpeg\" alt=\"\" class=\"wp-image-18767\" title=\"\" srcset=\"https:\/\/alminutonoticia.com\/noticias\/wp-content\/uploads\/2026\/03\/WhatsApp-Image-2026-03-10-at-2.37.22-PM-1024x683.jpeg 1024w, https:\/\/alminutonoticia.com\/noticias\/wp-content\/uploads\/2026\/03\/WhatsApp-Image-2026-03-10-at-2.37.22-PM-300x200.jpeg 300w, https:\/\/alminutonoticia.com\/noticias\/wp-content\/uploads\/2026\/03\/WhatsApp-Image-2026-03-10-at-2.37.22-PM-768x512.jpeg 768w, https:\/\/alminutonoticia.com\/noticias\/wp-content\/uploads\/2026\/03\/WhatsApp-Image-2026-03-10-at-2.37.22-PM.jpeg 1280w\" sizes=\"(max-width: 1024px) 100vw, 1024px\" \/><\/a><\/figure>\n<\/div>\n\n\n\n<div class=\"wp-block-column is-layout-flow wp-block-column-is-layout-flow\">\n<figure class=\"wp-block-image size-large\"><a href=\"https:\/\/alminutonoticia.com\/noticias\/wp-content\/uploads\/2026\/03\/WhatsApp-Image-2026-03-10-at-2.37.21-PM.jpeg\"><img decoding=\"async\" width=\"1024\" height=\"683\" src=\"https:\/\/alminutonoticia.com\/noticias\/wp-content\/uploads\/2026\/03\/WhatsApp-Image-2026-03-10-at-2.37.21-PM-1024x683.jpeg\" alt=\"\" class=\"wp-image-18768\" title=\"\" srcset=\"https:\/\/alminutonoticia.com\/noticias\/wp-content\/uploads\/2026\/03\/WhatsApp-Image-2026-03-10-at-2.37.21-PM-1024x683.jpeg 1024w, https:\/\/alminutonoticia.com\/noticias\/wp-content\/uploads\/2026\/03\/WhatsApp-Image-2026-03-10-at-2.37.21-PM-300x200.jpeg 300w, https:\/\/alminutonoticia.com\/noticias\/wp-content\/uploads\/2026\/03\/WhatsApp-Image-2026-03-10-at-2.37.21-PM-768x512.jpeg 768w, https:\/\/alminutonoticia.com\/noticias\/wp-content\/uploads\/2026\/03\/WhatsApp-Image-2026-03-10-at-2.37.21-PM.jpeg 1280w\" sizes=\"(max-width: 1024px) 100vw, 1024px\" \/><\/a><\/figure>\n<\/div>\n<\/div>\n\n\n\n<p><br>Durante el acto inaugural, se proyect\u00f3 un mensaje del presidente Mulino, quien se encuentra en Chile para asistir a la toma de posesi\u00f3n del nuevo mandatario del hermano pa\u00eds sudamericano. En su intervenci\u00f3n, el mandatario destac\u00f3 las ventajas competitivas del pa\u00eds ante los expositores internacionales:<br>\u201cEncontrar\u00e1n un pa\u00eds con un sistema bancario s\u00f3lido, una econom\u00eda que crece m\u00e1s del 4% anual y un Estado comprometido con un proceso de orden y simplificaci\u00f3n que favorece, a\u00fan m\u00e1s, la inversi\u00f3n extranjera\u201d.<br>En su mensaje, el presidente Mulino a\u00f1adi\u00f3 que \u201csabemos que el verdadero motor del desarrollo es la generaci\u00f3n de riqueza que nace de la inversi\u00f3n. Esa inversi\u00f3n crea oportunidades, y esas oportunidades fortalecen el poder de consumo de nuestra gente. Esa es la rueda de la econom\u00eda, que debe girar libremente, sin que los gobiernos le pongan palos al progreso\u201d.<\/p>\n\n\n\n<div class=\"wp-block-columns is-layout-flex wp-container-core-columns-is-layout-28f84493 wp-block-columns-is-layout-flex\">\n<div class=\"wp-block-column is-layout-flow wp-block-column-is-layout-flow\">\n<figure class=\"wp-block-image size-large\"><a href=\"https:\/\/alminutonoticia.com\/noticias\/wp-content\/uploads\/2026\/03\/WhatsApp-Image-2026-03-10-at-2.37.19-PM.jpeg\"><img decoding=\"async\" width=\"1024\" height=\"683\" src=\"https:\/\/alminutonoticia.com\/noticias\/wp-content\/uploads\/2026\/03\/WhatsApp-Image-2026-03-10-at-2.37.19-PM-1024x683.jpeg\" alt=\"\" class=\"wp-image-18769\" title=\"\" srcset=\"https:\/\/alminutonoticia.com\/noticias\/wp-content\/uploads\/2026\/03\/WhatsApp-Image-2026-03-10-at-2.37.19-PM-1024x683.jpeg 1024w, https:\/\/alminutonoticia.com\/noticias\/wp-content\/uploads\/2026\/03\/WhatsApp-Image-2026-03-10-at-2.37.19-PM-300x200.jpeg 300w, https:\/\/alminutonoticia.com\/noticias\/wp-content\/uploads\/2026\/03\/WhatsApp-Image-2026-03-10-at-2.37.19-PM-768x512.jpeg 768w, https:\/\/alminutonoticia.com\/noticias\/wp-content\/uploads\/2026\/03\/WhatsApp-Image-2026-03-10-at-2.37.19-PM.jpeg 1280w\" sizes=\"(max-width: 1024px) 100vw, 1024px\" \/><\/a><\/figure>\n<\/div>\n<\/div>\n\n\n\n<p><br>\u201cLas 600 empresas participantes, y los miles de empresarios que hoy nos visitan podr\u00e1n, ver de primera mano, lo que es Panam\u00e1: un pa\u00eds que sorprende y que est\u00e1 abierto al comercio mundial. Aqu\u00ed los esperamos, los invitamos y estamos listos para acompa\u00f1arlos a que sus patrimonios crezcan y sus negocios se multipliquen en el complejo mar\u00edtimo y log\u00edstico m\u00e1s eficiente del continente\u201d, sostuvo el presidente.<br>Adem\u00e1s, felicit\u00f3 al presidente de la CCIAP, Juan Arias Strunz; a la Comisi\u00f3n Organizadora de Exposiciones de la C\u00e1mara y a la directiva del gremio por su compromiso permanente con el desarrollo del pa\u00eds.<br>Por su parte, el ministro Orillac expres\u00f3 que la realizaci\u00f3n conjunta de estas ferias \u201cdemuestra la visi\u00f3n de fortalecer sectores clave que impulsan el desarrollo econ\u00f3mico, fomentan la inversi\u00f3n y generan nuevas oportunidades para nuestras empresas\u201d.<\/p>\n\n\n\n<div class=\"wp-block-columns is-layout-flex wp-container-core-columns-is-layout-28f84493 wp-block-columns-is-layout-flex\">\n<div class=\"wp-block-column is-layout-flow wp-block-column-is-layout-flow\">\n<figure class=\"wp-block-image size-large\"><a href=\"https:\/\/alminutonoticia.com\/noticias\/wp-content\/uploads\/2026\/03\/WhatsApp-Image-2026-03-10-at-2.37.20-PM.jpeg\"><img loading=\"lazy\" decoding=\"async\" width=\"1024\" height=\"683\" src=\"https:\/\/alminutonoticia.com\/noticias\/wp-content\/uploads\/2026\/03\/WhatsApp-Image-2026-03-10-at-2.37.20-PM-1024x683.jpeg\" alt=\"\" class=\"wp-image-18770\" title=\"\" srcset=\"https:\/\/alminutonoticia.com\/noticias\/wp-content\/uploads\/2026\/03\/WhatsApp-Image-2026-03-10-at-2.37.20-PM-1024x683.jpeg 1024w, https:\/\/alminutonoticia.com\/noticias\/wp-content\/uploads\/2026\/03\/WhatsApp-Image-2026-03-10-at-2.37.20-PM-300x200.jpeg 300w, https:\/\/alminutonoticia.com\/noticias\/wp-content\/uploads\/2026\/03\/WhatsApp-Image-2026-03-10-at-2.37.20-PM-768x512.jpeg 768w, https:\/\/alminutonoticia.com\/noticias\/wp-content\/uploads\/2026\/03\/WhatsApp-Image-2026-03-10-at-2.37.20-PM.jpeg 1280w\" sizes=\"(max-width: 1024px) 100vw, 1024px\" \/><\/a><\/figure>\n<\/div>\n\n\n\n<div class=\"wp-block-column is-layout-flow wp-block-column-is-layout-flow\">\n<figure class=\"wp-block-image size-large\"><a href=\"https:\/\/alminutonoticia.com\/noticias\/wp-content\/uploads\/2026\/03\/WhatsApp-Image-2026-03-10-at-2.37.19-PM-1.jpeg\"><img loading=\"lazy\" decoding=\"async\" width=\"1024\" height=\"683\" src=\"https:\/\/alminutonoticia.com\/noticias\/wp-content\/uploads\/2026\/03\/WhatsApp-Image-2026-03-10-at-2.37.19-PM-1-1024x683.jpeg\" alt=\"\" class=\"wp-image-18771\" title=\"\" srcset=\"https:\/\/alminutonoticia.com\/noticias\/wp-content\/uploads\/2026\/03\/WhatsApp-Image-2026-03-10-at-2.37.19-PM-1-1024x683.jpeg 1024w, https:\/\/alminutonoticia.com\/noticias\/wp-content\/uploads\/2026\/03\/WhatsApp-Image-2026-03-10-at-2.37.19-PM-1-300x200.jpeg 300w, https:\/\/alminutonoticia.com\/noticias\/wp-content\/uploads\/2026\/03\/WhatsApp-Image-2026-03-10-at-2.37.19-PM-1-768x512.jpeg 768w, https:\/\/alminutonoticia.com\/noticias\/wp-content\/uploads\/2026\/03\/WhatsApp-Image-2026-03-10-at-2.37.19-PM-1.jpeg 1280w\" sizes=\"(max-width: 1024px) 100vw, 1024px\" \/><\/a><\/figure>\n<\/div>\n<\/div>\n\n\n\n<p><br>\u201cQue estos d\u00edas sean una oportunidad para crear alianzas estrat\u00e9gicas, compartir conocimientos y abrir nuevas puertas para el crecimiento de nuestras econom\u00edas\u201d, declar\u00f3.<br>Las cinco exposiciones de la CCIAP representan m\u00e1s de B\/.200 millones en transacciones comerciales, adem\u00e1s de una derrama econ\u00f3mica de B\/.45 millones para el pa\u00eds, y una ocupaci\u00f3n hotelera superior a las 10 mil habitaciones.<\/p>\n","protected":false},"excerpt":{"rendered":"<p>El ministro de la Presidencia, Juan Carlos Orillac, en representaci\u00f3n del presidente de la Rep\u00fablica, Jos\u00e9 Ra\u00fal Mulino, inaugur\u00f3 este martes la versi\u00f3n 42 de Expocomer y el bloque de ferias de la C\u00e1mara de Comercio, Industrias y Agricultura de Panam\u00e1 (CCIAP). Este evento, que se extiende durante tres d\u00edas, congrega bajo un solo techo [&hellip;]<\/p>\n","protected":false},"author":3,"featured_media":18769,"comment_status":"open","ping_status":"open","sticky":false,"template":"","format":"standard","meta":{"footnotes":""},"categories":[36],"tags":[],"class_list":["post-18766","post","type-post","status-publish","format-standard","has-post-thumbnail","hentry","category-nacionales"],"_links":{"self":[{"href":"https:\/\/alminutonoticia.com\/noticias\/wp-json\/wp\/v2\/posts\/18766","targetHints":{"allow":["GET"]}}],"collection":[{"href":"https:\/\/alminutonoticia.com\/noticias\/wp-json\/wp\/v2\/posts"}],"about":[{"href":"https:\/\/alminutonoticia.com\/noticias\/wp-json\/wp\/v2\/types\/post"}],"author":[{"embeddable":true,"href":"https:\/\/alminutonoticia.com\/noticias\/wp-json\/wp\/v2\/users\/3"}],"replies":[{"embeddable":true,"href":"https:\/\/alminutonoticia.com\/noticias\/wp-json\/wp\/v2\/comments?post=18766"}],"version-history":[{"count":1,"href":"https:\/\/alminutonoticia.com\/noticias\/wp-json\/wp\/v2\/posts\/18766\/revisions"}],"predecessor-version":[{"id":18772,"href":"https:\/\/alminutonoticia.com\/noticias\/wp-json\/wp\/v2\/posts\/18766\/revisions\/18772"}],"wp:featuredmedia":[{"embeddable":true,"href":"https:\/\/alminutonoticia.com\/noticias\/wp-json\/wp\/v2\/media\/18769"}],"wp:attachment":[{"href":"https:\/\/alminutonoticia.com\/noticias\/wp-json\/wp\/v2\/media?parent=18766"}],"wp:term":[{"taxonomy":"category","embeddable":true,"href":"https:\/\/alminutonoticia.com\/noticias\/wp-json\/wp\/v2\/categories?post=18766"},{"taxonomy":"post_tag","embeddable":true,"href":"https:\/\/alminutonoticia.com\/noticias\/wp-json\/wp\/v2\/tags?post=18766"}],"curies":[{"name":"wp","href":"https:\/\/api.w.org\/{rel}","templated":true}]}}