{"id":18756,"date":"2026-03-09T20:56:08","date_gmt":"2026-03-09T20:56:08","guid":{"rendered":"https:\/\/alminutonoticia.com\/noticias\/?p=18756"},"modified":"2026-03-09T20:56:09","modified_gmt":"2026-03-09T20:56:09","slug":"homenaje-a-roberto-delgado-ilumino-la-noche-de-maestra-vida","status":"publish","type":"post","link":"https:\/\/alminutonoticia.com\/noticias\/homenaje-a-roberto-delgado-ilumino-la-noche-de-maestra-vida\/","title":{"rendered":"Homenaje a Roberto Delgado ilumin\u00f3 la noche de \u201cMaestra Vida\u201d"},"content":{"rendered":"\n<p>La Fundaci\u00f3n LUCES Panam\u00e1, dedicada a la lucha contra la epilepsia, rindi\u00f3 un especial homenaje al reconocido m\u00fasico y director paname\u00f1o Roberto Delgado durante la presentaci\u00f3n del espect\u00e1culo Maestra Vida, realizada en el Teatro \u00c1urea \u201cBaby\u201d Torrijos de la Ciudad de las Artes.<\/p>\n\n\n\n<p>La velada, que form\u00f3 parte de una funci\u00f3n especial titulada \u201cLa Noche de la Orquesta\u201d, cont\u00f3 con la participaci\u00f3n en vivo de Roberto Delgado &amp; Orquesta, agrupaci\u00f3n ganadora de 12 premios Grammy y responsable de interpretar la m\u00fasica del espect\u00e1culo desde el escenario, en una experiencia \u00fanica para el p\u00fablico.<\/p>\n\n\n\n<p>El evento tuvo el espaldo del Ministerio de Cultura de Panam\u00e1, que se sum\u00f3 al reconocimiento destacando la trayectoria de Delgado como una de las figuras m\u00e1s influyentes de la m\u00fasica paname\u00f1a y un embajador de la salsa a nivel internacional.<\/p>\n\n\n\n<p>Durante la actividad, autoridades culturales resaltaron que la obra Maestra Vida, inspirada en la m\u00fasica del cantautor paname\u00f1o Rub\u00e9n Blades, se ha convertido en una referencia fundamental del arte musical latinoamericano por su manera de narrar la vida cotidiana de nuestros pueblos, sus luchas, sue\u00f1os y esperanzas.<\/p>\n\n\n\n<p>Asimismo, se destac\u00f3 que el talento, la disciplina y la visi\u00f3n art\u00edstica de Roberto Delgado han contribuido a proyectar la salsa paname\u00f1a en escenarios internacionales, consolidando un legado art\u00edstico que enorgullece al pa\u00eds.<\/p>\n\n\n\n<p>La presentaci\u00f3n se desarroll\u00f3 como parte de la agenda cultural \u00abVibra Panam\u00e1 Verano 2026\u00bb, iniciativa orientada a acercar el arte y la cultura a la ciudadan\u00eda, celebrar la diversidad cultural y fortalecer la identidad paname\u00f1a a trav\u00e9s de la m\u00fasica y las artes.<\/p>\n\n\n\n<p>Adem\u00e1s de su valor art\u00edstico, la funci\u00f3n tuvo un car\u00e1cter solidario, ya que fue realizada a beneficio de la Fundaci\u00f3n LUCES Panam\u00e1, organizaci\u00f3n que impulsa programas de apoyo y concienciaci\u00f3n sobre la epilepsia en el pa\u00eds.<\/p>\n\n\n\n<p>La noche concluy\u00f3 con una sorpresa inesperada: la presentaci\u00f3n del cantante Ruben Blades que convirti\u00f3 el reconocimiento a Roberto Delgado en una verdadera fiesta, demostrando que m\u00e1s que una orquesta y su director, son una hermandad que ha llevado la excelencia musical de Panam\u00e1 al mundo entero.<\/p>\n\n\n\n<figure class=\"wp-block-image size-large\"><a href=\"https:\/\/alminutonoticia.com\/noticias\/wp-content\/uploads\/2026\/03\/WhatsApp-Image-2026-03-08-at-11.13.14-AM-1.jpeg\"><img fetchpriority=\"high\" decoding=\"async\" width=\"819\" height=\"1024\" src=\"https:\/\/alminutonoticia.com\/noticias\/wp-content\/uploads\/2026\/03\/WhatsApp-Image-2026-03-08-at-11.13.14-AM-1-819x1024.jpeg\" alt=\"\" class=\"wp-image-18759\" title=\"\" srcset=\"https:\/\/alminutonoticia.com\/noticias\/wp-content\/uploads\/2026\/03\/WhatsApp-Image-2026-03-08-at-11.13.14-AM-1-819x1024.jpeg 819w, https:\/\/alminutonoticia.com\/noticias\/wp-content\/uploads\/2026\/03\/WhatsApp-Image-2026-03-08-at-11.13.14-AM-1-240x300.jpeg 240w, https:\/\/alminutonoticia.com\/noticias\/wp-content\/uploads\/2026\/03\/WhatsApp-Image-2026-03-08-at-11.13.14-AM-1-768x960.jpeg 768w, https:\/\/alminutonoticia.com\/noticias\/wp-content\/uploads\/2026\/03\/WhatsApp-Image-2026-03-08-at-11.13.14-AM-1.jpeg 1024w\" sizes=\"(max-width: 819px) 100vw, 819px\" \/><\/a><\/figure>\n","protected":false},"excerpt":{"rendered":"<p>La Fundaci\u00f3n LUCES Panam\u00e1, dedicada a la lucha contra la epilepsia, rindi\u00f3 un especial homenaje al reconocido m\u00fasico y director paname\u00f1o Roberto Delgado durante la presentaci\u00f3n del espect\u00e1culo Maestra Vida, realizada en el Teatro \u00c1urea \u201cBaby\u201d Torrijos de la Ciudad de las Artes. La velada, que form\u00f3 parte de una funci\u00f3n especial titulada \u201cLa Noche [&hellip;]<\/p>\n","protected":false},"author":3,"featured_media":18758,"comment_status":"open","ping_status":"open","sticky":false,"template":"","format":"standard","meta":{"footnotes":""},"categories":[36],"tags":[],"class_list":["post-18756","post","type-post","status-publish","format-standard","has-post-thumbnail","hentry","category-nacionales"],"_links":{"self":[{"href":"https:\/\/alminutonoticia.com\/noticias\/wp-json\/wp\/v2\/posts\/18756","targetHints":{"allow":["GET"]}}],"collection":[{"href":"https:\/\/alminutonoticia.com\/noticias\/wp-json\/wp\/v2\/posts"}],"about":[{"href":"https:\/\/alminutonoticia.com\/noticias\/wp-json\/wp\/v2\/types\/post"}],"author":[{"embeddable":true,"href":"https:\/\/alminutonoticia.com\/noticias\/wp-json\/wp\/v2\/users\/3"}],"replies":[{"embeddable":true,"href":"https:\/\/alminutonoticia.com\/noticias\/wp-json\/wp\/v2\/comments?post=18756"}],"version-history":[{"count":1,"href":"https:\/\/alminutonoticia.com\/noticias\/wp-json\/wp\/v2\/posts\/18756\/revisions"}],"predecessor-version":[{"id":18760,"href":"https:\/\/alminutonoticia.com\/noticias\/wp-json\/wp\/v2\/posts\/18756\/revisions\/18760"}],"wp:featuredmedia":[{"embeddable":true,"href":"https:\/\/alminutonoticia.com\/noticias\/wp-json\/wp\/v2\/media\/18758"}],"wp:attachment":[{"href":"https:\/\/alminutonoticia.com\/noticias\/wp-json\/wp\/v2\/media?parent=18756"}],"wp:term":[{"taxonomy":"category","embeddable":true,"href":"https:\/\/alminutonoticia.com\/noticias\/wp-json\/wp\/v2\/categories?post=18756"},{"taxonomy":"post_tag","embeddable":true,"href":"https:\/\/alminutonoticia.com\/noticias\/wp-json\/wp\/v2\/tags?post=18756"}],"curies":[{"name":"wp","href":"https:\/\/api.w.org\/{rel}","templated":true}]}}