{"id":18745,"date":"2026-03-09T11:55:03","date_gmt":"2026-03-09T11:55:03","guid":{"rendered":"https:\/\/alminutonoticia.com\/noticias\/?p=18745"},"modified":"2026-03-09T11:56:07","modified_gmt":"2026-03-09T11:56:07","slug":"supermercados-xtra-refuerza-su-vision-de-futuro-y-liderazgo-con-la-incorporacion-de-talento-global","status":"publish","type":"post","link":"https:\/\/alminutonoticia.com\/noticias\/supermercados-xtra-refuerza-su-vision-de-futuro-y-liderazgo-con-la-incorporacion-de-talento-global\/","title":{"rendered":"Supermercados Xtra refuerza su visi\u00f3n de futuro y liderazgo con la incorporaci\u00f3n de talento global"},"content":{"rendered":"\n<p>Supermercados Xtra incorpora a&nbsp;<strong>Miguel \u00c1ngel Povedano<\/strong>&nbsp;como nuevo&nbsp;<strong>director comercial<\/strong>, reforzando as\u00ed su hoja de ruta estrat\u00e9gica y su enfoque en la excelencia operativa, con el fin de modernizar la experiencia de compra de las familias paname\u00f1as.<\/p>\n\n\n\n<p>Povedano cuenta con una destacada trayectoria internacional en operaciones minoristas de gran escala en mercados altamente competitivos de Latinoam\u00e9rica, Europa, Asia y Medio Oriente, liderando equipos de hasta 9,500 personas en proyectos con alcance en m\u00e1s de 60 pa\u00edses. Su experiencia en gesti\u00f3n de cadenas de suministro, desarrollo de categor\u00edas y transformaci\u00f3n operativa aportar\u00e1 una visi\u00f3n integral para continuar elevando los est\u00e1ndares de servicio en las 62 sucursales de la cadena a nivel nacional.<\/p>\n\n\n\n<figure class=\"wp-block-image size-large\"><a href=\"https:\/\/alminutonoticia.com\/noticias\/wp-content\/uploads\/2026\/03\/foto_miguel-angel-povedano.jpeg\"><img fetchpriority=\"high\" decoding=\"async\" width=\"1024\" height=\"1024\" src=\"https:\/\/alminutonoticia.com\/noticias\/wp-content\/uploads\/2026\/03\/foto_miguel-angel-povedano-1024x1024.jpeg\" alt=\"\" class=\"wp-image-18746\" title=\"\" srcset=\"https:\/\/alminutonoticia.com\/noticias\/wp-content\/uploads\/2026\/03\/foto_miguel-angel-povedano-1024x1024.jpeg 1024w, https:\/\/alminutonoticia.com\/noticias\/wp-content\/uploads\/2026\/03\/foto_miguel-angel-povedano-300x300.jpeg 300w, https:\/\/alminutonoticia.com\/noticias\/wp-content\/uploads\/2026\/03\/foto_miguel-angel-povedano-150x150.jpeg 150w, https:\/\/alminutonoticia.com\/noticias\/wp-content\/uploads\/2026\/03\/foto_miguel-angel-povedano-768x768.jpeg 768w, https:\/\/alminutonoticia.com\/noticias\/wp-content\/uploads\/2026\/03\/foto_miguel-angel-povedano-1536x1536.jpeg 1536w, https:\/\/alminutonoticia.com\/noticias\/wp-content\/uploads\/2026\/03\/foto_miguel-angel-povedano.jpeg 1600w\" sizes=\"(max-width: 1024px) 100vw, 1024px\" \/><\/a><\/figure>\n\n\n\n<p>\u00abNos complace dar la bienvenida a un l\u00edder que comparte nuestra visi\u00f3n de evolucionar constantemente para servir mejor a las familias paname\u00f1as. Su experiencia fortalecer\u00e1 nuestra gesti\u00f3n comercial, nuestra relaci\u00f3n con socios estrat\u00e9gicos y nuestra capacidad de seguir ofreciendo la mejor propuesta de valor, con eficiencia, innovaci\u00f3n y siempre con los precios m\u00e1s bajos\u00bb, destac\u00f3 Jean-Christophe Tijeras, CEO de Supermercados Xtra.<\/p>\n\n\n\n<p>Con esta designaci\u00f3n, Supermercados Xtra reafirma su compromiso con el desarrollo sostenible del sector retail en Panam\u00e1, apostando por el mejor talento global para seguir consolidando su liderazgo, impulsando una operaci\u00f3n m\u00e1s \u00e1gil, colaborativa y orientada a la excelencia.<\/p>\n","protected":false},"excerpt":{"rendered":"<p>Supermercados Xtra incorpora a&nbsp;Miguel \u00c1ngel Povedano&nbsp;como nuevo&nbsp;director comercial, reforzando as\u00ed su hoja de ruta estrat\u00e9gica y su enfoque en la excelencia operativa, con el fin de modernizar la experiencia de compra de las familias paname\u00f1as. Povedano cuenta con una destacada trayectoria internacional en operaciones minoristas de gran escala en mercados altamente competitivos de Latinoam\u00e9rica, Europa, [&hellip;]<\/p>\n","protected":false},"author":3,"featured_media":18746,"comment_status":"open","ping_status":"open","sticky":false,"template":"","format":"standard","meta":{"footnotes":""},"categories":[36],"tags":[],"class_list":["post-18745","post","type-post","status-publish","format-standard","has-post-thumbnail","hentry","category-nacionales"],"_links":{"self":[{"href":"https:\/\/alminutonoticia.com\/noticias\/wp-json\/wp\/v2\/posts\/18745","targetHints":{"allow":["GET"]}}],"collection":[{"href":"https:\/\/alminutonoticia.com\/noticias\/wp-json\/wp\/v2\/posts"}],"about":[{"href":"https:\/\/alminutonoticia.com\/noticias\/wp-json\/wp\/v2\/types\/post"}],"author":[{"embeddable":true,"href":"https:\/\/alminutonoticia.com\/noticias\/wp-json\/wp\/v2\/users\/3"}],"replies":[{"embeddable":true,"href":"https:\/\/alminutonoticia.com\/noticias\/wp-json\/wp\/v2\/comments?post=18745"}],"version-history":[{"count":1,"href":"https:\/\/alminutonoticia.com\/noticias\/wp-json\/wp\/v2\/posts\/18745\/revisions"}],"predecessor-version":[{"id":18747,"href":"https:\/\/alminutonoticia.com\/noticias\/wp-json\/wp\/v2\/posts\/18745\/revisions\/18747"}],"wp:featuredmedia":[{"embeddable":true,"href":"https:\/\/alminutonoticia.com\/noticias\/wp-json\/wp\/v2\/media\/18746"}],"wp:attachment":[{"href":"https:\/\/alminutonoticia.com\/noticias\/wp-json\/wp\/v2\/media?parent=18745"}],"wp:term":[{"taxonomy":"category","embeddable":true,"href":"https:\/\/alminutonoticia.com\/noticias\/wp-json\/wp\/v2\/categories?post=18745"},{"taxonomy":"post_tag","embeddable":true,"href":"https:\/\/alminutonoticia.com\/noticias\/wp-json\/wp\/v2\/tags?post=18745"}],"curies":[{"name":"wp","href":"https:\/\/api.w.org\/{rel}","templated":true}]}}