{"id":18577,"date":"2026-02-19T22:00:27","date_gmt":"2026-02-19T22:00:27","guid":{"rendered":"https:\/\/alminutonoticia.com\/noticias\/?p=18577"},"modified":"2026-02-19T22:00:58","modified_gmt":"2026-02-19T22:00:58","slug":"inadeh-formara-guardaparques-para-fortalecer-la-proteccion-en-isla-escudo-de-veraguas-dego","status":"publish","type":"post","link":"https:\/\/alminutonoticia.com\/noticias\/inadeh-formara-guardaparques-para-fortalecer-la-proteccion-en-isla-escudo-de-veraguas-dego\/","title":{"rendered":"INADEH formar\u00e1 guardaparques para fortalecer la protecci\u00f3n en Isla Escudo de Veraguas\u2013Deg\u00f3"},"content":{"rendered":"\n<p>El Instituto Nacional de Formaci\u00f3n Profesional y Capacitaci\u00f3n para el Desarrollo Humano (INADEH) tendr\u00e1 un rol clave en la nueva estrategia para fortalecer la gesti\u00f3n del Paisaje Protegido Isla Escudo de Veraguas\u2013Deg\u00f3, una de las zonas ecol\u00f3gicamente m\u00e1s sensibles del Caribe paname\u00f1o.<br>Esta iniciativa es impulsada por el ministro de Ambiente, Juan Carlos Navarro, en articulaci\u00f3n con las dem\u00e1s entidades competentes, como parte de un esfuerzo interinstitucional para reforzar la protecci\u00f3n y conservaci\u00f3n del \u00e1rea. En este contexto, el INADEH asume el reto y el compromiso de contribuir activamente al fortalecimiento de capacidades en este sector del pa\u00eds.<\/p>\n\n\n\n<p><br>Tras la aprobaci\u00f3n de la Resoluci\u00f3n No. DM-0039-2026, que crea un Grupo de Trabajo para reforzar la protecci\u00f3n del \u00e1rea, el INADEH se suma al Ministerio de Ambiente para capacitar a las nuevas unidades de guardaparques que operar\u00e1n en la zona.<\/p>\n\n\n\n<div class=\"wp-block-columns is-layout-flex wp-container-core-columns-is-layout-28f84493 wp-block-columns-is-layout-flex\">\n<div class=\"wp-block-column is-layout-flow wp-block-column-is-layout-flow\">\n<figure class=\"wp-block-image size-large\"><a href=\"https:\/\/alminutonoticia.com\/noticias\/wp-content\/uploads\/2026\/02\/WhatsApp-Image-2026-02-19-at-3.22.27-PM-2.jpeg\"><img fetchpriority=\"high\" decoding=\"async\" width=\"1024\" height=\"478\" src=\"https:\/\/alminutonoticia.com\/noticias\/wp-content\/uploads\/2026\/02\/WhatsApp-Image-2026-02-19-at-3.22.27-PM-2-1024x478.jpeg\" alt=\"\" class=\"wp-image-18578\" title=\"\" srcset=\"https:\/\/alminutonoticia.com\/noticias\/wp-content\/uploads\/2026\/02\/WhatsApp-Image-2026-02-19-at-3.22.27-PM-2-1024x478.jpeg 1024w, https:\/\/alminutonoticia.com\/noticias\/wp-content\/uploads\/2026\/02\/WhatsApp-Image-2026-02-19-at-3.22.27-PM-2-300x140.jpeg 300w, https:\/\/alminutonoticia.com\/noticias\/wp-content\/uploads\/2026\/02\/WhatsApp-Image-2026-02-19-at-3.22.27-PM-2-768x359.jpeg 768w, https:\/\/alminutonoticia.com\/noticias\/wp-content\/uploads\/2026\/02\/WhatsApp-Image-2026-02-19-at-3.22.27-PM-2.jpeg 1280w\" sizes=\"(max-width: 1024px) 100vw, 1024px\" \/><\/a><\/figure>\n<\/div>\n\n\n\n<div class=\"wp-block-column is-layout-flow wp-block-column-is-layout-flow\">\n<figure class=\"wp-block-image size-large\"><a href=\"https:\/\/alminutonoticia.com\/noticias\/wp-content\/uploads\/2026\/02\/WhatsApp-Image-2026-02-19-at-3.22.27-PM-1.jpeg\"><img decoding=\"async\" width=\"1024\" height=\"478\" src=\"https:\/\/alminutonoticia.com\/noticias\/wp-content\/uploads\/2026\/02\/WhatsApp-Image-2026-02-19-at-3.22.27-PM-1-1024x478.jpeg\" alt=\"\" class=\"wp-image-18579\" title=\"\" srcset=\"https:\/\/alminutonoticia.com\/noticias\/wp-content\/uploads\/2026\/02\/WhatsApp-Image-2026-02-19-at-3.22.27-PM-1-1024x478.jpeg 1024w, https:\/\/alminutonoticia.com\/noticias\/wp-content\/uploads\/2026\/02\/WhatsApp-Image-2026-02-19-at-3.22.27-PM-1-300x140.jpeg 300w, https:\/\/alminutonoticia.com\/noticias\/wp-content\/uploads\/2026\/02\/WhatsApp-Image-2026-02-19-at-3.22.27-PM-1-768x359.jpeg 768w, https:\/\/alminutonoticia.com\/noticias\/wp-content\/uploads\/2026\/02\/WhatsApp-Image-2026-02-19-at-3.22.27-PM-1.jpeg 1280w\" sizes=\"(max-width: 1024px) 100vw, 1024px\" \/><\/a><\/figure>\n<\/div>\n<\/div>\n\n\n\n<p><br>Los guardaparques ser\u00e1n seleccionados preferentemente de comunidades cercanas en Bocas del Toro y la Comarca Ng\u00e4be-Bugl\u00e9 y deber\u00e1n completar un programa formal de formaci\u00f3n antes de asumir sus funciones.<\/p>\n\n\n\n<p><br>La capacitaci\u00f3n incluir\u00e1: manejo sostenible de recursos naturales, normativa ambiental, vigilancia territorial, conservaci\u00f3n marino-costera y protocolos de control. El objetivo es claro: contar con personal preparado t\u00e9cnica y operativamente para proteger un territorio de alta biodiversidad.<br>La iniciativa no solo fortalece la conservaci\u00f3n ambiental, sino que tambi\u00e9n abre oportunidades de formaci\u00f3n y empleo para comunidades donde el acceso al trabajo formal es limitado.<\/p>\n\n\n\n<figure class=\"wp-block-image size-large\"><a href=\"https:\/\/alminutonoticia.com\/noticias\/wp-content\/uploads\/2026\/02\/WhatsApp-Image-2026-02-19-at-3.22.27-PM.jpeg\"><img decoding=\"async\" width=\"1024\" height=\"569\" src=\"https:\/\/alminutonoticia.com\/noticias\/wp-content\/uploads\/2026\/02\/WhatsApp-Image-2026-02-19-at-3.22.27-PM-1024x569.jpeg\" alt=\"\" class=\"wp-image-18580\" title=\"\" srcset=\"https:\/\/alminutonoticia.com\/noticias\/wp-content\/uploads\/2026\/02\/WhatsApp-Image-2026-02-19-at-3.22.27-PM-1024x569.jpeg 1024w, https:\/\/alminutonoticia.com\/noticias\/wp-content\/uploads\/2026\/02\/WhatsApp-Image-2026-02-19-at-3.22.27-PM-300x167.jpeg 300w, https:\/\/alminutonoticia.com\/noticias\/wp-content\/uploads\/2026\/02\/WhatsApp-Image-2026-02-19-at-3.22.27-PM-768x427.jpeg 768w, https:\/\/alminutonoticia.com\/noticias\/wp-content\/uploads\/2026\/02\/WhatsApp-Image-2026-02-19-at-3.22.27-PM.jpeg 1280w\" sizes=\"(max-width: 1024px) 100vw, 1024px\" \/><\/a><\/figure>\n","protected":false},"excerpt":{"rendered":"<p>El Instituto Nacional de Formaci\u00f3n Profesional y Capacitaci\u00f3n para el Desarrollo Humano (INADEH) tendr\u00e1 un rol clave en la nueva estrategia para fortalecer la gesti\u00f3n del Paisaje Protegido Isla Escudo de Veraguas\u2013Deg\u00f3, una de las zonas ecol\u00f3gicamente m\u00e1s sensibles del Caribe paname\u00f1o.Esta iniciativa es impulsada por el ministro de Ambiente, Juan Carlos Navarro, en articulaci\u00f3n [&hellip;]<\/p>\n","protected":false},"author":3,"featured_media":18580,"comment_status":"open","ping_status":"open","sticky":false,"template":"","format":"standard","meta":{"footnotes":""},"categories":[42,36],"tags":[],"class_list":["post-18577","post","type-post","status-publish","format-standard","has-post-thumbnail","hentry","category-ambiente","category-nacionales"],"_links":{"self":[{"href":"https:\/\/alminutonoticia.com\/noticias\/wp-json\/wp\/v2\/posts\/18577","targetHints":{"allow":["GET"]}}],"collection":[{"href":"https:\/\/alminutonoticia.com\/noticias\/wp-json\/wp\/v2\/posts"}],"about":[{"href":"https:\/\/alminutonoticia.com\/noticias\/wp-json\/wp\/v2\/types\/post"}],"author":[{"embeddable":true,"href":"https:\/\/alminutonoticia.com\/noticias\/wp-json\/wp\/v2\/users\/3"}],"replies":[{"embeddable":true,"href":"https:\/\/alminutonoticia.com\/noticias\/wp-json\/wp\/v2\/comments?post=18577"}],"version-history":[{"count":1,"href":"https:\/\/alminutonoticia.com\/noticias\/wp-json\/wp\/v2\/posts\/18577\/revisions"}],"predecessor-version":[{"id":18581,"href":"https:\/\/alminutonoticia.com\/noticias\/wp-json\/wp\/v2\/posts\/18577\/revisions\/18581"}],"wp:featuredmedia":[{"embeddable":true,"href":"https:\/\/alminutonoticia.com\/noticias\/wp-json\/wp\/v2\/media\/18580"}],"wp:attachment":[{"href":"https:\/\/alminutonoticia.com\/noticias\/wp-json\/wp\/v2\/media?parent=18577"}],"wp:term":[{"taxonomy":"category","embeddable":true,"href":"https:\/\/alminutonoticia.com\/noticias\/wp-json\/wp\/v2\/categories?post=18577"},{"taxonomy":"post_tag","embeddable":true,"href":"https:\/\/alminutonoticia.com\/noticias\/wp-json\/wp\/v2\/tags?post=18577"}],"curies":[{"name":"wp","href":"https:\/\/api.w.org\/{rel}","templated":true}]}}