{"id":18533,"date":"2026-02-04T19:10:28","date_gmt":"2026-02-04T19:10:28","guid":{"rendered":"https:\/\/alminutonoticia.com\/noticias\/?p=18533"},"modified":"2026-02-04T19:10:31","modified_gmt":"2026-02-04T19:10:31","slug":"inadeh-y-miambiente-certifican-a-20-guardaparques-para-fortalecer-la-proteccion-de-las-areas-protegidas-del-pais","status":"publish","type":"post","link":"https:\/\/alminutonoticia.com\/noticias\/inadeh-y-miambiente-certifican-a-20-guardaparques-para-fortalecer-la-proteccion-de-las-areas-protegidas-del-pais\/","title":{"rendered":"INADEH y MiAmbiente certifican a 20 guardaparques para fortalecer la protecci\u00f3n de las \u00e1reas protegidas del pa\u00eds"},"content":{"rendered":"\n<p>Un total de 20 guardaparques fueron certificados por el Instituto Nacional de Formaci\u00f3n Profesional y Capacitaci\u00f3n para el Desarrollo Humano (INADEH), en coordinaci\u00f3n con el Ministerio de Ambiente (MiAmbiente), tras completar el XI Curso de Formaci\u00f3n B\u00e1sica de Guardaparques.<\/p>\n\n\n\n<p>La capacitaci\u00f3n, con una duraci\u00f3n de un mes, permiti\u00f3 estandarizar y fortalecer las competencias t\u00e9cnicas y operativas del personal, mediante m\u00f3dulos de primeros auxilios, lectura de mapas, control de incendios forestales y uso de herramientas como GPS y br\u00fajula, esenciales para el patrullaje y monitoreo en \u00e1reas protegidas.<\/p>\n\n\n\n<p>Tras la certificaci\u00f3n, los guardaparques continuar\u00e1n sus labores en zonas como la Reserva Natural Cerro Anc\u00f3n, el Parque Nacional Cerro Hoya, el Parque Nacional Reverendo Padre Jes\u00fas H\u00e9ctor Gallego, el Golfo de Montijo y la Zona de Reserva Playa La Marinera.<\/p>\n\n\n\n<p>Este proceso forma parte de la alianza entre INADEH y MiAmbiente, suscrita en agosto de 2024. Desde el inicio de esta iniciativa, ambas instituciones han certificado a 300 guardaparques a nivel nacional, correspondientes a once generaciones formadas en distintas regiones del pa\u00eds.<\/p>\n\n\n\n<figure class=\"wp-block-image size-large\"><a href=\"https:\/\/alminutonoticia.com\/noticias\/wp-content\/uploads\/2026\/02\/WhatsApp-Image-2026-02-04-at-1.09.25-PM.jpeg\"><img fetchpriority=\"high\" decoding=\"async\" width=\"1024\" height=\"682\" src=\"https:\/\/alminutonoticia.com\/noticias\/wp-content\/uploads\/2026\/02\/WhatsApp-Image-2026-02-04-at-1.09.25-PM-1024x682.jpeg\" alt=\"\" class=\"wp-image-18534\" title=\"\" srcset=\"https:\/\/alminutonoticia.com\/noticias\/wp-content\/uploads\/2026\/02\/WhatsApp-Image-2026-02-04-at-1.09.25-PM-1024x682.jpeg 1024w, https:\/\/alminutonoticia.com\/noticias\/wp-content\/uploads\/2026\/02\/WhatsApp-Image-2026-02-04-at-1.09.25-PM-300x200.jpeg 300w, https:\/\/alminutonoticia.com\/noticias\/wp-content\/uploads\/2026\/02\/WhatsApp-Image-2026-02-04-at-1.09.25-PM-768x512.jpeg 768w, https:\/\/alminutonoticia.com\/noticias\/wp-content\/uploads\/2026\/02\/WhatsApp-Image-2026-02-04-at-1.09.25-PM-1536x1023.jpeg 1536w, https:\/\/alminutonoticia.com\/noticias\/wp-content\/uploads\/2026\/02\/WhatsApp-Image-2026-02-04-at-1.09.25-PM.jpeg 1600w\" sizes=\"(max-width: 1024px) 100vw, 1024px\" \/><\/a><\/figure>\n","protected":false},"excerpt":{"rendered":"<p>Un total de 20 guardaparques fueron certificados por el Instituto Nacional de Formaci\u00f3n Profesional y Capacitaci\u00f3n para el Desarrollo Humano (INADEH), en coordinaci\u00f3n con el Ministerio de Ambiente (MiAmbiente), tras completar el XI Curso de Formaci\u00f3n B\u00e1sica de Guardaparques. La capacitaci\u00f3n, con una duraci\u00f3n de un mes, permiti\u00f3 estandarizar y fortalecer las competencias t\u00e9cnicas y [&hellip;]<\/p>\n","protected":false},"author":2,"featured_media":18536,"comment_status":"open","ping_status":"open","sticky":false,"template":"","format":"standard","meta":{"footnotes":""},"categories":[36],"tags":[],"class_list":["post-18533","post","type-post","status-publish","format-standard","has-post-thumbnail","hentry","category-nacionales"],"_links":{"self":[{"href":"https:\/\/alminutonoticia.com\/noticias\/wp-json\/wp\/v2\/posts\/18533","targetHints":{"allow":["GET"]}}],"collection":[{"href":"https:\/\/alminutonoticia.com\/noticias\/wp-json\/wp\/v2\/posts"}],"about":[{"href":"https:\/\/alminutonoticia.com\/noticias\/wp-json\/wp\/v2\/types\/post"}],"author":[{"embeddable":true,"href":"https:\/\/alminutonoticia.com\/noticias\/wp-json\/wp\/v2\/users\/2"}],"replies":[{"embeddable":true,"href":"https:\/\/alminutonoticia.com\/noticias\/wp-json\/wp\/v2\/comments?post=18533"}],"version-history":[{"count":1,"href":"https:\/\/alminutonoticia.com\/noticias\/wp-json\/wp\/v2\/posts\/18533\/revisions"}],"predecessor-version":[{"id":18537,"href":"https:\/\/alminutonoticia.com\/noticias\/wp-json\/wp\/v2\/posts\/18533\/revisions\/18537"}],"wp:featuredmedia":[{"embeddable":true,"href":"https:\/\/alminutonoticia.com\/noticias\/wp-json\/wp\/v2\/media\/18536"}],"wp:attachment":[{"href":"https:\/\/alminutonoticia.com\/noticias\/wp-json\/wp\/v2\/media?parent=18533"}],"wp:term":[{"taxonomy":"category","embeddable":true,"href":"https:\/\/alminutonoticia.com\/noticias\/wp-json\/wp\/v2\/categories?post=18533"},{"taxonomy":"post_tag","embeddable":true,"href":"https:\/\/alminutonoticia.com\/noticias\/wp-json\/wp\/v2\/tags?post=18533"}],"curies":[{"name":"wp","href":"https:\/\/api.w.org\/{rel}","templated":true}]}}