{"id":18529,"date":"2026-02-04T19:05:35","date_gmt":"2026-02-04T19:05:35","guid":{"rendered":"https:\/\/alminutonoticia.com\/noticias\/?p=18529"},"modified":"2026-02-04T19:05:36","modified_gmt":"2026-02-04T19:05:36","slug":"nota-de-prensa","status":"publish","type":"post","link":"https:\/\/alminutonoticia.com\/noticias\/nota-de-prensa\/","title":{"rendered":"Nota de prensa"},"content":{"rendered":"\n<p> En un contexto marcado por la transici\u00f3n energ\u00e9tica, la creciente necesidad de infraestructura moderna y una mayor competencia regional por inversi\u00f3n, la Asociaci\u00f3n Paname\u00f1a de Ejecutivos de Empresa (APEDE) celebrar\u00e1 el XIV Foro de Energ\u00eda 2026, bajo el lema \u201cPanama Energy Hub: Redes y Rutas que Impulsan el Futuro\u201d, el pr\u00f3ximo mi\u00e9rcoles 11 de febrero.<\/p>\n\n\n\n<p>El foro se consolida como uno de los principales espacios de an\u00e1lisis t\u00e9cnico y estrat\u00e9gico del pa\u00eds, al reunir a autoridades gubernamentales, reguladores, empresas del sector el\u00e9ctrico y de combustibles, as\u00ed como a expertos nacionales e internacionales, para debatir los desaf\u00edos y oportunidades del sector energ\u00e9tico paname\u00f1o desde una visi\u00f3n integral, sostenible y de largo plazo.<\/p>\n\n\n\n<p>El evento inaugural contempla la participaci\u00f3n del Secretario de Energ\u00eda, seguida de conferencias y paneles especializados que abordar\u00e1n temas clave como la modernizaci\u00f3n de las redes el\u00e9ctricas, los procesos de licitaci\u00f3n de energ\u00eda, la interconexi\u00f3n regional, el desarrollo de combustibles sostenibles para el transporte y las oportunidades de inversi\u00f3n en el mercado el\u00e9ctrico.<\/p>\n\n\n\n<p>La presidenta de APEDE, Giulia De Sanctis, dijo que Panam\u00e1 tiene una oportunidad real de consolidarse como un hub regional de energ\u00eda, pero eso requiere planificaci\u00f3n, institucionalidad, reglas claras y un di\u00e1logo t\u00e9cnico permanente. \u201cDesde APEDE impulsamos este espacio de propuestas, consenso y visi\u00f3n estrat\u00e9gica, alineado con la seguridad jur\u00eddica y la confianza que el pa\u00eds necesita para atraer inversi\u00f3n y generar empleo de calidad\u201d, afirm\u00f3.<\/p>\n\n\n\n<p>Por su parte, el presidente de la Comisi\u00f3n de Energ\u00eda y Combustible de APEDE, Rafael Ja\u00e9n Williamson, se\u00f1al\u00f3 que el foro permitir\u00e1, a partir de datos y experiencias concretas, analizar las v\u00edas para fortalecer la infraestructura energ\u00e9tica, integrar nuevos modelos de desarrollo y consolidar un marco regulatorio que impulse la inversi\u00f3n, la eficiencia y la sostenibilidad en Panam\u00e1 y la regi\u00f3n.<\/p>\n\n\n\n<p>Durante la jornada se desarrollar\u00e1n tres paneles especializados sobre infraestructura energ\u00e9tica e integraci\u00f3n regional; combustibles sostenibles para el transporte del futuro; y la gesti\u00f3n del mercado el\u00e9ctrico y las licitaciones, desde la perspectiva de generadores, distribuidores y nuevos actores.<\/p>\n\n\n\n<figure class=\"wp-block-image size-large\"><a href=\"https:\/\/alminutonoticia.com\/noticias\/wp-content\/uploads\/2026\/02\/WhatsApp-Image-2026-02-04-at-1.35.33-PM.jpeg\"><img fetchpriority=\"high\" decoding=\"async\" width=\"1024\" height=\"682\" src=\"https:\/\/alminutonoticia.com\/noticias\/wp-content\/uploads\/2026\/02\/WhatsApp-Image-2026-02-04-at-1.35.33-PM-1024x682.jpeg\" alt=\"\" class=\"wp-image-18530\" title=\"\" srcset=\"https:\/\/alminutonoticia.com\/noticias\/wp-content\/uploads\/2026\/02\/WhatsApp-Image-2026-02-04-at-1.35.33-PM-1024x682.jpeg 1024w, https:\/\/alminutonoticia.com\/noticias\/wp-content\/uploads\/2026\/02\/WhatsApp-Image-2026-02-04-at-1.35.33-PM-300x200.jpeg 300w, https:\/\/alminutonoticia.com\/noticias\/wp-content\/uploads\/2026\/02\/WhatsApp-Image-2026-02-04-at-1.35.33-PM-768x512.jpeg 768w, https:\/\/alminutonoticia.com\/noticias\/wp-content\/uploads\/2026\/02\/WhatsApp-Image-2026-02-04-at-1.35.33-PM-1536x1024.jpeg 1536w, https:\/\/alminutonoticia.com\/noticias\/wp-content\/uploads\/2026\/02\/WhatsApp-Image-2026-02-04-at-1.35.33-PM-2048x1365.jpeg 2048w\" sizes=\"(max-width: 1024px) 100vw, 1024px\" \/><\/a><\/figure>\n","protected":false},"excerpt":{"rendered":"<p>En un contexto marcado por la transici\u00f3n energ\u00e9tica, la creciente necesidad de infraestructura moderna y una mayor competencia regional por inversi\u00f3n, la Asociaci\u00f3n Paname\u00f1a de Ejecutivos de Empresa (APEDE) celebrar\u00e1 el XIV Foro de Energ\u00eda 2026, bajo el lema \u201cPanama Energy Hub: Redes y Rutas que Impulsan el Futuro\u201d, el pr\u00f3ximo mi\u00e9rcoles 11 de febrero. [&hellip;]<\/p>\n","protected":false},"author":2,"featured_media":18531,"comment_status":"open","ping_status":"open","sticky":false,"template":"","format":"standard","meta":{"footnotes":""},"categories":[36],"tags":[],"class_list":["post-18529","post","type-post","status-publish","format-standard","has-post-thumbnail","hentry","category-nacionales"],"_links":{"self":[{"href":"https:\/\/alminutonoticia.com\/noticias\/wp-json\/wp\/v2\/posts\/18529","targetHints":{"allow":["GET"]}}],"collection":[{"href":"https:\/\/alminutonoticia.com\/noticias\/wp-json\/wp\/v2\/posts"}],"about":[{"href":"https:\/\/alminutonoticia.com\/noticias\/wp-json\/wp\/v2\/types\/post"}],"author":[{"embeddable":true,"href":"https:\/\/alminutonoticia.com\/noticias\/wp-json\/wp\/v2\/users\/2"}],"replies":[{"embeddable":true,"href":"https:\/\/alminutonoticia.com\/noticias\/wp-json\/wp\/v2\/comments?post=18529"}],"version-history":[{"count":1,"href":"https:\/\/alminutonoticia.com\/noticias\/wp-json\/wp\/v2\/posts\/18529\/revisions"}],"predecessor-version":[{"id":18532,"href":"https:\/\/alminutonoticia.com\/noticias\/wp-json\/wp\/v2\/posts\/18529\/revisions\/18532"}],"wp:featuredmedia":[{"embeddable":true,"href":"https:\/\/alminutonoticia.com\/noticias\/wp-json\/wp\/v2\/media\/18531"}],"wp:attachment":[{"href":"https:\/\/alminutonoticia.com\/noticias\/wp-json\/wp\/v2\/media?parent=18529"}],"wp:term":[{"taxonomy":"category","embeddable":true,"href":"https:\/\/alminutonoticia.com\/noticias\/wp-json\/wp\/v2\/categories?post=18529"},{"taxonomy":"post_tag","embeddable":true,"href":"https:\/\/alminutonoticia.com\/noticias\/wp-json\/wp\/v2\/tags?post=18529"}],"curies":[{"name":"wp","href":"https:\/\/api.w.org\/{rel}","templated":true}]}}