{"id":18525,"date":"2026-02-04T19:02:26","date_gmt":"2026-02-04T19:02:26","guid":{"rendered":"https:\/\/alminutonoticia.com\/noticias\/?p=18525"},"modified":"2026-02-04T19:02:31","modified_gmt":"2026-02-04T19:02:31","slug":"reafirman-compromiso-con-la-sostenibilidad","status":"publish","type":"post","link":"https:\/\/alminutonoticia.com\/noticias\/reafirman-compromiso-con-la-sostenibilidad\/","title":{"rendered":"Reafirman compromiso con la sostenibilidad"},"content":{"rendered":"\n<p>Reafirmando su compromiso con la sostenibilidad y el desarrollo responsable de Panam\u00e1, Supermercados Xtra firm\u00f3 hoy un convenio con La Casa de las Bater\u00edas como parte del lanzamiento de su proyecto de instalaci\u00f3n de 2,136 paneles solares en cinco de sus 62 tiendas a nivel nacional, Feria Xtra La Villa, Feria Xtra Oc\u00fa, Feria Xtra Ma\u00f1anitas, Maxi Feria Xtra Chilibre y Maxi Feria Xtra San Vicente, donde se generar\u00e1 energ\u00eda limpia con un importante impacto ambiental positivo<\/p>\n\n\n\n<figure class=\"wp-block-image size-large\"><a href=\"https:\/\/alminutonoticia.com\/noticias\/wp-content\/uploads\/2026\/02\/WhatsApp-Image-2026-02-04-at-12.31.10-PM.jpeg\"><img fetchpriority=\"high\" decoding=\"async\" width=\"1024\" height=\"659\" src=\"https:\/\/alminutonoticia.com\/noticias\/wp-content\/uploads\/2026\/02\/WhatsApp-Image-2026-02-04-at-12.31.10-PM-1024x659.jpeg\" alt=\"\" class=\"wp-image-18526\" title=\"\" srcset=\"https:\/\/alminutonoticia.com\/noticias\/wp-content\/uploads\/2026\/02\/WhatsApp-Image-2026-02-04-at-12.31.10-PM-1024x659.jpeg 1024w, https:\/\/alminutonoticia.com\/noticias\/wp-content\/uploads\/2026\/02\/WhatsApp-Image-2026-02-04-at-12.31.10-PM-300x193.jpeg 300w, https:\/\/alminutonoticia.com\/noticias\/wp-content\/uploads\/2026\/02\/WhatsApp-Image-2026-02-04-at-12.31.10-PM-768x494.jpeg 768w, https:\/\/alminutonoticia.com\/noticias\/wp-content\/uploads\/2026\/02\/WhatsApp-Image-2026-02-04-at-12.31.10-PM-1536x988.jpeg 1536w, https:\/\/alminutonoticia.com\/noticias\/wp-content\/uploads\/2026\/02\/WhatsApp-Image-2026-02-04-at-12.31.10-PM.jpeg 1600w\" sizes=\"(max-width: 1024px) 100vw, 1024px\" \/><\/a><\/figure>\n","protected":false},"excerpt":{"rendered":"<p>Reafirmando su compromiso con la sostenibilidad y el desarrollo responsable de Panam\u00e1, Supermercados Xtra firm\u00f3 hoy un convenio con La Casa de las Bater\u00edas como parte del lanzamiento de su proyecto de instalaci\u00f3n de 2,136 paneles solares en cinco de sus 62 tiendas a nivel nacional, Feria Xtra La Villa, Feria Xtra Oc\u00fa, Feria Xtra [&hellip;]<\/p>\n","protected":false},"author":2,"featured_media":18527,"comment_status":"open","ping_status":"open","sticky":false,"template":"","format":"standard","meta":{"footnotes":""},"categories":[36],"tags":[],"class_list":["post-18525","post","type-post","status-publish","format-standard","has-post-thumbnail","hentry","category-nacionales"],"_links":{"self":[{"href":"https:\/\/alminutonoticia.com\/noticias\/wp-json\/wp\/v2\/posts\/18525","targetHints":{"allow":["GET"]}}],"collection":[{"href":"https:\/\/alminutonoticia.com\/noticias\/wp-json\/wp\/v2\/posts"}],"about":[{"href":"https:\/\/alminutonoticia.com\/noticias\/wp-json\/wp\/v2\/types\/post"}],"author":[{"embeddable":true,"href":"https:\/\/alminutonoticia.com\/noticias\/wp-json\/wp\/v2\/users\/2"}],"replies":[{"embeddable":true,"href":"https:\/\/alminutonoticia.com\/noticias\/wp-json\/wp\/v2\/comments?post=18525"}],"version-history":[{"count":1,"href":"https:\/\/alminutonoticia.com\/noticias\/wp-json\/wp\/v2\/posts\/18525\/revisions"}],"predecessor-version":[{"id":18528,"href":"https:\/\/alminutonoticia.com\/noticias\/wp-json\/wp\/v2\/posts\/18525\/revisions\/18528"}],"wp:featuredmedia":[{"embeddable":true,"href":"https:\/\/alminutonoticia.com\/noticias\/wp-json\/wp\/v2\/media\/18527"}],"wp:attachment":[{"href":"https:\/\/alminutonoticia.com\/noticias\/wp-json\/wp\/v2\/media?parent=18525"}],"wp:term":[{"taxonomy":"category","embeddable":true,"href":"https:\/\/alminutonoticia.com\/noticias\/wp-json\/wp\/v2\/categories?post=18525"},{"taxonomy":"post_tag","embeddable":true,"href":"https:\/\/alminutonoticia.com\/noticias\/wp-json\/wp\/v2\/tags?post=18525"}],"curies":[{"name":"wp","href":"https:\/\/api.w.org\/{rel}","templated":true}]}}