{"id":18522,"date":"2026-02-04T04:11:44","date_gmt":"2026-02-04T04:11:44","guid":{"rendered":"https:\/\/alminutonoticia.com\/noticias\/?p=18522"},"modified":"2026-02-04T11:49:06","modified_gmt":"2026-02-04T11:49:06","slug":"presidente-mulino-recibe-a-su-homologo-de-guyana-acuerdan-explorar-inversiones-y-cooperacion","status":"publish","type":"post","link":"https:\/\/alminutonoticia.com\/noticias\/presidente-mulino-recibe-a-su-homologo-de-guyana-acuerdan-explorar-inversiones-y-cooperacion\/","title":{"rendered":"Presidente Mulino recibe a su hom\u00f3logo de Guyana: acuerdan explorar inversiones y cooperaci\u00f3n"},"content":{"rendered":"\n<p>El presidente de la Rep\u00fablica, Jos\u00e9 Ra\u00fal Mulino, recibi\u00f3 hoy en visita de cortes\u00eda en el Palacio de las Garzas a su hom\u00f3logo de la Rep\u00fablica Cooperativa de Guyana, Mohamed Irfaan Ali. Durante el encuentro, ambos mandatarios acordaron estrechar los v\u00ednculos bilaterales en \u00e1reas como cooperaci\u00f3n, inversi\u00f3n y seguridad.<\/p>\n\n\n\n<p><br>Para materializar estas intenciones, Mulino e Irfaan Ali coincidieron en establecer reuniones t\u00e9cnicas de trabajo orientadas a alcanzar objetivos concretos a corto y mediano plazo.<br>Como muestra del compromiso de acercamiento, el presidente Mulino confirm\u00f3 que la apertura de la Embajada de Panam\u00e1 en Guyana se realizar\u00e1 este a\u00f1o. Panam\u00e1 reafirm\u00f3 su rol al confirmar su ingreso como miembro fundador de la Alianza Global para la Biodiversidad.<\/p>\n\n\n\n<figure class=\"wp-block-image size-large\"><a href=\"https:\/\/alminutonoticia.com\/noticias\/wp-content\/uploads\/2026\/02\/WhatsApp-Image-2026-02-03-at-7.33.44-PM.jpeg\"><img fetchpriority=\"high\" decoding=\"async\" width=\"1024\" height=\"683\" src=\"https:\/\/alminutonoticia.com\/noticias\/wp-content\/uploads\/2026\/02\/WhatsApp-Image-2026-02-03-at-7.33.44-PM-1024x683.jpeg\" alt=\"\" class=\"wp-image-18523\" title=\"\" srcset=\"https:\/\/alminutonoticia.com\/noticias\/wp-content\/uploads\/2026\/02\/WhatsApp-Image-2026-02-03-at-7.33.44-PM-1024x683.jpeg 1024w, https:\/\/alminutonoticia.com\/noticias\/wp-content\/uploads\/2026\/02\/WhatsApp-Image-2026-02-03-at-7.33.44-PM-300x200.jpeg 300w, https:\/\/alminutonoticia.com\/noticias\/wp-content\/uploads\/2026\/02\/WhatsApp-Image-2026-02-03-at-7.33.44-PM-768x512.jpeg 768w, https:\/\/alminutonoticia.com\/noticias\/wp-content\/uploads\/2026\/02\/WhatsApp-Image-2026-02-03-at-7.33.44-PM.jpeg 1280w\" sizes=\"(max-width: 1024px) 100vw, 1024px\" \/><\/a><\/figure>\n\n\n\n<p><br>Ambos l\u00edderes se comprometieron a facilitar la participaci\u00f3n mutua en eventos empresariales, como Expocomer en Panam\u00e1 y la Conferencia de Energ\u00eda de Guyana. Esto tras intercambiar informaci\u00f3n macroecon\u00f3mica de sus pa\u00edses, destacando la producci\u00f3n de gas natural y los proyectos que se desarrollan en Panam\u00e1 para almacenar o trasegar este producto como parte de su estructura log\u00edstica.<br>Adem\u00e1s, el equipo del presidente guyan\u00e9s recibi\u00f3 una actualizaci\u00f3n detallada sobre los proyectos que desarrolla la Autoridad del Canal de Panam\u00e1, entre ellos dos nuevas terminales portuarias y un gasoducto.<\/p>\n","protected":false},"excerpt":{"rendered":"<p>El presidente de la Rep\u00fablica, Jos\u00e9 Ra\u00fal Mulino, recibi\u00f3 hoy en visita de cortes\u00eda en el Palacio de las Garzas a su hom\u00f3logo de la Rep\u00fablica Cooperativa de Guyana, Mohamed Irfaan Ali. Durante el encuentro, ambos mandatarios acordaron estrechar los v\u00ednculos bilaterales en \u00e1reas como cooperaci\u00f3n, inversi\u00f3n y seguridad. Para materializar estas intenciones, Mulino e [&hellip;]<\/p>\n","protected":false},"author":3,"featured_media":0,"comment_status":"open","ping_status":"open","sticky":false,"template":"","format":"standard","meta":{"footnotes":""},"categories":[1],"tags":[],"class_list":["post-18522","post","type-post","status-publish","format-standard","hentry","category-sin-categoria"],"_links":{"self":[{"href":"https:\/\/alminutonoticia.com\/noticias\/wp-json\/wp\/v2\/posts\/18522","targetHints":{"allow":["GET"]}}],"collection":[{"href":"https:\/\/alminutonoticia.com\/noticias\/wp-json\/wp\/v2\/posts"}],"about":[{"href":"https:\/\/alminutonoticia.com\/noticias\/wp-json\/wp\/v2\/types\/post"}],"author":[{"embeddable":true,"href":"https:\/\/alminutonoticia.com\/noticias\/wp-json\/wp\/v2\/users\/3"}],"replies":[{"embeddable":true,"href":"https:\/\/alminutonoticia.com\/noticias\/wp-json\/wp\/v2\/comments?post=18522"}],"version-history":[{"count":1,"href":"https:\/\/alminutonoticia.com\/noticias\/wp-json\/wp\/v2\/posts\/18522\/revisions"}],"predecessor-version":[{"id":18524,"href":"https:\/\/alminutonoticia.com\/noticias\/wp-json\/wp\/v2\/posts\/18522\/revisions\/18524"}],"wp:attachment":[{"href":"https:\/\/alminutonoticia.com\/noticias\/wp-json\/wp\/v2\/media?parent=18522"}],"wp:term":[{"taxonomy":"category","embeddable":true,"href":"https:\/\/alminutonoticia.com\/noticias\/wp-json\/wp\/v2\/categories?post=18522"},{"taxonomy":"post_tag","embeddable":true,"href":"https:\/\/alminutonoticia.com\/noticias\/wp-json\/wp\/v2\/tags?post=18522"}],"curies":[{"name":"wp","href":"https:\/\/api.w.org\/{rel}","templated":true}]}}