{"id":18519,"date":"2026-02-04T03:38:44","date_gmt":"2026-02-04T03:38:44","guid":{"rendered":"https:\/\/alminutonoticia.com\/noticias\/?p=18519"},"modified":"2026-02-04T03:39:18","modified_gmt":"2026-02-04T03:39:18","slug":"presentan-al-gabinete-programa-latidos-del-barrio-que-beneficiara-a-2-millones-de-panamenos","status":"publish","type":"post","link":"https:\/\/alminutonoticia.com\/noticias\/presentan-al-gabinete-programa-latidos-del-barrio-que-beneficiara-a-2-millones-de-panamenos\/","title":{"rendered":"Presentan al Gabinete programa Latidos del Barrio que beneficiar\u00e1 a 2 millones de paname\u00f1os"},"content":{"rendered":"\n<p>El plan de desarrollo de 10 centros comunitarios \u00abLatidos del Barrio\u00bb, donde se promueva la cultura, deporte, salud, educaci\u00f3n y participaci\u00f3n ciudadana, fue presentado ante el Consejo de Gabinete por la primera dama, Maricel Cohen de Mulino, y la ministra de Cultura, Mar\u00eda Eugenia Herrera.<\/p>\n\n\n\n<p>Durante la exposici\u00f3n, se inform\u00f3 que el Despacho de la Primera Dama y el Ministerio de Cultura avanzan en la planificaci\u00f3n y organizaci\u00f3n de este programa que beneficiar\u00e1 a m\u00e1s de 2 millones de paname\u00f1os residentes de barrios olvidados. Ofrecer\u00e1n espacios dise\u00f1ados para la formaci\u00f3n art\u00edstica, el encuentro comunitario y la revitalizaci\u00f3n de \u00e1reas p\u00fablicas, con foco en j\u00f3venes para atacar la violencia, el flagelo de las drogas y las pandillas.<\/p>\n\n\n\n<p>\u201cEs un programa que camina con las comunidades, que reconoce el talento que ya existe en nuestros barrios y lo convierte en oportunidades reales. Desde este Despacho seguimos estando en el territorio, escuchando, apoyando y promoviendo valores como el respeto, la convivencia y la solidaridad\u201d, destac\u00f3 la primera dama en la sesi\u00f3n de Gabinete, encabezada por el presidente, Jos\u00e9 Ra\u00fal Mulino.<\/p>\n\n\n\n<figure class=\"wp-block-image size-large\"><a href=\"https:\/\/alminutonoticia.com\/noticias\/wp-content\/uploads\/2026\/02\/WhatsApp-Image-2026-02-03-at-7.33.14-PM.jpeg\"><img fetchpriority=\"high\" decoding=\"async\" width=\"1024\" height=\"731\" src=\"https:\/\/alminutonoticia.com\/noticias\/wp-content\/uploads\/2026\/02\/WhatsApp-Image-2026-02-03-at-7.33.14-PM-1024x731.jpeg\" alt=\"\" class=\"wp-image-18520\" title=\"\" srcset=\"https:\/\/alminutonoticia.com\/noticias\/wp-content\/uploads\/2026\/02\/WhatsApp-Image-2026-02-03-at-7.33.14-PM-1024x731.jpeg 1024w, https:\/\/alminutonoticia.com\/noticias\/wp-content\/uploads\/2026\/02\/WhatsApp-Image-2026-02-03-at-7.33.14-PM-300x214.jpeg 300w, https:\/\/alminutonoticia.com\/noticias\/wp-content\/uploads\/2026\/02\/WhatsApp-Image-2026-02-03-at-7.33.14-PM-768x548.jpeg 768w, https:\/\/alminutonoticia.com\/noticias\/wp-content\/uploads\/2026\/02\/WhatsApp-Image-2026-02-03-at-7.33.14-PM.jpeg 1280w\" sizes=\"(max-width: 1024px) 100vw, 1024px\" \/><\/a><\/figure>\n\n\n\n<p>Este programa se impulsa a largo plazo. En tres a\u00f1os, desarrollar\u00e1 4 centros en el \u00e1rea metropolitana y 6 en diferentes provincias del pa\u00eds, con una inversi\u00f3n proyectada de B\/.23.8 millones, lo que equivale a una inversi\u00f3n social de B\/.10.82 por persona, garantizando acceso equitativo a la cultura y la creatividad.<\/p>\n\n\n\n<p>\u201cDesde cada instituci\u00f3n podemos sumar y llevar este impacto a m\u00e1s barrios del pa\u00eds, porque cuando trabajamos juntos y caminamos con nuestras comunidades construimos un Panam\u00e1 m\u00e1s humano, m\u00e1s justo y con m\u00e1s oportunidades para todos\u201d, a\u00f1adi\u00f3.<\/p>\n\n\n\n<p>Por su parte, la ministra Herrera destac\u00f3 que el programa est\u00e1 creado para fortalecer aspectos sociales en comunidades priorizadas, recuperar espacios p\u00fablicos y reforzar la presencia efectiva del Estado. La iniciativa recibi\u00f3 el respaldo del Gabinete, reconociendo su potencial para generar oportunidades, cohesi\u00f3n social y desarrollo comunitario.<\/p>\n\n\n\n<p>\u201cEs un programa con objetivos claros y con una metodolog\u00eda definida que entiende que la cultura no es un accesorio, no es un complemento, es una necesidad y una herramienta estrat\u00e9gica para el desarrollo humano, la prevenci\u00f3n social y la funci\u00f3n comunitaria\u201d, resalt\u00f3.<\/p>\n\n\n\n<p>La ministra de Cultura explic\u00f3 que el coraz\u00f3n del programa son los centros comunitarios concebidos como un espacio vivo y multidisciplinario. \u201cNo se trata de infraestructuras solamente, son lugares donde la comunidad se encuentra, se expresa y se fortalece\u201d, a\u00f1adi\u00f3.<\/p>\n\n\n\n<p>Entre los proyectos en ejecuci\u00f3n se mencionaron los centros culturales de la Cinta Costera (El Chorrillo), San Joaqu\u00edn (Pedregal) y Ciudad Esperanza (Arraij\u00e1n), con contratos ya adjudicados y pr\u00f3ximos a activarse. Asimismo, se resalt\u00f3 el \u00e9xito de la Red de Coros y Orquestas Juveniles, que ha pasado de atender 1,215 estudiantes en 2017 a m\u00e1s de 8,800 en 2026, demostrando el impacto real de la inversi\u00f3n cultural en la formaci\u00f3n del talento.<\/p>\n","protected":false},"excerpt":{"rendered":"<p>El plan de desarrollo de 10 centros comunitarios \u00abLatidos del Barrio\u00bb, donde se promueva la cultura, deporte, salud, educaci\u00f3n y participaci\u00f3n ciudadana, fue presentado ante el Consejo de Gabinete por la primera dama, Maricel Cohen de Mulino, y la ministra de Cultura, Mar\u00eda Eugenia Herrera. Durante la exposici\u00f3n, se inform\u00f3 que el Despacho de la [&hellip;]<\/p>\n","protected":false},"author":3,"featured_media":18520,"comment_status":"open","ping_status":"open","sticky":false,"template":"","format":"standard","meta":{"footnotes":""},"categories":[36,41],"tags":[],"class_list":["post-18519","post","type-post","status-publish","format-standard","has-post-thumbnail","hentry","category-nacionales","category-cultura-y-farandula"],"_links":{"self":[{"href":"https:\/\/alminutonoticia.com\/noticias\/wp-json\/wp\/v2\/posts\/18519","targetHints":{"allow":["GET"]}}],"collection":[{"href":"https:\/\/alminutonoticia.com\/noticias\/wp-json\/wp\/v2\/posts"}],"about":[{"href":"https:\/\/alminutonoticia.com\/noticias\/wp-json\/wp\/v2\/types\/post"}],"author":[{"embeddable":true,"href":"https:\/\/alminutonoticia.com\/noticias\/wp-json\/wp\/v2\/users\/3"}],"replies":[{"embeddable":true,"href":"https:\/\/alminutonoticia.com\/noticias\/wp-json\/wp\/v2\/comments?post=18519"}],"version-history":[{"count":1,"href":"https:\/\/alminutonoticia.com\/noticias\/wp-json\/wp\/v2\/posts\/18519\/revisions"}],"predecessor-version":[{"id":18521,"href":"https:\/\/alminutonoticia.com\/noticias\/wp-json\/wp\/v2\/posts\/18519\/revisions\/18521"}],"wp:featuredmedia":[{"embeddable":true,"href":"https:\/\/alminutonoticia.com\/noticias\/wp-json\/wp\/v2\/media\/18520"}],"wp:attachment":[{"href":"https:\/\/alminutonoticia.com\/noticias\/wp-json\/wp\/v2\/media?parent=18519"}],"wp:term":[{"taxonomy":"category","embeddable":true,"href":"https:\/\/alminutonoticia.com\/noticias\/wp-json\/wp\/v2\/categories?post=18519"},{"taxonomy":"post_tag","embeddable":true,"href":"https:\/\/alminutonoticia.com\/noticias\/wp-json\/wp\/v2\/tags?post=18519"}],"curies":[{"name":"wp","href":"https:\/\/api.w.org\/{rel}","templated":true}]}}