{"id":18514,"date":"2026-02-04T03:33:46","date_gmt":"2026-02-04T03:33:46","guid":{"rendered":"https:\/\/alminutonoticia.com\/noticias\/?p=18514"},"modified":"2026-02-04T03:34:49","modified_gmt":"2026-02-04T03:34:49","slug":"congreso-mundial-de-areas-protegidas-y-conservadas-se-celebrara-en-panama-en-el-2027","status":"publish","type":"post","link":"https:\/\/alminutonoticia.com\/noticias\/congreso-mundial-de-areas-protegidas-y-conservadas-se-celebrara-en-panama-en-el-2027\/","title":{"rendered":"Congreso Mundial de \u00c1reas Protegidas y Conservadas se celebrar\u00e1 en Panam\u00e1 en el 2027"},"content":{"rendered":"\n<p>Panam\u00e1 ser\u00e1 la sede del pr\u00f3ximo Congreso Mundial de \u00c1reas Protegidas y Conservadas 2027, evento cumbre de las \u00e1reas protegidas a nivel mundial que se convoca una vez cada diez a\u00f1os y re\u00fane hasta 10,000 de los m\u00e1s de destacados t\u00e9cnicos, cient\u00edficos y ambientalistas del planeta.<br>El m\u00e1ximo encuentro mundial de parques nacionales y \u00e1reas protegidas se celebrar\u00e1 en Panam\u00e1 en reconocimiento a nuestra extraordinaria biodiversidad; ubicaci\u00f3n geogr\u00e1fica estrat\u00e9gica como puente natural entre Norte y Suram\u00e9rica; y nuestros grandes avances en la conservaci\u00f3n de ecosistemas terrestres y marinos. L\u00edderes gubernamentales, expertos cient\u00edficos, ONGs, comunidades locales e ind\u00edgenas, as\u00ed como empresas e instituciones de todo el mundo participar\u00e1n del principal foro global sobre \u00e1reas protegidas y conservadas, a celebrarse por primera vez en Panam\u00e1.<\/p>\n\n\n\n<p>El Congreso Mundial de \u00c1reas Protegidas y Conservadas 2027 organizado por la UICN Uni\u00f3n Internacional para la Conservaci\u00f3n de la Naturaleza y el Ministerio de Ambiente (MiAMBIENTE) tendr\u00e1 como epicentro el Panama Convention Center, donde l\u00edderes y<br>personalidades relevantes del \u00e1mbito ambiental y del desarrollo sostenible a nivel global, incluyendo a ministros, tomadores de decisi\u00f3n, cient\u00edficos, expertos en conservaci\u00f3n, representantes de pueblos ind\u00edgenas y comunidades locales, organizaciones de la sociedad civil, del sector privado, de la academia y de organismos internacionales, intercambiar\u00e1n conocimientos, definir\u00e1n compromisos y promover\u00e1n soluciones efectivas para la conservaci\u00f3n de la biodiversidad, el desarrollo sostenible y la resiliencia frente al cambio clim\u00e1tico.<\/p>\n\n\n\n<p>La escogencia de Panam\u00e1 como anfitri\u00f3n de este foro mundial fue anunciada el Congreso Mundial de la Naturaleza de la UICN, que se celebr\u00f3 en octubre de 2025 en Abu Dhabi, Emiratos \u00c1rabes Unidos. La realizaci\u00f3n del Congreso posiciona a Panam\u00e1 como l\u00edder<br>regional y global en temas ambientales, fortalece su imagen internacional, impulsa el ecoturismo y turismo sostenible, genera oportunidades de cooperaci\u00f3n internacional y contribuye al desarrollo econ\u00f3mico y social. El Congreso se celebrar\u00e1 a tan solo tres a\u00f1os del horizonte 2030 del Marco Mundial de la Diversidad Biol\u00f3gica de Kunming-Montreal (GBF, por sus siglas en ingl\u00e9s) y de los Objetivos de Desarrollo Sostenible (ODS) de la Organizaci\u00f3n de las Naciones Unidas (ONU), por lo que posiciona al pa\u00eds de manera prioritaria para contribuir a definir la agenda de las pr\u00f3ximas d\u00e9cadas en materia de \u00e1reas protegidas y conservadas.<\/p>\n\n\n\n<figure class=\"wp-block-image size-large\"><a href=\"https:\/\/alminutonoticia.com\/noticias\/wp-content\/uploads\/2026\/02\/WhatsApp-Image-2026-02-03-at-3.30.11-PM-1.jpeg\"><img fetchpriority=\"high\" decoding=\"async\" width=\"1024\" height=\"682\" src=\"https:\/\/alminutonoticia.com\/noticias\/wp-content\/uploads\/2026\/02\/WhatsApp-Image-2026-02-03-at-3.30.11-PM-1-1024x682.jpeg\" alt=\"\" class=\"wp-image-18515\" title=\"\" srcset=\"https:\/\/alminutonoticia.com\/noticias\/wp-content\/uploads\/2026\/02\/WhatsApp-Image-2026-02-03-at-3.30.11-PM-1-1024x682.jpeg 1024w, https:\/\/alminutonoticia.com\/noticias\/wp-content\/uploads\/2026\/02\/WhatsApp-Image-2026-02-03-at-3.30.11-PM-1-300x200.jpeg 300w, https:\/\/alminutonoticia.com\/noticias\/wp-content\/uploads\/2026\/02\/WhatsApp-Image-2026-02-03-at-3.30.11-PM-1-768x512.jpeg 768w, https:\/\/alminutonoticia.com\/noticias\/wp-content\/uploads\/2026\/02\/WhatsApp-Image-2026-02-03-at-3.30.11-PM-1-1536x1023.jpeg 1536w, https:\/\/alminutonoticia.com\/noticias\/wp-content\/uploads\/2026\/02\/WhatsApp-Image-2026-02-03-at-3.30.11-PM-1.jpeg 1600w\" sizes=\"(max-width: 1024px) 100vw, 1024px\" \/><\/a><\/figure>\n\n\n\n<p>En este encuentro Panam\u00e1 compartir\u00e1 experiencias exitosas en la gesti\u00f3n de \u00e1reas protegidas y conservadas, promover\u00e1 la conservaci\u00f3n basada en la naturaleza y las comunidades, promover\u00e1 el desarrollo sostenible, el ecoturismo y el turismo comunitario, se posicionar\u00e1 como futuro l\u00edder regional y global de turismo de naturaleza y buscar\u00e1 fortalecer alianzas regionales y globales, definiendo compromisos y acciones concretas para enfrentar la p\u00e9rdida de biodiversidad y el cambio clim\u00e1tico a nivel mundial.<\/p>\n\n\n\n<p>Temas clave como la conservaci\u00f3n de la biodiversidad, el fortalecimiento y manejo efectivo de las \u00e1reas protegidas y conservadas, el cambio clim\u00e1tico, la relaci\u00f3n entre conservaci\u00f3n y bienestar humano, la inclusi\u00f3n de comunidades locales e ind\u00edgenas, alineaci\u00f3n de flujos financieros y las soluciones basadas en la naturaleza, ser\u00e1n parte de la agenda t\u00e9cnica que se abordar\u00e1n en este evento. La agenda incluir\u00e1 sesiones plenarias, paneles de discusi\u00f3n, di\u00e1logos tem\u00e1ticos, presentaciones de experiencias exitosas y espacios de intercambio entre actores nacionales e internacionales. Asimismo, los participantes del congreso tambi\u00e9n tendr\u00e1n la oportunidad de realizar visitas de campo a \u00e1reas protegidas antes, durante y<br>despu\u00e9s de la realizaci\u00f3n del congreso.<\/p>\n\n\n\n<figure class=\"wp-block-image size-large\"><a href=\"https:\/\/alminutonoticia.com\/noticias\/wp-content\/uploads\/2026\/02\/WhatsApp-Image-2026-02-03-at-3.30.10-PM.jpeg\"><img decoding=\"async\" width=\"1024\" height=\"682\" src=\"https:\/\/alminutonoticia.com\/noticias\/wp-content\/uploads\/2026\/02\/WhatsApp-Image-2026-02-03-at-3.30.10-PM-1024x682.jpeg\" alt=\"\" class=\"wp-image-18516\" title=\"\" srcset=\"https:\/\/alminutonoticia.com\/noticias\/wp-content\/uploads\/2026\/02\/WhatsApp-Image-2026-02-03-at-3.30.10-PM-1024x682.jpeg 1024w, https:\/\/alminutonoticia.com\/noticias\/wp-content\/uploads\/2026\/02\/WhatsApp-Image-2026-02-03-at-3.30.10-PM-300x200.jpeg 300w, https:\/\/alminutonoticia.com\/noticias\/wp-content\/uploads\/2026\/02\/WhatsApp-Image-2026-02-03-at-3.30.10-PM-768x512.jpeg 768w, https:\/\/alminutonoticia.com\/noticias\/wp-content\/uploads\/2026\/02\/WhatsApp-Image-2026-02-03-at-3.30.10-PM-1536x1023.jpeg 1536w, https:\/\/alminutonoticia.com\/noticias\/wp-content\/uploads\/2026\/02\/WhatsApp-Image-2026-02-03-at-3.30.10-PM.jpeg 1600w\" sizes=\"(max-width: 1024px) 100vw, 1024px\" \/><\/a><\/figure>\n\n\n\n<p>Un Comit\u00e9 Directivo conformado por el pa\u00eds anfitri\u00f3n, el Secretariado de la UICN y la Comisi\u00f3n Mundial de \u00c1reas Protegidas (CMAP) de la UICN estar\u00e1 a cargo de la orientaci\u00f3n estrat\u00e9gica del programa, asegurando que el mismo aborde las tem\u00e1ticas m\u00e1s relevantes y los desaf\u00edos m\u00e1s apremiantes para las \u00e1reas protegidas y conservadas a nivel mundial. Durante la presentaci\u00f3n, \u00darsula Parrilla, directora regional para M\u00e9xico, Am\u00e9rica Central y el Caribe de la UICN, indic\u00f3 que \u201cfrente a un escenario global desafiante, el Congreso se perfila como un espacio decisivo para reivindicar el valor de las \u00e1reas protegidas y conservadas en t\u00e9rminos sociales, econ\u00f3micos y ambientales, y c\u00f3mo a trav\u00e9s de la cooperaci\u00f3n entre naciones y sectores, reafirmamos nuestro compromiso colectivo en favor del bien com\u00fan\u201d.<\/p>\n\n\n\n<p>Por su parte, Juan Carlos Navarro, ministro de Ambiente de Panam\u00e1, subray\u00f3 \u201cel firme compromiso de Panam\u00e1 con la conservaci\u00f3n de nuestra herencia natural, base estrat\u00e9gica de nuestro Canal, nuestra econom\u00eda y nuestra infraestructura energ\u00e9tica, que protegemos a trav\u00e9s de nuestro sistema nacional de parques nacionales y \u00e1reas protegidas, y que ahora compartiremos con el mundo\u201d. Navarro tambi\u00e9n hizo hincapi\u00e9 en \u201cel papel clave que ha desempe\u00f1ado Panam\u00e1 como punto de encuentro y de consenso para el planeta en temas vitales para el futuro de la humanidad. Panam\u00e1 se perfila as\u00ed como un referente mundial en materia de conservaci\u00f3n de la biodiversidad y ecoturismo a nivel internacional\u201d.<\/p>\n\n\n\n<figure class=\"wp-block-image size-large\"><a href=\"https:\/\/alminutonoticia.com\/noticias\/wp-content\/uploads\/2026\/02\/WhatsApp-Image-2026-02-03-at-3.30.11-PM.jpeg\"><img decoding=\"async\" width=\"1024\" height=\"682\" src=\"https:\/\/alminutonoticia.com\/noticias\/wp-content\/uploads\/2026\/02\/WhatsApp-Image-2026-02-03-at-3.30.11-PM-1024x682.jpeg\" alt=\"\" class=\"wp-image-18517\" title=\"\" srcset=\"https:\/\/alminutonoticia.com\/noticias\/wp-content\/uploads\/2026\/02\/WhatsApp-Image-2026-02-03-at-3.30.11-PM-1024x682.jpeg 1024w, https:\/\/alminutonoticia.com\/noticias\/wp-content\/uploads\/2026\/02\/WhatsApp-Image-2026-02-03-at-3.30.11-PM-300x200.jpeg 300w, https:\/\/alminutonoticia.com\/noticias\/wp-content\/uploads\/2026\/02\/WhatsApp-Image-2026-02-03-at-3.30.11-PM-768x512.jpeg 768w, https:\/\/alminutonoticia.com\/noticias\/wp-content\/uploads\/2026\/02\/WhatsApp-Image-2026-02-03-at-3.30.11-PM-1536x1023.jpeg 1536w, https:\/\/alminutonoticia.com\/noticias\/wp-content\/uploads\/2026\/02\/WhatsApp-Image-2026-02-03-at-3.30.11-PM.jpeg 1600w\" sizes=\"(max-width: 1024px) 100vw, 1024px\" \/><\/a><\/figure>\n\n\n\n<p><br>Para el lanzamiento de este evento estuvieron presentes, como parte de la organizaci\u00f3n para el Congreso, \u00darsula Parrilla, directora Regional de la Oficina Regional de la UICN para M\u00e9xico, Am\u00e9rica Central y el Caribe (UICN ORMACC); Dionora Viquez, directora general del Parque Natural Metropolitano; Gloriela De Le\u00f3n, administradora general de la Autoridad de Turismo (ATP) y Pedro Heilbron, presidente ejecutivo de Copa Holdings.<\/p>\n","protected":false},"excerpt":{"rendered":"<p>Panam\u00e1 ser\u00e1 la sede del pr\u00f3ximo Congreso Mundial de \u00c1reas Protegidas y Conservadas 2027, evento cumbre de las \u00e1reas protegidas a nivel mundial que se convoca una vez cada diez a\u00f1os y re\u00fane hasta 10,000 de los m\u00e1s de destacados t\u00e9cnicos, cient\u00edficos y ambientalistas del planeta.El m\u00e1ximo encuentro mundial de parques nacionales y \u00e1reas protegidas [&hellip;]<\/p>\n","protected":false},"author":3,"featured_media":18516,"comment_status":"open","ping_status":"open","sticky":false,"template":"","format":"standard","meta":{"footnotes":""},"categories":[36,42],"tags":[],"class_list":["post-18514","post","type-post","status-publish","format-standard","has-post-thumbnail","hentry","category-nacionales","category-ambiente"],"_links":{"self":[{"href":"https:\/\/alminutonoticia.com\/noticias\/wp-json\/wp\/v2\/posts\/18514","targetHints":{"allow":["GET"]}}],"collection":[{"href":"https:\/\/alminutonoticia.com\/noticias\/wp-json\/wp\/v2\/posts"}],"about":[{"href":"https:\/\/alminutonoticia.com\/noticias\/wp-json\/wp\/v2\/types\/post"}],"author":[{"embeddable":true,"href":"https:\/\/alminutonoticia.com\/noticias\/wp-json\/wp\/v2\/users\/3"}],"replies":[{"embeddable":true,"href":"https:\/\/alminutonoticia.com\/noticias\/wp-json\/wp\/v2\/comments?post=18514"}],"version-history":[{"count":1,"href":"https:\/\/alminutonoticia.com\/noticias\/wp-json\/wp\/v2\/posts\/18514\/revisions"}],"predecessor-version":[{"id":18518,"href":"https:\/\/alminutonoticia.com\/noticias\/wp-json\/wp\/v2\/posts\/18514\/revisions\/18518"}],"wp:featuredmedia":[{"embeddable":true,"href":"https:\/\/alminutonoticia.com\/noticias\/wp-json\/wp\/v2\/media\/18516"}],"wp:attachment":[{"href":"https:\/\/alminutonoticia.com\/noticias\/wp-json\/wp\/v2\/media?parent=18514"}],"wp:term":[{"taxonomy":"category","embeddable":true,"href":"https:\/\/alminutonoticia.com\/noticias\/wp-json\/wp\/v2\/categories?post=18514"},{"taxonomy":"post_tag","embeddable":true,"href":"https:\/\/alminutonoticia.com\/noticias\/wp-json\/wp\/v2\/tags?post=18514"}],"curies":[{"name":"wp","href":"https:\/\/api.w.org\/{rel}","templated":true}]}}