{"id":18509,"date":"2026-02-04T03:28:56","date_gmt":"2026-02-04T03:28:56","guid":{"rendered":"https:\/\/alminutonoticia.com\/noticias\/?p=18509"},"modified":"2026-02-04T03:30:52","modified_gmt":"2026-02-04T03:30:52","slug":"banco-nacional-de-panama-promueve-la-inversion-estrategica-en-encuentro-trascendental-de-alto-nivel","status":"publish","type":"post","link":"https:\/\/alminutonoticia.com\/noticias\/banco-nacional-de-panama-promueve-la-inversion-estrategica-en-encuentro-trascendental-de-alto-nivel\/","title":{"rendered":"Banco Nacional de Panam\u00e1 promueve la inversi\u00f3n estrat\u00e9gica en encuentro trascendental de alto nivel"},"content":{"rendered":"\n<p>En el marco del Foro Econ\u00f3mico Internacional Am\u00e9rica Latina y el Caribe 2026, organizado por CAF, Banco Nacional de Panam\u00e1 lider\u00f3 una mesa redonda privada de alto nivel con autoridades regionales, tomadores de decisi\u00f3n e inversionistas internacionales, orientada a promover la inversi\u00f3n estrat\u00e9gica en Panam\u00e1 y la regi\u00f3n.<\/p>\n\n\n\n<p>El encuentro fue encabezado por el Gerente General de Banco Nacional de Panam\u00e1, Javier Carrizo Esquivel, quien destac\u00f3 el rol estrat\u00e9gico del pa\u00eds como un centro de conexi\u00f3n para el comercio global y para el capital financiero e intelectual, respaldado por una econom\u00eda s\u00f3lida, estabilidad institucional y una visi\u00f3n clara de desarrollo sostenible.<\/p>\n\n\n\n<p>Este espacio de di\u00e1logo cont\u00f3 con la destacada participaci\u00f3n del Ministerio de Inversiones de Arabia Saudita y de Saudi Eksab for International Investments Company, con sus directivos Abdulrahman Bakir y Yazeed AlYahya, respectivamente. As\u00ed como de la Canciller\u00eda de la Rep\u00fablica de Panam\u00e1, a trav\u00e9s del Vicecanciller Carlos Hoyos, y autoridades de Bolivia, Trinidad y Tobago, Jamaica, Colombia y Paraguay. Asimismo, participaron el Ministerio de Comercio e Industrias, representado por su ministro Julio Molt\u00f3, y el Ministerio de Econom\u00eda y Finanzas, a trav\u00e9s del Viceministro de Finanzas Fausto Fern\u00e1ndez, junto a l\u00edderes de gremios empresariales y representantes de los sectores bancario, legal y comercial de Panam\u00e1 y la regi\u00f3n.<\/p>\n\n\n\n<figure class=\"wp-block-image size-large\"><a href=\"https:\/\/alminutonoticia.com\/noticias\/wp-content\/uploads\/2026\/02\/WhatsApp-Image-2026-02-01-at-11.52.23-AM.jpeg\"><img fetchpriority=\"high\" decoding=\"async\" width=\"1024\" height=\"576\" src=\"https:\/\/alminutonoticia.com\/noticias\/wp-content\/uploads\/2026\/02\/WhatsApp-Image-2026-02-01-at-11.52.23-AM-1024x576.jpeg\" alt=\"\" class=\"wp-image-18510\" title=\"\" srcset=\"https:\/\/alminutonoticia.com\/noticias\/wp-content\/uploads\/2026\/02\/WhatsApp-Image-2026-02-01-at-11.52.23-AM-1024x576.jpeg 1024w, https:\/\/alminutonoticia.com\/noticias\/wp-content\/uploads\/2026\/02\/WhatsApp-Image-2026-02-01-at-11.52.23-AM-300x169.jpeg 300w, https:\/\/alminutonoticia.com\/noticias\/wp-content\/uploads\/2026\/02\/WhatsApp-Image-2026-02-01-at-11.52.23-AM-768x432.jpeg 768w, https:\/\/alminutonoticia.com\/noticias\/wp-content\/uploads\/2026\/02\/WhatsApp-Image-2026-02-01-at-11.52.23-AM-1536x864.jpeg 1536w, https:\/\/alminutonoticia.com\/noticias\/wp-content\/uploads\/2026\/02\/WhatsApp-Image-2026-02-01-at-11.52.23-AM.jpeg 1599w\" sizes=\"(max-width: 1024px) 100vw, 1024px\" \/><\/a><\/figure>\n\n\n\n<p>Durante la reuni\u00f3n, se resalt\u00f3 el inter\u00e9s com\u00fan por fortalecer relaciones de cooperaci\u00f3n y explorar oportunidades de inversi\u00f3n alineadas con modelos exitosos de diversificaci\u00f3n econ\u00f3mica y crecimiento resiliente, capaces de generar valor compartido y desarrollo de largo plazo, explorando oportunidades en sectores estrat\u00e9gicos como infraestructura, energ\u00eda, agroindustria, educaci\u00f3n, promoviendo iniciativas que impulsen la innovaci\u00f3n, la sostenibilidad y el progreso de los pa\u00edses participantes.<br>El di\u00e1logo permiti\u00f3 posicionar a Panam\u00e1 como un socio confiable para inversiones responsables, enfocadas en sectores estrat\u00e9gicos y en la construcci\u00f3n de un entorno econ\u00f3mico competitivo, socialmente inclusivo y ambientalmente sostenible.<\/p>\n\n\n\n<p>Con este encuentro, Banco Nacional de Panam\u00e1 reafirma su compromiso de actuar como facilitador de alianzas estrat\u00e9gicas que impulsen el crecimiento del pa\u00eds y contribuyan al desarrollo econ\u00f3mico de la regi\u00f3n, promoviendo una visi\u00f3n moderna, abierta al mundo y orientada al futuro.<\/p>\n\n\n\n<div class=\"wp-block-columns is-layout-flex wp-container-core-columns-is-layout-28f84493 wp-block-columns-is-layout-flex\">\n<div class=\"wp-block-column is-layout-flow wp-block-column-is-layout-flow\">\n<figure class=\"wp-block-image size-large\"><a href=\"https:\/\/alminutonoticia.com\/noticias\/wp-content\/uploads\/2026\/02\/WhatsApp-Image-2026-02-01-at-11.52.23-AM-1.jpeg\"><img decoding=\"async\" width=\"1024\" height=\"576\" src=\"https:\/\/alminutonoticia.com\/noticias\/wp-content\/uploads\/2026\/02\/WhatsApp-Image-2026-02-01-at-11.52.23-AM-1-1024x576.jpeg\" alt=\"\" class=\"wp-image-18511\" title=\"\" srcset=\"https:\/\/alminutonoticia.com\/noticias\/wp-content\/uploads\/2026\/02\/WhatsApp-Image-2026-02-01-at-11.52.23-AM-1-1024x576.jpeg 1024w, https:\/\/alminutonoticia.com\/noticias\/wp-content\/uploads\/2026\/02\/WhatsApp-Image-2026-02-01-at-11.52.23-AM-1-300x169.jpeg 300w, https:\/\/alminutonoticia.com\/noticias\/wp-content\/uploads\/2026\/02\/WhatsApp-Image-2026-02-01-at-11.52.23-AM-1-768x432.jpeg 768w, https:\/\/alminutonoticia.com\/noticias\/wp-content\/uploads\/2026\/02\/WhatsApp-Image-2026-02-01-at-11.52.23-AM-1-1536x864.jpeg 1536w, https:\/\/alminutonoticia.com\/noticias\/wp-content\/uploads\/2026\/02\/WhatsApp-Image-2026-02-01-at-11.52.23-AM-1.jpeg 1599w\" sizes=\"(max-width: 1024px) 100vw, 1024px\" \/><\/a><\/figure>\n<\/div>\n\n\n\n<div class=\"wp-block-column is-layout-flow wp-block-column-is-layout-flow\">\n<figure class=\"wp-block-image size-large\"><a href=\"https:\/\/alminutonoticia.com\/noticias\/wp-content\/uploads\/2026\/02\/WhatsApp-Image-2026-02-01-at-11.52.22-AM.jpeg\"><img decoding=\"async\" width=\"1024\" height=\"576\" src=\"https:\/\/alminutonoticia.com\/noticias\/wp-content\/uploads\/2026\/02\/WhatsApp-Image-2026-02-01-at-11.52.22-AM-1024x576.jpeg\" alt=\"\" class=\"wp-image-18512\" title=\"\" srcset=\"https:\/\/alminutonoticia.com\/noticias\/wp-content\/uploads\/2026\/02\/WhatsApp-Image-2026-02-01-at-11.52.22-AM-1024x576.jpeg 1024w, https:\/\/alminutonoticia.com\/noticias\/wp-content\/uploads\/2026\/02\/WhatsApp-Image-2026-02-01-at-11.52.22-AM-300x169.jpeg 300w, https:\/\/alminutonoticia.com\/noticias\/wp-content\/uploads\/2026\/02\/WhatsApp-Image-2026-02-01-at-11.52.22-AM-768x432.jpeg 768w, https:\/\/alminutonoticia.com\/noticias\/wp-content\/uploads\/2026\/02\/WhatsApp-Image-2026-02-01-at-11.52.22-AM-1536x864.jpeg 1536w, https:\/\/alminutonoticia.com\/noticias\/wp-content\/uploads\/2026\/02\/WhatsApp-Image-2026-02-01-at-11.52.22-AM.jpeg 1599w\" sizes=\"(max-width: 1024px) 100vw, 1024px\" \/><\/a><\/figure>\n<\/div>\n<\/div>\n\n\n\n<p>Vale la pena destacar que, durante el desarrollo de este foro internacional, el Banco tuvo una participaci\u00f3n activa a trav\u00e9s de sus l\u00edderes. El Gerente General, Javier Carrizo Esquivel, fue panelista en la mesa redonda \u201cEstructurar el riesgo para crecer: banca de desarrollo nacional y oportunidades de inversi\u00f3n en la regi\u00f3n\u201d, donde se abordaron los desaf\u00edos y oportunidades para fortalecer el rol de la banca como catalizadora de inversi\u00f3n sostenible e inclusiva. Adem\u00e1s, particip\u00f3 como experto en la mesa cerrada \u201cCapital para Infraestructura y Cierre de Brechas \u2013 Fondo como Motor del Crecimiento Regional\u201d.<br>Asimismo, el Subgerente General de Negocios de Banconal, Eric Calder\u00f3n, particip\u00f3 en una mesa redonda enfocada en la importancia del apoyo y acompa\u00f1amiento a los productores agropecuarios, reafirmando el liderazgo indiscutible de Banco Nacional de Panam\u00e1 como principal impulsor de la banca agropecuaria del pa\u00eds y su compromiso con un modelo de desarrollo que promueva la inclusi\u00f3n financiera y la sostenibilidad del sector.<\/p>\n\n\n\n<p><\/p>\n","protected":false},"excerpt":{"rendered":"<p>En el marco del Foro Econ\u00f3mico Internacional Am\u00e9rica Latina y el Caribe 2026, organizado por CAF, Banco Nacional de Panam\u00e1 lider\u00f3 una mesa redonda privada de alto nivel con autoridades regionales, tomadores de decisi\u00f3n e inversionistas internacionales, orientada a promover la inversi\u00f3n estrat\u00e9gica en Panam\u00e1 y la regi\u00f3n. El encuentro fue encabezado por el Gerente [&hellip;]<\/p>\n","protected":false},"author":3,"featured_media":18512,"comment_status":"open","ping_status":"open","sticky":false,"template":"","format":"standard","meta":{"footnotes":""},"categories":[36],"tags":[],"class_list":["post-18509","post","type-post","status-publish","format-standard","has-post-thumbnail","hentry","category-nacionales"],"_links":{"self":[{"href":"https:\/\/alminutonoticia.com\/noticias\/wp-json\/wp\/v2\/posts\/18509","targetHints":{"allow":["GET"]}}],"collection":[{"href":"https:\/\/alminutonoticia.com\/noticias\/wp-json\/wp\/v2\/posts"}],"about":[{"href":"https:\/\/alminutonoticia.com\/noticias\/wp-json\/wp\/v2\/types\/post"}],"author":[{"embeddable":true,"href":"https:\/\/alminutonoticia.com\/noticias\/wp-json\/wp\/v2\/users\/3"}],"replies":[{"embeddable":true,"href":"https:\/\/alminutonoticia.com\/noticias\/wp-json\/wp\/v2\/comments?post=18509"}],"version-history":[{"count":1,"href":"https:\/\/alminutonoticia.com\/noticias\/wp-json\/wp\/v2\/posts\/18509\/revisions"}],"predecessor-version":[{"id":18513,"href":"https:\/\/alminutonoticia.com\/noticias\/wp-json\/wp\/v2\/posts\/18509\/revisions\/18513"}],"wp:featuredmedia":[{"embeddable":true,"href":"https:\/\/alminutonoticia.com\/noticias\/wp-json\/wp\/v2\/media\/18512"}],"wp:attachment":[{"href":"https:\/\/alminutonoticia.com\/noticias\/wp-json\/wp\/v2\/media?parent=18509"}],"wp:term":[{"taxonomy":"category","embeddable":true,"href":"https:\/\/alminutonoticia.com\/noticias\/wp-json\/wp\/v2\/categories?post=18509"},{"taxonomy":"post_tag","embeddable":true,"href":"https:\/\/alminutonoticia.com\/noticias\/wp-json\/wp\/v2\/tags?post=18509"}],"curies":[{"name":"wp","href":"https:\/\/api.w.org\/{rel}","templated":true}]}}