{"id":18501,"date":"2026-02-04T03:02:42","date_gmt":"2026-02-04T03:02:42","guid":{"rendered":"https:\/\/alminutonoticia.com\/noticias\/?p=18501"},"modified":"2026-02-04T03:05:15","modified_gmt":"2026-02-04T03:05:15","slug":"inauguran-en-don-bosco-primer-juzgado-comunitariode-la-ciudad-capital","status":"publish","type":"post","link":"https:\/\/alminutonoticia.com\/noticias\/inauguran-en-don-bosco-primer-juzgado-comunitariode-la-ciudad-capital\/","title":{"rendered":"Inauguran en Don Bosco primer Juzgado Comunitariode la ciudad capital"},"content":{"rendered":"\n<p>Con la presencia de la Ministra de Gobierno, Dinoska Montalvo, fue inaugurada este martes la primera sede de un Juzgado Comunitario en la ciudad de Panam\u00e1.<br>La instalaci\u00f3n, ubicada en lo que anteriormente fue la sede de la DIJ en el corregimiento de Don Bosco, brindar\u00e1 un importante respaldo a unos 70 mil habitantes de este populoso sector capitalino.<br>La ministra de Gobierno, Dinoska Montalvo, destac\u00f3 la iniciativa adoptada por el representante del corregimiento de Don Bosco, Pier Janson, para que sus residentes pudieran contar con un lugar adecuado, con las condiciones \u00f3ptimas para brindar el servicio que requiere la comunidad.<\/p>\n\n\n\n<p>La idea de esto, apunt\u00f3 la Ministra, es que los ciudadanos acudan a resolver problemas, buscar soluciones y mantener la pac\u00edfica convivencia, \u00abde manera que la justicia comunitaria sea mucho m\u00e1s accesible y m\u00e1s cercana para todos\u00bb.<\/p>\n\n\n\n<p>El Juzgado Comunitario de Don Bosco es el primero con una sede propia en la ciudad capital; \u00abes como una casa modelo\u00bb, explic\u00f3 la ministra Montalvo, que cuente con una instalaci\u00f3n adecuada para el uso de la tecnolog\u00eda, de manera que se puedan tener expedientes digitales.<\/p>\n\n\n\n<figure class=\"wp-block-image size-large\"><a href=\"https:\/\/alminutonoticia.com\/noticias\/wp-content\/uploads\/2026\/02\/WhatsApp-Image-2026-02-03-at-9.11.08-PM.jpeg\"><img fetchpriority=\"high\" decoding=\"async\" width=\"1024\" height=\"768\" src=\"https:\/\/alminutonoticia.com\/noticias\/wp-content\/uploads\/2026\/02\/WhatsApp-Image-2026-02-03-at-9.11.08-PM-1024x768.jpeg\" alt=\"\" class=\"wp-image-18502\" title=\"\" srcset=\"https:\/\/alminutonoticia.com\/noticias\/wp-content\/uploads\/2026\/02\/WhatsApp-Image-2026-02-03-at-9.11.08-PM-1024x768.jpeg 1024w, https:\/\/alminutonoticia.com\/noticias\/wp-content\/uploads\/2026\/02\/WhatsApp-Image-2026-02-03-at-9.11.08-PM-300x225.jpeg 300w, https:\/\/alminutonoticia.com\/noticias\/wp-content\/uploads\/2026\/02\/WhatsApp-Image-2026-02-03-at-9.11.08-PM-768x576.jpeg 768w, https:\/\/alminutonoticia.com\/noticias\/wp-content\/uploads\/2026\/02\/WhatsApp-Image-2026-02-03-at-9.11.08-PM.jpeg 1280w\" sizes=\"(max-width: 1024px) 100vw, 1024px\" \/><\/a><\/figure>\n\n\n\n<p>\u00abEl ciudadano tendr\u00e1 una experiencia mucho m\u00e1s formal de lo que se hac\u00eda anteriormente. Don Bosco es el ejemplo de lo que buscamos llevar en materia de seguridad y justicia comunitaria, a nivel nacional\u00bb, explic\u00f3.<\/p>\n\n\n\n<p>Por su parte, el representante de Don Bosco, Pier Janson, destac\u00f3 la importancia de haber podido establecer, en conjunto con el Ministerio de Gobierno,una sede permanente para el Juzgado Comunitario del corregimiento.<br>\u00abLos donbosque\u00f1os recib\u00edamos atenci\u00f3n en el juzgado de Juan D\u00edaz, ahora, la atenci\u00f3n ser\u00e1 en la propia comunidad, buscando resolver los problemas entre vecinos, evitando que los conflictos lleguen a mayores consecuencias\u00bb, se\u00f1al\u00f3 Janson.<\/p>\n\n\n\n<figure class=\"wp-block-image size-large\"><a href=\"https:\/\/alminutonoticia.com\/noticias\/wp-content\/uploads\/2026\/02\/WhatsApp-Image-2026-02-03-at-9.11.07-PM.jpeg\"><img decoding=\"async\" width=\"1024\" height=\"768\" src=\"https:\/\/alminutonoticia.com\/noticias\/wp-content\/uploads\/2026\/02\/WhatsApp-Image-2026-02-03-at-9.11.07-PM-1024x768.jpeg\" alt=\"\" class=\"wp-image-18503\" title=\"\" srcset=\"https:\/\/alminutonoticia.com\/noticias\/wp-content\/uploads\/2026\/02\/WhatsApp-Image-2026-02-03-at-9.11.07-PM-1024x768.jpeg 1024w, https:\/\/alminutonoticia.com\/noticias\/wp-content\/uploads\/2026\/02\/WhatsApp-Image-2026-02-03-at-9.11.07-PM-300x225.jpeg 300w, https:\/\/alminutonoticia.com\/noticias\/wp-content\/uploads\/2026\/02\/WhatsApp-Image-2026-02-03-at-9.11.07-PM-768x576.jpeg 768w, https:\/\/alminutonoticia.com\/noticias\/wp-content\/uploads\/2026\/02\/WhatsApp-Image-2026-02-03-at-9.11.07-PM.jpeg 1280w\" sizes=\"(max-width: 1024px) 100vw, 1024px\" \/><\/a><\/figure>\n\n\n\n<p><br>La Junta Comunal de Don Bosco gestion\u00f3 la consecuci\u00f3n del local para establecer el Juzgado Comunitario, as\u00ed como su remodelaci\u00f3n y equipamiento, mientras que el Ministerio de Gobierno est\u00e1 procediendo con el nombramiento del personal para atenci\u00f3n a la ciudadan\u00eda.<\/p>\n\n\n\n<p>\u00abEl principal beneficio es que tenemos una casa donde resolver las situaciones entre vecinos, manteniendo la paz en la comunidad donbosque\u00f1a\u00bb, indic\u00f3 el Representante.<\/p>\n\n\n\n<p>El Juzgado Comunitario de Don Bosco laborar\u00e1 en horario de 8:00 am a 4:00 pm, de lunes a viernes, ubicado en Los Robles Sur.<\/p>\n\n\n\n<p><\/p>\n","protected":false},"excerpt":{"rendered":"<p>Con la presencia de la Ministra de Gobierno, Dinoska Montalvo, fue inaugurada este martes la primera sede de un Juzgado Comunitario en la ciudad de Panam\u00e1.La instalaci\u00f3n, ubicada en lo que anteriormente fue la sede de la DIJ en el corregimiento de Don Bosco, brindar\u00e1 un importante respaldo a unos 70 mil habitantes de este [&hellip;]<\/p>\n","protected":false},"author":3,"featured_media":18503,"comment_status":"open","ping_status":"open","sticky":false,"template":"","format":"standard","meta":{"footnotes":""},"categories":[36],"tags":[],"class_list":["post-18501","post","type-post","status-publish","format-standard","has-post-thumbnail","hentry","category-nacionales"],"_links":{"self":[{"href":"https:\/\/alminutonoticia.com\/noticias\/wp-json\/wp\/v2\/posts\/18501","targetHints":{"allow":["GET"]}}],"collection":[{"href":"https:\/\/alminutonoticia.com\/noticias\/wp-json\/wp\/v2\/posts"}],"about":[{"href":"https:\/\/alminutonoticia.com\/noticias\/wp-json\/wp\/v2\/types\/post"}],"author":[{"embeddable":true,"href":"https:\/\/alminutonoticia.com\/noticias\/wp-json\/wp\/v2\/users\/3"}],"replies":[{"embeddable":true,"href":"https:\/\/alminutonoticia.com\/noticias\/wp-json\/wp\/v2\/comments?post=18501"}],"version-history":[{"count":1,"href":"https:\/\/alminutonoticia.com\/noticias\/wp-json\/wp\/v2\/posts\/18501\/revisions"}],"predecessor-version":[{"id":18504,"href":"https:\/\/alminutonoticia.com\/noticias\/wp-json\/wp\/v2\/posts\/18501\/revisions\/18504"}],"wp:featuredmedia":[{"embeddable":true,"href":"https:\/\/alminutonoticia.com\/noticias\/wp-json\/wp\/v2\/media\/18503"}],"wp:attachment":[{"href":"https:\/\/alminutonoticia.com\/noticias\/wp-json\/wp\/v2\/media?parent=18501"}],"wp:term":[{"taxonomy":"category","embeddable":true,"href":"https:\/\/alminutonoticia.com\/noticias\/wp-json\/wp\/v2\/categories?post=18501"},{"taxonomy":"post_tag","embeddable":true,"href":"https:\/\/alminutonoticia.com\/noticias\/wp-json\/wp\/v2\/tags?post=18501"}],"curies":[{"name":"wp","href":"https:\/\/api.w.org\/{rel}","templated":true}]}}