{"id":18479,"date":"2026-01-28T03:58:21","date_gmt":"2026-01-28T03:58:21","guid":{"rendered":"https:\/\/alminutonoticia.com\/noticias\/?p=18479"},"modified":"2026-01-28T03:58:23","modified_gmt":"2026-01-28T03:58:23","slug":"presidente-mulino-condecora-a-sergio-abreu-secretario-general-de-la-aladi-y-excanciller-de-uruguay","status":"publish","type":"post","link":"https:\/\/alminutonoticia.com\/noticias\/presidente-mulino-condecora-a-sergio-abreu-secretario-general-de-la-aladi-y-excanciller-de-uruguay\/","title":{"rendered":"Presidente Mulino condecora a Sergio Abreu, secretario general de la ALADI y excanciller de Uruguay"},"content":{"rendered":"\n<p>El presidente de la Rep\u00fablica, Jos\u00e9 Ra\u00fal Mulino, entreg\u00f3 hoy la Condecoraci\u00f3n Nacional de la Orden General Jos\u00e9 De F\u00e1brega, en el grado de Gran Cruz, al secretario general de la Asociaci\u00f3n Latinoamericana de Integraci\u00f3n (ALADI) y excanciller de Uruguay, Sergio Enrique Abreu Bonilla. Esta distinci\u00f3n fue conferida a trav\u00e9s del Decreto Ejecutivo No. 5 de 27 de enero de 2026.<\/p>\n\n\n\n<p>La condecoraci\u00f3n otorgada a Abreu, durante un acto oficial realizado en el Sal\u00f3n Amarillo del Palacio de Las Garzas, es un reconocimiento \u201ca sus eminentes m\u00e9ritos y a su valioso aporte al fortalecimiento de la integraci\u00f3n latinoamericana y a la cooperaci\u00f3n regional\u201d, destaca el citado decreto.<\/p>\n\n\n\n<p>Tras la imposici\u00f3n de la presea, el presidente Mulino expres\u00f3 su complacencia por la distinci\u00f3n otorgada a Abreu, con quien ha compartido experiencias desde que ambos sirvieron como cancilleres. Actualmente, ambos mantienen esfuerzos conjuntos en pro de la integraci\u00f3n regional a trav\u00e9s de la ALADI y el inter\u00e9s de Panam\u00e1 de ingresar al Mercado Com\u00fan del Sur (Mercosur).<\/p>\n\n\n\n<p>\u201cAbreu es un amigo de Panam\u00e1, tanto en aquel entonces como canciller, como ahora desde la ALADI, una organizaci\u00f3n de gran prestigio y envergadura. Ha sido tambi\u00e9n uno de los padrinos del ingreso de Panam\u00e1 al Mercosur. Esto es de vital importancia, porque con su experiencia Panam\u00e1 podr\u00e1 abrir un campo de negociaci\u00f3n t\u00e9cnica y coherente con todos los pa\u00edses\u201d, destac\u00f3 el mandatario.<\/p>\n\n\n\n<div class=\"wp-block-columns is-layout-flex wp-container-core-columns-is-layout-28f84493 wp-block-columns-is-layout-flex\">\n<div class=\"wp-block-column is-layout-flow wp-block-column-is-layout-flow\">\n<figure class=\"wp-block-image size-large\"><a href=\"https:\/\/alminutonoticia.com\/noticias\/wp-content\/uploads\/2026\/01\/WhatsApp-Image-2026-01-27-at-3.54.46-PM-1.jpeg\"><img fetchpriority=\"high\" decoding=\"async\" width=\"1024\" height=\"683\" src=\"https:\/\/alminutonoticia.com\/noticias\/wp-content\/uploads\/2026\/01\/WhatsApp-Image-2026-01-27-at-3.54.46-PM-1-1024x683.jpeg\" alt=\"\" class=\"wp-image-18480\" title=\"\" srcset=\"https:\/\/alminutonoticia.com\/noticias\/wp-content\/uploads\/2026\/01\/WhatsApp-Image-2026-01-27-at-3.54.46-PM-1-1024x683.jpeg 1024w, https:\/\/alminutonoticia.com\/noticias\/wp-content\/uploads\/2026\/01\/WhatsApp-Image-2026-01-27-at-3.54.46-PM-1-300x200.jpeg 300w, https:\/\/alminutonoticia.com\/noticias\/wp-content\/uploads\/2026\/01\/WhatsApp-Image-2026-01-27-at-3.54.46-PM-1-768x512.jpeg 768w, https:\/\/alminutonoticia.com\/noticias\/wp-content\/uploads\/2026\/01\/WhatsApp-Image-2026-01-27-at-3.54.46-PM-1.jpeg 1280w\" sizes=\"(max-width: 1024px) 100vw, 1024px\" \/><\/a><\/figure>\n<\/div>\n\n\n\n<div class=\"wp-block-column is-layout-flow wp-block-column-is-layout-flow\">\n<figure class=\"wp-block-image size-large\"><a href=\"https:\/\/alminutonoticia.com\/noticias\/wp-content\/uploads\/2026\/01\/WhatsApp-Image-2026-01-27-at-3.54.46-PM.jpeg\"><img decoding=\"async\" width=\"1024\" height=\"683\" src=\"https:\/\/alminutonoticia.com\/noticias\/wp-content\/uploads\/2026\/01\/WhatsApp-Image-2026-01-27-at-3.54.46-PM-1024x683.jpeg\" alt=\"\" class=\"wp-image-18481\" title=\"\" srcset=\"https:\/\/alminutonoticia.com\/noticias\/wp-content\/uploads\/2026\/01\/WhatsApp-Image-2026-01-27-at-3.54.46-PM-1024x683.jpeg 1024w, https:\/\/alminutonoticia.com\/noticias\/wp-content\/uploads\/2026\/01\/WhatsApp-Image-2026-01-27-at-3.54.46-PM-300x200.jpeg 300w, https:\/\/alminutonoticia.com\/noticias\/wp-content\/uploads\/2026\/01\/WhatsApp-Image-2026-01-27-at-3.54.46-PM-768x512.jpeg 768w, https:\/\/alminutonoticia.com\/noticias\/wp-content\/uploads\/2026\/01\/WhatsApp-Image-2026-01-27-at-3.54.46-PM.jpeg 1280w\" sizes=\"(max-width: 1024px) 100vw, 1024px\" \/><\/a><\/figure>\n<\/div>\n<\/div>\n\n\n\n<p>Asimismo, el presidente reiter\u00f3 que Panam\u00e1 est\u00e1 dando un paso firme hacia la integraci\u00f3n con el sur, promoviendo el di\u00e1logo mediante eventos internacionales como el Foro Econ\u00f3mico Internacional Am\u00e9rica Latina y el Caribe 2026, que reunir\u00e1 en esta capital a l\u00edderes y mandatarios este mi\u00e9rcoles 28 y jueves 29 de enero.<\/p>\n\n\n\n<p>Por su parte, el secretario general de la ALADI agradeci\u00f3 la distinci\u00f3n y el recibimiento de Panam\u00e1, resaltando la magnitud del Foro Econ\u00f3mico en la coyuntura mundial actual.<\/p>\n\n\n\n<p>Abreu se\u00f1al\u00f3 que, aunque Panam\u00e1 y Uruguay son geogr\u00e1ficamente peque\u00f1os, son naciones con roles estrat\u00e9gicos. \u201cEl rol de Panam\u00e1 est\u00e1 identificado: es unir, conectar. \u00bfUstedes se dan cuenta lo importante que es eso, que parece historia? Ese compromiso hist\u00f3rico sigue vigente con la integraci\u00f3n\u201d, expres\u00f3.<\/p>\n\n\n\n<figure class=\"wp-block-image size-large\"><a href=\"https:\/\/alminutonoticia.com\/noticias\/wp-content\/uploads\/2026\/01\/WhatsApp-Image-2026-01-27-at-3.54.45-PM.jpeg\"><img decoding=\"async\" width=\"1024\" height=\"683\" src=\"https:\/\/alminutonoticia.com\/noticias\/wp-content\/uploads\/2026\/01\/WhatsApp-Image-2026-01-27-at-3.54.45-PM-1024x683.jpeg\" alt=\"\" class=\"wp-image-18482\" title=\"\" srcset=\"https:\/\/alminutonoticia.com\/noticias\/wp-content\/uploads\/2026\/01\/WhatsApp-Image-2026-01-27-at-3.54.45-PM-1024x683.jpeg 1024w, https:\/\/alminutonoticia.com\/noticias\/wp-content\/uploads\/2026\/01\/WhatsApp-Image-2026-01-27-at-3.54.45-PM-300x200.jpeg 300w, https:\/\/alminutonoticia.com\/noticias\/wp-content\/uploads\/2026\/01\/WhatsApp-Image-2026-01-27-at-3.54.45-PM-768x512.jpeg 768w, https:\/\/alminutonoticia.com\/noticias\/wp-content\/uploads\/2026\/01\/WhatsApp-Image-2026-01-27-at-3.54.45-PM.jpeg 1280w\" sizes=\"(max-width: 1024px) 100vw, 1024px\" \/><\/a><\/figure>\n\n\n\n<p>\u201cPodremos firmar mil acuerdos, pero donde no hay inversi\u00f3n, no hay trabajo; donde no hay trabajo, no hay empleo; y sin empleo, no hay paz social. La integraci\u00f3n no es simplemente una declaraci\u00f3n nost\u00e1lgica o rom\u00e1ntica\u201d, acot\u00f3 Abreu y augur\u00f3 \u00e9xitos a Panam\u00e1 en el desarrollo del Foro.<\/p>\n","protected":false},"excerpt":{"rendered":"<p>El presidente de la Rep\u00fablica, Jos\u00e9 Ra\u00fal Mulino, entreg\u00f3 hoy la Condecoraci\u00f3n Nacional de la Orden General Jos\u00e9 De F\u00e1brega, en el grado de Gran Cruz, al secretario general de la Asociaci\u00f3n Latinoamericana de Integraci\u00f3n (ALADI) y excanciller de Uruguay, Sergio Enrique Abreu Bonilla. Esta distinci\u00f3n fue conferida a trav\u00e9s del Decreto Ejecutivo No. 5 [&hellip;]<\/p>\n","protected":false},"author":3,"featured_media":18482,"comment_status":"open","ping_status":"open","sticky":false,"template":"","format":"standard","meta":{"footnotes":""},"categories":[36,39],"tags":[],"class_list":["post-18479","post","type-post","status-publish","format-standard","has-post-thumbnail","hentry","category-nacionales","category-internacionales"],"_links":{"self":[{"href":"https:\/\/alminutonoticia.com\/noticias\/wp-json\/wp\/v2\/posts\/18479","targetHints":{"allow":["GET"]}}],"collection":[{"href":"https:\/\/alminutonoticia.com\/noticias\/wp-json\/wp\/v2\/posts"}],"about":[{"href":"https:\/\/alminutonoticia.com\/noticias\/wp-json\/wp\/v2\/types\/post"}],"author":[{"embeddable":true,"href":"https:\/\/alminutonoticia.com\/noticias\/wp-json\/wp\/v2\/users\/3"}],"replies":[{"embeddable":true,"href":"https:\/\/alminutonoticia.com\/noticias\/wp-json\/wp\/v2\/comments?post=18479"}],"version-history":[{"count":1,"href":"https:\/\/alminutonoticia.com\/noticias\/wp-json\/wp\/v2\/posts\/18479\/revisions"}],"predecessor-version":[{"id":18483,"href":"https:\/\/alminutonoticia.com\/noticias\/wp-json\/wp\/v2\/posts\/18479\/revisions\/18483"}],"wp:featuredmedia":[{"embeddable":true,"href":"https:\/\/alminutonoticia.com\/noticias\/wp-json\/wp\/v2\/media\/18482"}],"wp:attachment":[{"href":"https:\/\/alminutonoticia.com\/noticias\/wp-json\/wp\/v2\/media?parent=18479"}],"wp:term":[{"taxonomy":"category","embeddable":true,"href":"https:\/\/alminutonoticia.com\/noticias\/wp-json\/wp\/v2\/categories?post=18479"},{"taxonomy":"post_tag","embeddable":true,"href":"https:\/\/alminutonoticia.com\/noticias\/wp-json\/wp\/v2\/tags?post=18479"}],"curies":[{"name":"wp","href":"https:\/\/api.w.org\/{rel}","templated":true}]}}