{"id":18458,"date":"2026-01-24T03:16:51","date_gmt":"2026-01-24T03:16:51","guid":{"rendered":"https:\/\/alminutonoticia.com\/noticias\/?p=18458"},"modified":"2026-01-24T03:16:53","modified_gmt":"2026-01-24T03:16:53","slug":"mici-acompana-apertura-de-la-expo-inmobiliaria-acobir-2026-y-refuerza-atencion-al-ciudadano-en-el-sector-bienes-raices","status":"publish","type":"post","link":"https:\/\/alminutonoticia.com\/noticias\/mici-acompana-apertura-de-la-expo-inmobiliaria-acobir-2026-y-refuerza-atencion-al-ciudadano-en-el-sector-bienes-raices\/","title":{"rendered":"MICI acompa\u00f1a apertura de la Expo Inmobiliaria ACOBIR 2026 y refuerza atenci\u00f3n al ciudadano en el sector bienes ra\u00edces"},"content":{"rendered":"\n<p>La&nbsp;Expo Inmobiliaria ACOBIR 2026&nbsp;inici\u00f3 oficialmente en el&nbsp;Panama Convention Center&nbsp;con el acompa\u00f1amiento del&nbsp;Ministerio de Comercio e Industrias (MICI), en una edici\u00f3n clave para el sector al desarrollarse en el nuevo contexto de la&nbsp;Ley de Inter\u00e9s Preferencial, vigente desde enero de este a\u00f1o.<\/p>\n\n\n\n<p>El&nbsp;ministro de Comercio e Industrias&nbsp;encargado, Eduardo Arango, particip\u00f3 en el acto inaugural y realiz\u00f3 un&nbsp;recorrido por la feria, visitando&nbsp;diversos stands institucionales y comerciales, entre ellos los del&nbsp;MIVIOT, MEF, Tigo, Banco General, Banco Colonial, Banesco, LAFISE&nbsp;y&nbsp;Jim\u00e9nez Constructores de Colombia, pa\u00eds invitado en esta version, e interactuando con promotores, empresarios y visitantes, en un gesto que reafirma el respaldo institucional del MICI a las iniciativas del sector privado que impulsan la inversi\u00f3n, el empleo y la formalizaci\u00f3n de la actividad inmobiliaria.<\/p>\n\n\n\n<p>Arango estuvo en la mesa principal del evento junto al&nbsp;presidente de la Asamblea Nacional, Jorge Herrera; la&nbsp;presidenta de ACOBIR, Sarita Hanono; la&nbsp;vicepresidenta del gremio, Katherine Reyes; y el&nbsp;ministro de Vivienda y Ordenamiento Territorial, Jaime Jovan\u00e9, quien asisti\u00f3 en representaci\u00f3n del&nbsp;presidente de la Rep\u00fablica, Jos\u00e9 Ra\u00fal Mulino.<\/p>\n\n\n\n<figure class=\"wp-block-image size-large\"><a href=\"https:\/\/alminutonoticia.com\/noticias\/wp-content\/uploads\/2026\/01\/WhatsApp-Image-2026-01-23-at-6.36.10-AM-1.jpeg\"><img fetchpriority=\"high\" decoding=\"async\" width=\"1024\" height=\"683\" src=\"https:\/\/alminutonoticia.com\/noticias\/wp-content\/uploads\/2026\/01\/WhatsApp-Image-2026-01-23-at-6.36.10-AM-1-1024x683.jpeg\" alt=\"\" class=\"wp-image-18459\" title=\"\" srcset=\"https:\/\/alminutonoticia.com\/noticias\/wp-content\/uploads\/2026\/01\/WhatsApp-Image-2026-01-23-at-6.36.10-AM-1-1024x683.jpeg 1024w, https:\/\/alminutonoticia.com\/noticias\/wp-content\/uploads\/2026\/01\/WhatsApp-Image-2026-01-23-at-6.36.10-AM-1-300x200.jpeg 300w, https:\/\/alminutonoticia.com\/noticias\/wp-content\/uploads\/2026\/01\/WhatsApp-Image-2026-01-23-at-6.36.10-AM-1-768x512.jpeg 768w, https:\/\/alminutonoticia.com\/noticias\/wp-content\/uploads\/2026\/01\/WhatsApp-Image-2026-01-23-at-6.36.10-AM-1.jpeg 1280w\" sizes=\"(max-width: 1024px) 100vw, 1024px\" \/><\/a><\/figure>\n\n\n\n<p>Durante su intervenci\u00f3n, la presidenta de ACOBIR destac\u00f3 que esta es la&nbsp;primera Expo Inmobiliaria que se realiza tras la entrada en vigencia de la Ley 468 de 2025, resaltando el impacto de esta normativa en el acceso a la vivienda y en la planificaci\u00f3n financiera de las&nbsp;familias paname\u00f1as. Por su parte, el ministro Jovan\u00e9 reiter\u00f3 el respaldo gubernamental al sector inmobiliario y se refiri\u00f3 a las iniciativas que avanza en materia de inversi\u00f3n p\u00fablica.<\/p>\n\n\n\n<p>Como parte de su participaci\u00f3n, el&nbsp;MICI&nbsp;puso a disposici\u00f3n del p\u00fablico un&nbsp;puesto de atenci\u00f3n de la Junta T\u00e9cnica de Bienes Ra\u00edces, donde se atender\u00e1n consultas sobre&nbsp;licencias, entre otros tr\u00e1mites, fortaleciendo la transparencia del mercado y la protecci\u00f3n al consumidor.<\/p>\n\n\n\n<p>En representaci\u00f3n del ministerio tambi\u00e9n estuvo presente&nbsp;Katherine Cardoze, directora de la Junta T\u00e9cnica de Bienes Ra\u00edces.<\/p>\n\n\n\n<figure class=\"wp-block-image size-large\"><a href=\"https:\/\/alminutonoticia.com\/noticias\/wp-content\/uploads\/2026\/01\/WhatsApp-Image-2026-01-23-at-6.36.10-AM.jpeg\"><img decoding=\"async\" width=\"1024\" height=\"683\" src=\"https:\/\/alminutonoticia.com\/noticias\/wp-content\/uploads\/2026\/01\/WhatsApp-Image-2026-01-23-at-6.36.10-AM-1024x683.jpeg\" alt=\"\" class=\"wp-image-18460\" title=\"\" srcset=\"https:\/\/alminutonoticia.com\/noticias\/wp-content\/uploads\/2026\/01\/WhatsApp-Image-2026-01-23-at-6.36.10-AM-1024x683.jpeg 1024w, https:\/\/alminutonoticia.com\/noticias\/wp-content\/uploads\/2026\/01\/WhatsApp-Image-2026-01-23-at-6.36.10-AM-300x200.jpeg 300w, https:\/\/alminutonoticia.com\/noticias\/wp-content\/uploads\/2026\/01\/WhatsApp-Image-2026-01-23-at-6.36.10-AM-768x512.jpeg 768w, https:\/\/alminutonoticia.com\/noticias\/wp-content\/uploads\/2026\/01\/WhatsApp-Image-2026-01-23-at-6.36.10-AM.jpeg 1280w\" sizes=\"(max-width: 1024px) 100vw, 1024px\" \/><\/a><\/figure>\n\n\n\n<p>La feria, que re\u00fane a m\u00e1s de&nbsp;70 expositores&nbsp;y&nbsp;150 proyectos inmobiliarios, se desarrollar\u00e1 hasta el pr\u00f3ximo 25 de enero.<\/p>\n","protected":false},"excerpt":{"rendered":"<p>La&nbsp;Expo Inmobiliaria ACOBIR 2026&nbsp;inici\u00f3 oficialmente en el&nbsp;Panama Convention Center&nbsp;con el acompa\u00f1amiento del&nbsp;Ministerio de Comercio e Industrias (MICI), en una edici\u00f3n clave para el sector al desarrollarse en el nuevo contexto de la&nbsp;Ley de Inter\u00e9s Preferencial, vigente desde enero de este a\u00f1o. El&nbsp;ministro de Comercio e Industrias&nbsp;encargado, Eduardo Arango, particip\u00f3 en el acto inaugural y realiz\u00f3 [&hellip;]<\/p>\n","protected":false},"author":3,"featured_media":18459,"comment_status":"open","ping_status":"open","sticky":false,"template":"","format":"standard","meta":{"footnotes":""},"categories":[36],"tags":[],"class_list":["post-18458","post","type-post","status-publish","format-standard","has-post-thumbnail","hentry","category-nacionales"],"_links":{"self":[{"href":"https:\/\/alminutonoticia.com\/noticias\/wp-json\/wp\/v2\/posts\/18458","targetHints":{"allow":["GET"]}}],"collection":[{"href":"https:\/\/alminutonoticia.com\/noticias\/wp-json\/wp\/v2\/posts"}],"about":[{"href":"https:\/\/alminutonoticia.com\/noticias\/wp-json\/wp\/v2\/types\/post"}],"author":[{"embeddable":true,"href":"https:\/\/alminutonoticia.com\/noticias\/wp-json\/wp\/v2\/users\/3"}],"replies":[{"embeddable":true,"href":"https:\/\/alminutonoticia.com\/noticias\/wp-json\/wp\/v2\/comments?post=18458"}],"version-history":[{"count":1,"href":"https:\/\/alminutonoticia.com\/noticias\/wp-json\/wp\/v2\/posts\/18458\/revisions"}],"predecessor-version":[{"id":18461,"href":"https:\/\/alminutonoticia.com\/noticias\/wp-json\/wp\/v2\/posts\/18458\/revisions\/18461"}],"wp:featuredmedia":[{"embeddable":true,"href":"https:\/\/alminutonoticia.com\/noticias\/wp-json\/wp\/v2\/media\/18459"}],"wp:attachment":[{"href":"https:\/\/alminutonoticia.com\/noticias\/wp-json\/wp\/v2\/media?parent=18458"}],"wp:term":[{"taxonomy":"category","embeddable":true,"href":"https:\/\/alminutonoticia.com\/noticias\/wp-json\/wp\/v2\/categories?post=18458"},{"taxonomy":"post_tag","embeddable":true,"href":"https:\/\/alminutonoticia.com\/noticias\/wp-json\/wp\/v2\/tags?post=18458"}],"curies":[{"name":"wp","href":"https:\/\/api.w.org\/{rel}","templated":true}]}}