{"id":18451,"date":"2026-01-23T04:05:04","date_gmt":"2026-01-23T04:05:04","guid":{"rendered":"https:\/\/alminutonoticia.com\/noticias\/?p=18451"},"modified":"2026-01-23T04:06:48","modified_gmt":"2026-01-23T04:06:48","slug":"panama-fortalece-la-transformacion-digital-del-estado-con-acuerdo-entre-la-aig-y-microsoft","status":"publish","type":"post","link":"https:\/\/alminutonoticia.com\/noticias\/panama-fortalece-la-transformacion-digital-del-estado-con-acuerdo-entre-la-aig-y-microsoft\/","title":{"rendered":"Panam\u00e1 fortalece la transformaci\u00f3n digital del Estado con acuerdo entre la AIG y Microsoft"},"content":{"rendered":"\n<p>La Autoridad Nacional para la Innovaci\u00f3n Gubernamental (AIG) y Microsoft Panam\u00e1, S. de R.L. suscribieron un Memorando de Entendimiento con el objetivo de fortalecer la transformaci\u00f3n digital del sector p\u00fablico paname\u00f1o. El acuerdo fue firmado por el administrador general de la AIG, Adolfo Jos\u00e9 F\u00e1brega Garc\u00eda de Paredes, y por el gerente pa\u00eds de Microsoft Panam\u00e1, Jorge Saa, con la presencia, en calidad de testigo de honor, de Alberto Arciniega, presidente de Microsoft Latinoam\u00e9rica.<br>El ingeniero Adolfo F\u00e1brega, administrador general de la Autoridad Nacional para la Innovaci\u00f3n Gubernamental (AIG), se\u00f1al\u00f3 que \u201ceste memorando establece un marco de colaboraci\u00f3n entre ambas instituciones para impulsar iniciativas conjuntas en \u00e1reas como la capacitaci\u00f3n tecnol\u00f3gica, la ciberseguridad y la adopci\u00f3n \u00e9tica de la inteligencia artificial en el sector p\u00fablico. A trav\u00e9s de esta cooperaci\u00f3n, buscamos generar, intercambiar y difundir conocimientos que fortalezcan una gesti\u00f3n p\u00fablica m\u00e1s moderna, eficiente y alineada con los retos tecnol\u00f3gicos actuales\u201d.<\/p>\n\n\n\n<figure class=\"wp-block-image size-large\"><a href=\"https:\/\/alminutonoticia.com\/noticias\/wp-content\/uploads\/2026\/01\/WhatsApp-Image-2026-01-21-at-5.56.53-PM.jpeg\"><img fetchpriority=\"high\" decoding=\"async\" width=\"1024\" height=\"683\" src=\"https:\/\/alminutonoticia.com\/noticias\/wp-content\/uploads\/2026\/01\/WhatsApp-Image-2026-01-21-at-5.56.53-PM-1024x683.jpeg\" alt=\"\" class=\"wp-image-18452\" title=\"\" srcset=\"https:\/\/alminutonoticia.com\/noticias\/wp-content\/uploads\/2026\/01\/WhatsApp-Image-2026-01-21-at-5.56.53-PM-1024x683.jpeg 1024w, https:\/\/alminutonoticia.com\/noticias\/wp-content\/uploads\/2026\/01\/WhatsApp-Image-2026-01-21-at-5.56.53-PM-300x200.jpeg 300w, https:\/\/alminutonoticia.com\/noticias\/wp-content\/uploads\/2026\/01\/WhatsApp-Image-2026-01-21-at-5.56.53-PM-768x512.jpeg 768w, https:\/\/alminutonoticia.com\/noticias\/wp-content\/uploads\/2026\/01\/WhatsApp-Image-2026-01-21-at-5.56.53-PM.jpeg 1280w\" sizes=\"(max-width: 1024px) 100vw, 1024px\" \/><\/a><\/figure>\n\n\n\n<p><br>Uno de los principales beneficios de este acuerdo es el fortalecimiento de las capacidades de los servidores p\u00fablicos, los cuales podr\u00e1n acceder a procesos de formaci\u00f3n en temas como inteligencia artificial, trabajo moderno, seguridad digital y protecci\u00f3n de la informaci\u00f3n.<br>\u201cEn Microsoft estamos convencidos del poder que tiene la tecnolog\u00eda como habilitador para el desarrollo inclusivo de los mercados de Am\u00e9rica Latina. Este acuerdo con la AIG refleja nuestro compromiso de acompa\u00f1ar a Panam\u00e1 en este periodo de intensa innovaci\u00f3n, fortaleciendo las capacidades de sus instituciones a trav\u00e9s de soluciones confiables, seguras y con un enfoque \u00e9tico en el uso de la inteligencia artificial,\u201d coment\u00f3 Alberto Arciniega, presidente de Microsoft Latinoam\u00e9rica.<\/p>\n\n\n\n<p><br>Con este Memorando de Entendimiento, la AIG reafirma su compromiso de liderar la modernizaci\u00f3n tecnol\u00f3gica del Estado, mientras que Microsoft aporta su experiencia global en innovaci\u00f3n digital, en beneficio del desarrollo institucional y del talento humano que sirve al pa\u00eds.<\/p>\n","protected":false},"excerpt":{"rendered":"<p>La Autoridad Nacional para la Innovaci\u00f3n Gubernamental (AIG) y Microsoft Panam\u00e1, S. de R.L. suscribieron un Memorando de Entendimiento con el objetivo de fortalecer la transformaci\u00f3n digital del sector p\u00fablico paname\u00f1o. El acuerdo fue firmado por el administrador general de la AIG, Adolfo Jos\u00e9 F\u00e1brega Garc\u00eda de Paredes, y por el gerente pa\u00eds de Microsoft [&hellip;]<\/p>\n","protected":false},"author":3,"featured_media":18452,"comment_status":"open","ping_status":"open","sticky":false,"template":"","format":"standard","meta":{"footnotes":""},"categories":[36,49],"tags":[],"class_list":["post-18451","post","type-post","status-publish","format-standard","has-post-thumbnail","hentry","category-nacionales","category-tecnologia"],"_links":{"self":[{"href":"https:\/\/alminutonoticia.com\/noticias\/wp-json\/wp\/v2\/posts\/18451","targetHints":{"allow":["GET"]}}],"collection":[{"href":"https:\/\/alminutonoticia.com\/noticias\/wp-json\/wp\/v2\/posts"}],"about":[{"href":"https:\/\/alminutonoticia.com\/noticias\/wp-json\/wp\/v2\/types\/post"}],"author":[{"embeddable":true,"href":"https:\/\/alminutonoticia.com\/noticias\/wp-json\/wp\/v2\/users\/3"}],"replies":[{"embeddable":true,"href":"https:\/\/alminutonoticia.com\/noticias\/wp-json\/wp\/v2\/comments?post=18451"}],"version-history":[{"count":1,"href":"https:\/\/alminutonoticia.com\/noticias\/wp-json\/wp\/v2\/posts\/18451\/revisions"}],"predecessor-version":[{"id":18453,"href":"https:\/\/alminutonoticia.com\/noticias\/wp-json\/wp\/v2\/posts\/18451\/revisions\/18453"}],"wp:featuredmedia":[{"embeddable":true,"href":"https:\/\/alminutonoticia.com\/noticias\/wp-json\/wp\/v2\/media\/18452"}],"wp:attachment":[{"href":"https:\/\/alminutonoticia.com\/noticias\/wp-json\/wp\/v2\/media?parent=18451"}],"wp:term":[{"taxonomy":"category","embeddable":true,"href":"https:\/\/alminutonoticia.com\/noticias\/wp-json\/wp\/v2\/categories?post=18451"},{"taxonomy":"post_tag","embeddable":true,"href":"https:\/\/alminutonoticia.com\/noticias\/wp-json\/wp\/v2\/tags?post=18451"}],"curies":[{"name":"wp","href":"https:\/\/api.w.org\/{rel}","templated":true}]}}