{"id":18408,"date":"2026-01-22T16:06:33","date_gmt":"2026-01-22T16:06:33","guid":{"rendered":"https:\/\/alminutonoticia.com\/noticias\/?p=18408"},"modified":"2026-01-22T16:06:35","modified_gmt":"2026-01-22T16:06:35","slug":"panama-logra-una-reduccion-del-50-en-casos-y-defunciones-por-dengue-al-cierre-de-2025","status":"publish","type":"post","link":"https:\/\/alminutonoticia.com\/noticias\/panama-logra-una-reduccion-del-50-en-casos-y-defunciones-por-dengue-al-cierre-de-2025\/","title":{"rendered":"Panam\u00e1 logra una reducci\u00f3n del 50 % en casos y defunciones por dengue al cierre de 2025"},"content":{"rendered":"\n<p>Hasta en un 50 % se redujeron los casos y defunciones por dengue durante el a\u00f1o 2025, en comparaci\u00f3n con 2024, inform\u00f3 el Departamento de Epidemiolog\u00eda del Ministerio de Salud (Minsa), como resultado de la ejecuci\u00f3n de estrategias integrales de prevenci\u00f3n, control vectorial y participaci\u00f3n comunitaria.<\/p>\n\n\n\n<p>De acuerdo con las cifras oficiales, el 2025 cerr\u00f3 con un acumulado de 16,262 casos y 28 defunciones, en comparaci\u00f3n con los 32,361 casos y 54 fallecimientos registrados en 2024, lo que representa una mejora sustancial en el control de esta enfermedad.<\/p>\n\n\n\n<p>La presi\u00f3n sobre el sistema hospitalario tambi\u00e9n evidenci\u00f3 una disminuci\u00f3n significativa, pasando de 2,669 hospitalizaciones en 2024 a 1,617 en 2025, lo que equivale a una reducci\u00f3n del 39 %.<\/p>\n\n\n\n<p>Lizbeth Cerezo, t\u00e9cnica del Departamento de Epidemiolog\u00eda del Minsa, destac\u00f3 que la participaci\u00f3n comunitaria fue un factor clave para lograr estos resultados, subrayando que m\u00e1s del 90 % del control de la enfermedad depende de las acciones de la poblaci\u00f3n.<\/p>\n\n\n\n<p>Asimismo, resalt\u00f3 la importancia de la colaboraci\u00f3n interinstitucional, enfatizando la implementaci\u00f3n de estrategias integradas entre diversas entidades, tanto dentro como fuera del sector salud, orientadas a la eliminaci\u00f3n de criaderos del mosquito transmisor.<\/p>\n\n\n\n<p>Entre las principales acciones intersectoriales desarrolladas se destacan:<br>Cruzada Nacional contra el Dengue, enfocada en la eliminaci\u00f3n masiva de criaderos, nebulizaci\u00f3n, educaci\u00f3n y participaci\u00f3n comunitaria, con operativos casa por casa, campa\u00f1as en escuelas y comunidades, y jornadas de limpieza para reducir los casos de dengue, zika y chikungunya.<\/p>\n\n\n\n<p>Brigada Caza Mosquito, integrada por estudiantes y voluntarios que realizan visitas domiciliarias y escolares para eliminar criaderos y educar a la poblaci\u00f3n.<\/p>\n\n\n\n<p>D\u00eda \u201cD\u201d contra el Dengue, una jornada nacional de movilizaci\u00f3n comunitaria para la limpieza masiva de espacios p\u00fablicos y privados.<\/p>\n\n\n\n<p>Con miras a fortalecer la vigilancia epidemiol\u00f3gica en 2026, la Dra. Cerezo inform\u00f3 que el Minsa puso en marcha en la Regi\u00f3n de Salud de San Miguelito el plan piloto de la plataforma VANESSA (Vigilancia Activa Inteligente Nacional para la Educaci\u00f3n en Salud y Seguimiento de Arbovirosis).<\/p>\n\n\n\n<p>Esta innovadora herramienta, basada en inteligencia artificial, funciona como un asistente virtual a trav\u00e9s de WhatsApp, permitiendo a la ciudadan\u00eda reportar criaderos y casos sospechosos de forma inmediata, modernizando la respuesta sanitaria del pa\u00eds.<\/p>\n\n\n\n<p>La funcionaria tambi\u00e9n reconoci\u00f3 la labor del equipo t\u00e9cnico de Control de Vectores, que participa activamente en cada operativo de nebulizaci\u00f3n e inspecci\u00f3n en comunidades y viviendas.<\/p>\n\n\n\n<p>Igualmente, el trabajo arduo realizado por los promotores de salud, divulgando informaci\u00f3n a trav\u00e9s del perifoneo, volanteo sobre las medidas de prevenci\u00f3n y control.<\/p>\n\n\n\n<p>Recomendaciones a la ciudadan\u00eda<br>La epidemi\u00f3loga reiter\u00f3 que la participaci\u00f3n ciudadana es el pilar fundamental para mantener la reducci\u00f3n de casos y record\u00f3 que la nebulizaci\u00f3n solo elimina al mosquito adulto. En ese sentido, inst\u00f3 a la poblaci\u00f3n a:<\/p>\n\n\n\n<p>Eliminar el agua estancada en patios, jardines y recipientes, tapar herm\u00e9ticamente tanques y barriles de reserva de agua, cambiar diariamente el agua de floreros y bebederos de mascotas, acudir oportunamente a los centros de salud ante s\u00edntomas como fiebre, dolor de cabeza o malestar general, evitando estrictamente la automedicaci\u00f3n.<\/p>\n\n\n\n<p>El Ministerio de Salud reafirma su compromiso de continuar trabajando de la mano con la comunidad para erradicar los criaderos del mosquito Aedes aegypti y proteger la vida y la salud de todos los paname\u00f1os.<\/p>\n\n\n\n<figure class=\"wp-block-image size-large\"><a href=\"https:\/\/alminutonoticia.com\/noticias\/wp-content\/uploads\/2026\/01\/WhatsApp-Image-2026-01-13-at-4.54.41-PM.jpeg\"><img fetchpriority=\"high\" decoding=\"async\" width=\"1024\" height=\"766\" src=\"https:\/\/alminutonoticia.com\/noticias\/wp-content\/uploads\/2026\/01\/WhatsApp-Image-2026-01-13-at-4.54.41-PM-1024x766.jpeg\" alt=\"\" class=\"wp-image-18409\" title=\"\" srcset=\"https:\/\/alminutonoticia.com\/noticias\/wp-content\/uploads\/2026\/01\/WhatsApp-Image-2026-01-13-at-4.54.41-PM-1024x766.jpeg 1024w, https:\/\/alminutonoticia.com\/noticias\/wp-content\/uploads\/2026\/01\/WhatsApp-Image-2026-01-13-at-4.54.41-PM-300x225.jpeg 300w, https:\/\/alminutonoticia.com\/noticias\/wp-content\/uploads\/2026\/01\/WhatsApp-Image-2026-01-13-at-4.54.41-PM-768x575.jpeg 768w, https:\/\/alminutonoticia.com\/noticias\/wp-content\/uploads\/2026\/01\/WhatsApp-Image-2026-01-13-at-4.54.41-PM.jpeg 1200w\" sizes=\"(max-width: 1024px) 100vw, 1024px\" \/><\/a><\/figure>\n","protected":false},"excerpt":{"rendered":"<p>Hasta en un 50 % se redujeron los casos y defunciones por dengue durante el a\u00f1o 2025, en comparaci\u00f3n con 2024, inform\u00f3 el Departamento de Epidemiolog\u00eda del Ministerio de Salud (Minsa), como resultado de la ejecuci\u00f3n de estrategias integrales de prevenci\u00f3n, control vectorial y participaci\u00f3n comunitaria. De acuerdo con las cifras oficiales, el 2025 cerr\u00f3 [&hellip;]<\/p>\n","protected":false},"author":2,"featured_media":18410,"comment_status":"open","ping_status":"open","sticky":false,"template":"","format":"standard","meta":{"footnotes":""},"categories":[42,36,45],"tags":[],"class_list":["post-18408","post","type-post","status-publish","format-standard","has-post-thumbnail","hentry","category-ambiente","category-nacionales","category-salud"],"_links":{"self":[{"href":"https:\/\/alminutonoticia.com\/noticias\/wp-json\/wp\/v2\/posts\/18408","targetHints":{"allow":["GET"]}}],"collection":[{"href":"https:\/\/alminutonoticia.com\/noticias\/wp-json\/wp\/v2\/posts"}],"about":[{"href":"https:\/\/alminutonoticia.com\/noticias\/wp-json\/wp\/v2\/types\/post"}],"author":[{"embeddable":true,"href":"https:\/\/alminutonoticia.com\/noticias\/wp-json\/wp\/v2\/users\/2"}],"replies":[{"embeddable":true,"href":"https:\/\/alminutonoticia.com\/noticias\/wp-json\/wp\/v2\/comments?post=18408"}],"version-history":[{"count":1,"href":"https:\/\/alminutonoticia.com\/noticias\/wp-json\/wp\/v2\/posts\/18408\/revisions"}],"predecessor-version":[{"id":18411,"href":"https:\/\/alminutonoticia.com\/noticias\/wp-json\/wp\/v2\/posts\/18408\/revisions\/18411"}],"wp:featuredmedia":[{"embeddable":true,"href":"https:\/\/alminutonoticia.com\/noticias\/wp-json\/wp\/v2\/media\/18410"}],"wp:attachment":[{"href":"https:\/\/alminutonoticia.com\/noticias\/wp-json\/wp\/v2\/media?parent=18408"}],"wp:term":[{"taxonomy":"category","embeddable":true,"href":"https:\/\/alminutonoticia.com\/noticias\/wp-json\/wp\/v2\/categories?post=18408"},{"taxonomy":"post_tag","embeddable":true,"href":"https:\/\/alminutonoticia.com\/noticias\/wp-json\/wp\/v2\/tags?post=18408"}],"curies":[{"name":"wp","href":"https:\/\/api.w.org\/{rel}","templated":true}]}}