{"id":18118,"date":"2025-11-26T13:37:35","date_gmt":"2025-11-26T13:37:35","guid":{"rendered":"https:\/\/alminutonoticia.com\/noticias\/?p=18118"},"modified":"2025-11-26T13:37:37","modified_gmt":"2025-11-26T13:37:37","slug":"katia-semacaritt-protagoniza-senales-la-nueva-pelicula-dejose-luis-rodriguez-que-expone-la-violencia-contra-las-mujeres","status":"publish","type":"post","link":"https:\/\/alminutonoticia.com\/noticias\/katia-semacaritt-protagoniza-senales-la-nueva-pelicula-dejose-luis-rodriguez-que-expone-la-violencia-contra-las-mujeres\/","title":{"rendered":"Katia Semacaritt protagoniza Se\u00f1ales, la nueva pel\u00edcula deJos\u00e9 Luis Rodr\u00edguez que expone la violencia contra las mujeres"},"content":{"rendered":"\n<p>La actriz, modelo, bailarina e ingeniera comercial <strong>Katia Semacaritt<\/strong> consolida uno de los pasos m\u00e1s importantes de su carrera al asumir el protag\u00f3nico de <em>Se\u00f1ales<\/em>, la nueva pel\u00edcula del director paname\u00f1o <strong>Jos\u00e9 Luis Rodr\u00edguez<\/strong>, un drama social que aborda de manera directa, sensible y urgente la violencia contra las mujeres.<\/p>\n\n\n\n<p>Con m\u00e1s de una d\u00e9cada de trayectoria en cine, televisi\u00f3n y teatro, Semacaritt se convierte en el rostro central de una historia que revela c\u00f3mo la violencia puede incubarse en lo cotidiano, esconderse en los silencios e instalarse en relaciones donde el amor se confunde con control, miedo y manipulaci\u00f3n.<\/p>\n\n\n\n<p><strong>Un papel que la confirma como una actriz de car\u00e1cter<\/strong><\/p>\n\n\n\n<p>El personaje protag\u00f3nico en <em>Se\u00f1ales<\/em> representa un reto emocional y t\u00e9cnico para la actriz, quien ha construido una carrera s\u00f3lida entre Panam\u00e1, Colombia, Estados Unidos y Europa. Su formaci\u00f3n \u2014que incluye entrenamiento en mon\u00f3logo, melodrama, realismo, dramaturgia del actor, presencia esc\u00e9nica, casting profesional, teatro f\u00edsico y acento neutro\u2014 le permite entregar una interpretaci\u00f3n profunda, aut\u00e9ntica y cargada de matices.<\/p>\n\n\n\n<p>\u201cInterpretar a una mujer atrapada en un ciclo de violencia psicol\u00f3gica y emocional es una responsabilidad. Este papel me enfrent\u00f3 a una realidad que viven miles de mujeres y me record\u00f3 que el silencio puede ser la se\u00f1al m\u00e1s peligrosa\u201d, expresa Semacaritt.<\/p>\n\n\n\n<p><strong>Una trayectoria que la posiciona en el mapa latinoamericano<\/strong><\/p>\n\n\n\n<p>Katia Semacaritt ha demostrado versatilidad en m\u00faltiples g\u00e9neros y formatos. Entre sus trabajos m\u00e1s recientes destacan:<\/p>\n\n\n\n<ul class=\"wp-block-list\">\n<li><strong>Protag\u00f3nicos en cine:<\/strong>\n<ul class=\"wp-block-list\">\n<li><em>Se\u00f1ales<\/em> (2025)<\/li>\n\n\n\n<li><em>M\u00e1s All\u00e1 del Final<\/em> (2025)<\/li>\n\n\n\n<li><em>OASIS<\/em> (cine independiente USA, 2017)<\/li>\n\n\n\n<li><em>Sal si puedes<\/em> (Panam\u00e1, 2016)<\/li>\n<\/ul>\n<\/li>\n\n\n\n<li><strong>Televisi\u00f3n:<\/strong>\n<ul class=\"wp-block-list\">\n<li><em>Mar\u00eda La Caprichosa<\/em> \u2013 Reparto (Caracol, 2024)<\/li>\n\n\n\n<li><em>Yo no soy Mendoza<\/em> \u2013 Capitular (2024)<\/li>\n\n\n\n<li><em>Enfermeras<\/em> \u2013 Capitular (RCN, 2022)<\/li>\n<\/ul>\n<\/li>\n\n\n\n<li><strong>Cine internacional:<\/strong>\n<ul class=\"wp-block-list\">\n<li><em>The Stars at Noon<\/em> (cine europeo, Panam\u00e1 2021)<\/li>\n<\/ul>\n<\/li>\n\n\n\n<li><strong>Cortometrajes:<\/strong>\n<ul class=\"wp-block-list\">\n<li><em>FiftyFifty<\/em> \u2013 Protag\u00f3nico (Panam\u00e1, 2021)<\/li>\n<\/ul>\n<\/li>\n<\/ul>\n\n\n\n<p>Semacaritt tambi\u00e9n ha brillado en teatro, danza y expresi\u00f3n corporal, siendo parte de procesos esc\u00e9nicos con Alexandra Escobar, Fanny Baena, Eugenia Cano, Victoria Hern\u00e1ndez y Jorge Valdivia, entre otros. Su formaci\u00f3n biling\u00fce, su dominio del acento neutro y su habilidad para el casting la han convertido en una actriz vers\u00e1til y competitiva en la regi\u00f3n.<\/p>\n\n\n\n<p><strong>Se\u00f1ales: una pel\u00edcula necesaria para un pa\u00eds que exige cambios<\/strong><\/p>\n\n\n\n<p>Dirigida por Jos\u00e9 Luis Rodr\u00edguez, <em>Se\u00f1ales<\/em> es una mirada directa a la violencia simb\u00f3lica, psicol\u00f3gica y f\u00edsica que afecta a mujeres de todas las edades y condiciones. La pel\u00edcula se desarrolla en un entorno cotidiano donde las se\u00f1ales \u2014esas que la sociedad suele minimizar\u2014 se acumulan hasta volverse imposibles de ignorar.<\/p>\n\n\n\n<p>Rodr\u00edguez destaca que eligi\u00f3 a Katia por su fuerza emocional y su capacidad para transitar desde la vulnerabilidad hasta la determinaci\u00f3n:<br>\u201cNecesit\u00e1bamos una actriz capaz de sostener una pel\u00edcula desde lo interno. Katia no solo interpreta: habita el dolor, la duda, la resistencia. Su trabajo transforma la historia en un espejo social\u201d.<\/p>\n\n\n\n<p><strong>Una producci\u00f3n con vocaci\u00f3n social<\/strong><\/p>\n\n\n\n<p>Adem\u00e1s de su estreno comercial, <em>Se\u00f1ales<\/em> contempla un circuito de foros, conversatorios y actividades educativas en alianza con organizaciones que trabajan temas de g\u00e9nero, prevenci\u00f3n de violencia y salud emocional. Katia ser\u00e1 una de las voceras principales, reforzando el compromiso de su carrera con proyectos de impacto social.<\/p>\n\n\n\n<p><strong>Una actriz en expansi\u00f3n internacional<\/strong><\/p>\n\n\n\n<p>Con su presencia constante en producciones de Panam\u00e1, Colombia, M\u00e9xico, Estados Unidos y Europa, Katia Semacaritt se posiciona como una de las actrices latinoamericanas con mayor proyecci\u00f3n. Su imagen ha formado parte de campa\u00f1as de marcas globales \u2014como Cerveza Corona (TV USA, 2020)\u2014 y su participaci\u00f3n en videoclips y roles ic\u00f3nicos, como <em>La Viuda<\/em> en el Carnaval de Barranquilla 2024, han ampliado a\u00fan m\u00e1s su alcance y reconocimiento.<\/p>\n\n\n\n<p>Con <em>Se\u00f1ales<\/em>, Katia entra en una etapa de madurez profesional donde elige proyectos que no solo cuentan historias, sino que transforman realidades.<\/p>\n\n\n\n<figure class=\"wp-block-image size-large\"><a href=\"https:\/\/alminutonoticia.com\/noticias\/wp-content\/uploads\/2025\/11\/Imagen-de-WhatsApp-2025-11-26-a-las-06.30.06_b0ebaa46.jpg\"><img fetchpriority=\"high\" decoding=\"async\" width=\"768\" height=\"1024\" src=\"https:\/\/alminutonoticia.com\/noticias\/wp-content\/uploads\/2025\/11\/Imagen-de-WhatsApp-2025-11-26-a-las-06.30.06_b0ebaa46-768x1024.jpg\" alt=\"\" class=\"wp-image-18119\" title=\"\" srcset=\"https:\/\/alminutonoticia.com\/noticias\/wp-content\/uploads\/2025\/11\/Imagen-de-WhatsApp-2025-11-26-a-las-06.30.06_b0ebaa46-768x1024.jpg 768w, https:\/\/alminutonoticia.com\/noticias\/wp-content\/uploads\/2025\/11\/Imagen-de-WhatsApp-2025-11-26-a-las-06.30.06_b0ebaa46-225x300.jpg 225w, https:\/\/alminutonoticia.com\/noticias\/wp-content\/uploads\/2025\/11\/Imagen-de-WhatsApp-2025-11-26-a-las-06.30.06_b0ebaa46.jpg 960w\" sizes=\"(max-width: 768px) 100vw, 768px\" \/><\/a><\/figure>\n\n\n\n<hr class=\"wp-block-separator has-alpha-channel-opacity\"\/>\n","protected":false},"excerpt":{"rendered":"<p>La actriz, modelo, bailarina e ingeniera comercial Katia Semacaritt consolida uno de los pasos m\u00e1s importantes de su carrera al asumir el protag\u00f3nico de Se\u00f1ales, la nueva pel\u00edcula del director paname\u00f1o Jos\u00e9 Luis Rodr\u00edguez, un drama social que aborda de manera directa, sensible y urgente la violencia contra las mujeres. Con m\u00e1s de una d\u00e9cada [&hellip;]<\/p>\n","protected":false},"author":2,"featured_media":18120,"comment_status":"open","ping_status":"open","sticky":false,"template":"","format":"standard","meta":{"footnotes":""},"categories":[36],"tags":[],"class_list":["post-18118","post","type-post","status-publish","format-standard","has-post-thumbnail","hentry","category-nacionales"],"_links":{"self":[{"href":"https:\/\/alminutonoticia.com\/noticias\/wp-json\/wp\/v2\/posts\/18118","targetHints":{"allow":["GET"]}}],"collection":[{"href":"https:\/\/alminutonoticia.com\/noticias\/wp-json\/wp\/v2\/posts"}],"about":[{"href":"https:\/\/alminutonoticia.com\/noticias\/wp-json\/wp\/v2\/types\/post"}],"author":[{"embeddable":true,"href":"https:\/\/alminutonoticia.com\/noticias\/wp-json\/wp\/v2\/users\/2"}],"replies":[{"embeddable":true,"href":"https:\/\/alminutonoticia.com\/noticias\/wp-json\/wp\/v2\/comments?post=18118"}],"version-history":[{"count":1,"href":"https:\/\/alminutonoticia.com\/noticias\/wp-json\/wp\/v2\/posts\/18118\/revisions"}],"predecessor-version":[{"id":18121,"href":"https:\/\/alminutonoticia.com\/noticias\/wp-json\/wp\/v2\/posts\/18118\/revisions\/18121"}],"wp:featuredmedia":[{"embeddable":true,"href":"https:\/\/alminutonoticia.com\/noticias\/wp-json\/wp\/v2\/media\/18120"}],"wp:attachment":[{"href":"https:\/\/alminutonoticia.com\/noticias\/wp-json\/wp\/v2\/media?parent=18118"}],"wp:term":[{"taxonomy":"category","embeddable":true,"href":"https:\/\/alminutonoticia.com\/noticias\/wp-json\/wp\/v2\/categories?post=18118"},{"taxonomy":"post_tag","embeddable":true,"href":"https:\/\/alminutonoticia.com\/noticias\/wp-json\/wp\/v2\/tags?post=18118"}],"curies":[{"name":"wp","href":"https:\/\/api.w.org\/{rel}","templated":true}]}}