{"id":18114,"date":"2025-11-26T13:34:44","date_gmt":"2025-11-26T13:34:44","guid":{"rendered":"https:\/\/alminutonoticia.com\/noticias\/?p=18114"},"modified":"2025-11-26T13:34:46","modified_gmt":"2025-11-26T13:34:46","slug":"volanteos-cadenas-humanas-y-presentacion-de-trailer-para-conmemorar-el-dia-internacional-para-la-eliminacion-de-la-violencia-contra-la-mujer","status":"publish","type":"post","link":"https:\/\/alminutonoticia.com\/noticias\/volanteos-cadenas-humanas-y-presentacion-de-trailer-para-conmemorar-el-dia-internacional-para-la-eliminacion-de-la-violencia-contra-la-mujer\/","title":{"rendered":"Volanteos, cadenas humanas y presentaci\u00f3n de trailer para conmemorar el D\u00eda Internacional para la Eliminaci\u00f3n de la Violencia contra la Mujer"},"content":{"rendered":"\n<p>Fue una uni\u00f3n de voluntades por una causa com\u00fan, denunciar la violencia contra las mujeres y hacer un llamado, a todos como sociedad, a unir esfuerzos para ponerle un alto a esta problem\u00e1tica social.<\/p>\n\n\n\n<p>Desde tempranas horas de este 25 de noviembre, el Ministerio de la Mujer encabez\u00f3 una serie de actividades a nivel nacional, para recordar a las v\u00edctimas de este flagelo. En la ciudad capital, dos Zonas Pagas del Metro Bus, Los Andes y 24 de Diciembre, as\u00ed como las inmediaciones de la Iglesia del Carmen, fueron el escenario de una jornada de sensibilizaci\u00f3n, donde se entregaron volantes a los usuarios del sistema de transporte y al p\u00fablico en general, en las que se aborda el tema de la violencia, c\u00f3mo prevenirla, identificarla y denunciarla.<\/p>\n\n\n\n<p>En todas las provincias y comarcas del pa\u00eds, mujeres, hombres, ni\u00f1os y adolescentes de todas las edades, participaron en cadenas humanas en las inmediaciones de colegios, entidades p\u00fablicas y empresas, para llevar el mensaje de prevenci\u00f3n en este 25 de noviembre, Dia Internacional para la Eliminaci\u00f3n de la Violencia contra la Mujer.<\/p>\n\n\n\n<p>Tambi\u00e9n el equipo del Ministerio de la Mujer, encabezado por la titular, Niurka Palacio, la viceministra Lilibeth C\u00e1rdenas y directivos de la entidad, estuvieron presentes en el lanzamiento del trailer de la pel\u00edcula paname\u00f1a, \u201cSe\u00f1ales\u201d, del cineasta nacional, Jos\u00e9 Luis Rodr\u00edguez, realizado en el auditorio del Instituto Superior Especializado (ITSE).<\/p>\n\n\n\n<p>\u201cAl Ministerio de la Mujer lo llena de mucho orgullo ser parte de la pel\u00edcula \u201cSe\u00f1ales\u201d, por ser una historia que hace un llamado a la reflexi\u00f3n y a tomar acciones en conjunto para abordar el flagelo de la violencia. \u201cEn nombre de la entidad felicitamos a sus creadores por hacer sus aportes, desde el arte, sensibilizando, previniendo y la educando sobre la violencia\u201d, indic\u00f3 la Titular.<\/p>\n\n\n\n<figure class=\"wp-block-image size-large\"><a href=\"https:\/\/alminutonoticia.com\/noticias\/wp-content\/uploads\/2025\/11\/Imagen-de-WhatsApp-2025-11-26-a-las-06.29.32_fcdb9b48.jpg\"><img fetchpriority=\"high\" decoding=\"async\" width=\"1024\" height=\"682\" src=\"https:\/\/alminutonoticia.com\/noticias\/wp-content\/uploads\/2025\/11\/Imagen-de-WhatsApp-2025-11-26-a-las-06.29.32_fcdb9b48-1024x682.jpg\" alt=\"\" class=\"wp-image-18116\" title=\"\" srcset=\"https:\/\/alminutonoticia.com\/noticias\/wp-content\/uploads\/2025\/11\/Imagen-de-WhatsApp-2025-11-26-a-las-06.29.32_fcdb9b48-1024x682.jpg 1024w, https:\/\/alminutonoticia.com\/noticias\/wp-content\/uploads\/2025\/11\/Imagen-de-WhatsApp-2025-11-26-a-las-06.29.32_fcdb9b48-300x200.jpg 300w, https:\/\/alminutonoticia.com\/noticias\/wp-content\/uploads\/2025\/11\/Imagen-de-WhatsApp-2025-11-26-a-las-06.29.32_fcdb9b48-768x512.jpg 768w, https:\/\/alminutonoticia.com\/noticias\/wp-content\/uploads\/2025\/11\/Imagen-de-WhatsApp-2025-11-26-a-las-06.29.32_fcdb9b48-1536x1023.jpg 1536w, https:\/\/alminutonoticia.com\/noticias\/wp-content\/uploads\/2025\/11\/Imagen-de-WhatsApp-2025-11-26-a-las-06.29.32_fcdb9b48.jpg 1600w\" sizes=\"(max-width: 1024px) 100vw, 1024px\" \/><\/a><\/figure>\n\n\n\n<p> <\/p>\n","protected":false},"excerpt":{"rendered":"<p>Fue una uni\u00f3n de voluntades por una causa com\u00fan, denunciar la violencia contra las mujeres y hacer un llamado, a todos como sociedad, a unir esfuerzos para ponerle un alto a esta problem\u00e1tica social. Desde tempranas horas de este 25 de noviembre, el Ministerio de la Mujer encabez\u00f3 una serie de actividades a nivel nacional, [&hellip;]<\/p>\n","protected":false},"author":2,"featured_media":18115,"comment_status":"open","ping_status":"open","sticky":false,"template":"","format":"standard","meta":{"footnotes":""},"categories":[36],"tags":[],"class_list":["post-18114","post","type-post","status-publish","format-standard","has-post-thumbnail","hentry","category-nacionales"],"_links":{"self":[{"href":"https:\/\/alminutonoticia.com\/noticias\/wp-json\/wp\/v2\/posts\/18114","targetHints":{"allow":["GET"]}}],"collection":[{"href":"https:\/\/alminutonoticia.com\/noticias\/wp-json\/wp\/v2\/posts"}],"about":[{"href":"https:\/\/alminutonoticia.com\/noticias\/wp-json\/wp\/v2\/types\/post"}],"author":[{"embeddable":true,"href":"https:\/\/alminutonoticia.com\/noticias\/wp-json\/wp\/v2\/users\/2"}],"replies":[{"embeddable":true,"href":"https:\/\/alminutonoticia.com\/noticias\/wp-json\/wp\/v2\/comments?post=18114"}],"version-history":[{"count":1,"href":"https:\/\/alminutonoticia.com\/noticias\/wp-json\/wp\/v2\/posts\/18114\/revisions"}],"predecessor-version":[{"id":18117,"href":"https:\/\/alminutonoticia.com\/noticias\/wp-json\/wp\/v2\/posts\/18114\/revisions\/18117"}],"wp:featuredmedia":[{"embeddable":true,"href":"https:\/\/alminutonoticia.com\/noticias\/wp-json\/wp\/v2\/media\/18115"}],"wp:attachment":[{"href":"https:\/\/alminutonoticia.com\/noticias\/wp-json\/wp\/v2\/media?parent=18114"}],"wp:term":[{"taxonomy":"category","embeddable":true,"href":"https:\/\/alminutonoticia.com\/noticias\/wp-json\/wp\/v2\/categories?post=18114"},{"taxonomy":"post_tag","embeddable":true,"href":"https:\/\/alminutonoticia.com\/noticias\/wp-json\/wp\/v2\/tags?post=18114"}],"curies":[{"name":"wp","href":"https:\/\/api.w.org\/{rel}","templated":true}]}}