{"id":18110,"date":"2025-11-26T13:30:32","date_gmt":"2025-11-26T13:30:32","guid":{"rendered":"https:\/\/alminutonoticia.com\/noticias\/?p=18110"},"modified":"2025-11-26T13:30:34","modified_gmt":"2025-11-26T13:30:34","slug":"apede-destaca-que-los-nuevos-proyectos-del-canal-impulsaran-inversion-crecimiento-y-empleo-para-la-proxima-decada","status":"publish","type":"post","link":"https:\/\/alminutonoticia.com\/noticias\/apede-destaca-que-los-nuevos-proyectos-del-canal-impulsaran-inversion-crecimiento-y-empleo-para-la-proxima-decada\/","title":{"rendered":"APEDE destaca que los nuevos proyectos del Canal impulsar\u00e1n inversi\u00f3n, crecimiento y empleo para la pr\u00f3xima d\u00e9cada"},"content":{"rendered":"\n<p>La Asociaci\u00f3n Paname\u00f1a de Ejecutivos de Empresa (APEDE) destac\u00f3 este martes que los nuevos proyectos anunciados por el Administrador de la Autoridad del Canal de Panam\u00e1, Ricaurte V\u00e1squez, marcar\u00e1n una d\u00e9cada decisiva para la atracci\u00f3n de inversiones, el crecimiento econ\u00f3mico y la generaci\u00f3n de empleo en el pa\u00eds.<\/p>\n\n\n\n<p>Durante su exposici\u00f3n, V\u00e1squez explic\u00f3 que el programa de inversiones canalero podr\u00eda representar entre B\/.1,500 y B\/.2,500 millones adicionales de ingresos anuales, impulsado por proyectos estrat\u00e9gicos como el gasoducto interoce\u00e1nico \u2014valorado entre B\/.8,500 y B\/.9,000 millones\u2014, el desarrollo de nuevas terminales portuarias en ambas riberas y los avances del Proyecto R\u00edo Indio, esencial para la seguridad h\u00eddrica y la continuidad operativa del Canal.<\/p>\n\n\n\n<p>El administrador de la Autoridad del Canal de Panam\u00e1 tambi\u00e9n inform\u00f3 que m\u00e1s de 17 a 20 entidades internacionales ya participan en reuniones t\u00e9cnicas sobre el gasoducto, mientras que las conversaciones con empresas interesadas en las terminales portuarias iniciar\u00e1n la pr\u00f3xima semana, con un proceso de precalificaci\u00f3n previsto para diciembre o enero. Estos proyectos, se\u00f1al\u00f3, integrar\u00e1n al Canal de manera m\u00e1s profunda con la econom\u00eda nacional y permitir\u00e1n que Panam\u00e1 capture nuevas oportunidades en los mercados energ\u00e9ticos, log\u00edsticos y de conectividad global.<\/p>\n\n\n\n<p>V\u00e1squez reiter\u00f3 que todas las concesiones se realizar\u00e1n bajo la m\u00e1s amplia competencia, conforme al Tratado de Neutralidad, y que cualquier empresa podr\u00e1 participar en igualdad de condiciones, garantizando transparencia y criterios t\u00e9cnicos en cada etapa del proceso.<\/p>\n\n\n\n<p>Asimismo, explic\u00f3 que el componente social del Proyecto R\u00edo Indio contin\u00faa avanzando, con m\u00e1s de 23,000 t\u00edtulos de propiedad gestionados en la cuenca y un proceso de di\u00e1logo estructurado con las 2,500 personas y 550 familias que podr\u00edan verse impactadas destacando que la gesti\u00f3n social y ambiental ser\u00e1 determinante para asegurar la sostenibilidad del proyecto.<\/p>\n\n\n\n<p>En sus declaraciones a los medios, la presidenta de APEDE, Giulia De Sanctis, se\u00f1al\u00f3 que la magnitud de las inversiones anunciadas por el Canal abre una oportunidad hist\u00f3rica para el pa\u00eds, especialmente en un contexto de bajo consumo interno, alta informalidad y ca\u00edda en la inversi\u00f3n extranjera directa. Afirm\u00f3 que estas iniciativas permitir\u00e1n impulsar el empleo, atraer capital internacional y reactivar sectores estrat\u00e9gicos.<\/p>\n\n\n\n<p>\u201cAs\u00ed como la ampliaci\u00f3n del Canal gener\u00f3 un periodo de bonanza econ\u00f3mica, confiamos en que estos nuevos proyectos tendr\u00e1n un impacto muy positivo en los trabajadores, en la econom\u00eda y en la capacidad del pa\u00eds para atraer inversiones serias\u201d, indic\u00f3. A\u00f1adi\u00f3 que APEDE divulgar\u00e1 esta informaci\u00f3n en sus an\u00e1lisis econ\u00f3micos y en foros internacionales, especialmente ante potenciales inversionistas.<\/p>\n\n\n\n<p>Este intercambio tuvo lugar en el marco de la Reuni\u00f3n Mensual de noviembre de APEDE, un encuentro que se realiza tradicionalmente para analizar temas de impacto nacional y que en esta ocasi\u00f3n abri\u00f3 espacio para reflexionar sobre el rol estrat\u00e9gico del Canal en la identidad y el futuro del pa\u00eds.<\/p>\n\n\n\n<figure class=\"wp-block-image size-large\"><a href=\"https:\/\/alminutonoticia.com\/noticias\/wp-content\/uploads\/2025\/11\/Imagen-de-WhatsApp-2025-11-26-a-las-06.28.51_ceaaae35-scaled.jpg\"><img fetchpriority=\"high\" decoding=\"async\" width=\"1024\" height=\"683\" src=\"https:\/\/alminutonoticia.com\/noticias\/wp-content\/uploads\/2025\/11\/Imagen-de-WhatsApp-2025-11-26-a-las-06.28.51_ceaaae35-1024x683.jpg\" alt=\"\" class=\"wp-image-18111\" title=\"\" srcset=\"https:\/\/alminutonoticia.com\/noticias\/wp-content\/uploads\/2025\/11\/Imagen-de-WhatsApp-2025-11-26-a-las-06.28.51_ceaaae35-1024x683.jpg 1024w, https:\/\/alminutonoticia.com\/noticias\/wp-content\/uploads\/2025\/11\/Imagen-de-WhatsApp-2025-11-26-a-las-06.28.51_ceaaae35-300x200.jpg 300w, https:\/\/alminutonoticia.com\/noticias\/wp-content\/uploads\/2025\/11\/Imagen-de-WhatsApp-2025-11-26-a-las-06.28.51_ceaaae35-768x512.jpg 768w, https:\/\/alminutonoticia.com\/noticias\/wp-content\/uploads\/2025\/11\/Imagen-de-WhatsApp-2025-11-26-a-las-06.28.51_ceaaae35-1536x1024.jpg 1536w, https:\/\/alminutonoticia.com\/noticias\/wp-content\/uploads\/2025\/11\/Imagen-de-WhatsApp-2025-11-26-a-las-06.28.51_ceaaae35-2048x1365.jpg 2048w\" sizes=\"(max-width: 1024px) 100vw, 1024px\" \/><\/a><\/figure>\n","protected":false},"excerpt":{"rendered":"<p>La Asociaci\u00f3n Paname\u00f1a de Ejecutivos de Empresa (APEDE) destac\u00f3 este martes que los nuevos proyectos anunciados por el Administrador de la Autoridad del Canal de Panam\u00e1, Ricaurte V\u00e1squez, marcar\u00e1n una d\u00e9cada decisiva para la atracci\u00f3n de inversiones, el crecimiento econ\u00f3mico y la generaci\u00f3n de empleo en el pa\u00eds. Durante su exposici\u00f3n, V\u00e1squez explic\u00f3 que el [&hellip;]<\/p>\n","protected":false},"author":2,"featured_media":18112,"comment_status":"open","ping_status":"open","sticky":false,"template":"","format":"standard","meta":{"footnotes":""},"categories":[36],"tags":[],"class_list":["post-18110","post","type-post","status-publish","format-standard","has-post-thumbnail","hentry","category-nacionales"],"_links":{"self":[{"href":"https:\/\/alminutonoticia.com\/noticias\/wp-json\/wp\/v2\/posts\/18110","targetHints":{"allow":["GET"]}}],"collection":[{"href":"https:\/\/alminutonoticia.com\/noticias\/wp-json\/wp\/v2\/posts"}],"about":[{"href":"https:\/\/alminutonoticia.com\/noticias\/wp-json\/wp\/v2\/types\/post"}],"author":[{"embeddable":true,"href":"https:\/\/alminutonoticia.com\/noticias\/wp-json\/wp\/v2\/users\/2"}],"replies":[{"embeddable":true,"href":"https:\/\/alminutonoticia.com\/noticias\/wp-json\/wp\/v2\/comments?post=18110"}],"version-history":[{"count":1,"href":"https:\/\/alminutonoticia.com\/noticias\/wp-json\/wp\/v2\/posts\/18110\/revisions"}],"predecessor-version":[{"id":18113,"href":"https:\/\/alminutonoticia.com\/noticias\/wp-json\/wp\/v2\/posts\/18110\/revisions\/18113"}],"wp:featuredmedia":[{"embeddable":true,"href":"https:\/\/alminutonoticia.com\/noticias\/wp-json\/wp\/v2\/media\/18112"}],"wp:attachment":[{"href":"https:\/\/alminutonoticia.com\/noticias\/wp-json\/wp\/v2\/media?parent=18110"}],"wp:term":[{"taxonomy":"category","embeddable":true,"href":"https:\/\/alminutonoticia.com\/noticias\/wp-json\/wp\/v2\/categories?post=18110"},{"taxonomy":"post_tag","embeddable":true,"href":"https:\/\/alminutonoticia.com\/noticias\/wp-json\/wp\/v2\/tags?post=18110"}],"curies":[{"name":"wp","href":"https:\/\/api.w.org\/{rel}","templated":true}]}}