{"id":18099,"date":"2025-11-25T16:01:22","date_gmt":"2025-11-25T16:01:22","guid":{"rendered":"https:\/\/alminutonoticia.com\/noticias\/?p=18099"},"modified":"2025-11-25T16:01:24","modified_gmt":"2025-11-25T16:01:24","slug":"ministro-molto-recibe-reconocimiento-por-su-liderazgo-en-el-fortalecimiento-de-cooperativas-en-panama","status":"publish","type":"post","link":"https:\/\/alminutonoticia.com\/noticias\/ministro-molto-recibe-reconocimiento-por-su-liderazgo-en-el-fortalecimiento-de-cooperativas-en-panama\/","title":{"rendered":"Ministro Molt\u00f3 recibe reconocimiento por su liderazgo en el fortalecimiento de cooperativas en Panam\u00e1"},"content":{"rendered":"\n<p>El ministro de Comercio e Industrias, Julio Molt\u00f3, recibi\u00f3 un reconocimiento durante la inauguraci\u00f3n de la jornada regional del A\u00f1o Internacional de las Cooperativas 2025, destacando su \u201cliderazgo, compromiso y altruismo para fortalecer los valores cooperativistas\u201d en el pa\u00eds.<\/p>\n\n\n\n<p>En su intervenci\u00f3n, el ministro reafirm\u00f3 que las cooperativas son fundamentales para fortalecer la producci\u00f3n nacional, dinamizar las econom\u00edas locales y ampliar las posibilidades de emprendimiento, subrayando los avances del Estado en simplificaci\u00f3n de tr\u00e1mites, reglas claras e incentivos que buscan conectar a las comunidades con mercados nacionales e internacionales.<\/p>\n\n\n\n<figure class=\"wp-block-image size-large\"><a href=\"https:\/\/alminutonoticia.com\/noticias\/wp-content\/uploads\/2025\/11\/WhatsApp-Image-2025-11-25-at-10.44.13-AM.jpeg\"><img fetchpriority=\"high\" decoding=\"async\" width=\"1024\" height=\"683\" src=\"https:\/\/alminutonoticia.com\/noticias\/wp-content\/uploads\/2025\/11\/WhatsApp-Image-2025-11-25-at-10.44.13-AM-1024x683.jpeg\" alt=\"\" class=\"wp-image-18102\" title=\"\" srcset=\"https:\/\/alminutonoticia.com\/noticias\/wp-content\/uploads\/2025\/11\/WhatsApp-Image-2025-11-25-at-10.44.13-AM-1024x683.jpeg 1024w, https:\/\/alminutonoticia.com\/noticias\/wp-content\/uploads\/2025\/11\/WhatsApp-Image-2025-11-25-at-10.44.13-AM-300x200.jpeg 300w, https:\/\/alminutonoticia.com\/noticias\/wp-content\/uploads\/2025\/11\/WhatsApp-Image-2025-11-25-at-10.44.13-AM-768x512.jpeg 768w, https:\/\/alminutonoticia.com\/noticias\/wp-content\/uploads\/2025\/11\/WhatsApp-Image-2025-11-25-at-10.44.13-AM.jpeg 1280w\" sizes=\"(max-width: 1024px) 100vw, 1024px\" \/><\/a><\/figure>\n\n\n\n<p>El reconocimiento, entregado por Erika Vargas, directora de IPACOOP, destac\u00f3 adem\u00e1s su participaci\u00f3n y contribuci\u00f3n para \u201csuperar las expectativas\u201d durante este 4\u00ba Encuentro Oficial, titulado \u201cEconom\u00eda y sociedad del cuidado: las cooperativas aportando al desarrollo sostenible para un futuro mejor en las Am\u00e9ricas\u201d.<\/p>\n\n\n\n<div class=\"wp-block-columns is-layout-flex wp-container-core-columns-is-layout-28f84493 wp-block-columns-is-layout-flex\">\n<div class=\"wp-block-column is-layout-flow wp-block-column-is-layout-flow\">\n<figure class=\"wp-block-image size-large\"><a href=\"https:\/\/alminutonoticia.com\/noticias\/wp-content\/uploads\/2025\/11\/WhatsApp-Image-2025-11-25-at-10.44.11-AM-2.jpeg\"><img decoding=\"async\" width=\"1024\" height=\"683\" src=\"https:\/\/alminutonoticia.com\/noticias\/wp-content\/uploads\/2025\/11\/WhatsApp-Image-2025-11-25-at-10.44.11-AM-2-1024x683.jpeg\" alt=\"\" class=\"wp-image-18100\" title=\"\" srcset=\"https:\/\/alminutonoticia.com\/noticias\/wp-content\/uploads\/2025\/11\/WhatsApp-Image-2025-11-25-at-10.44.11-AM-2-1024x683.jpeg 1024w, https:\/\/alminutonoticia.com\/noticias\/wp-content\/uploads\/2025\/11\/WhatsApp-Image-2025-11-25-at-10.44.11-AM-2-300x200.jpeg 300w, https:\/\/alminutonoticia.com\/noticias\/wp-content\/uploads\/2025\/11\/WhatsApp-Image-2025-11-25-at-10.44.11-AM-2-768x512.jpeg 768w, https:\/\/alminutonoticia.com\/noticias\/wp-content\/uploads\/2025\/11\/WhatsApp-Image-2025-11-25-at-10.44.11-AM-2.jpeg 1280w\" sizes=\"(max-width: 1024px) 100vw, 1024px\" \/><\/a><\/figure>\n<\/div>\n\n\n\n<div class=\"wp-block-column is-layout-flow wp-block-column-is-layout-flow\">\n<figure class=\"wp-block-image size-large\"><a href=\"https:\/\/alminutonoticia.com\/noticias\/wp-content\/uploads\/2025\/11\/WhatsApp-Image-2025-11-25-at-10.44.11-AM-1.jpeg\"><img decoding=\"async\" width=\"1024\" height=\"683\" src=\"https:\/\/alminutonoticia.com\/noticias\/wp-content\/uploads\/2025\/11\/WhatsApp-Image-2025-11-25-at-10.44.11-AM-1-1024x683.jpeg\" alt=\"\" class=\"wp-image-18101\" title=\"\" srcset=\"https:\/\/alminutonoticia.com\/noticias\/wp-content\/uploads\/2025\/11\/WhatsApp-Image-2025-11-25-at-10.44.11-AM-1-1024x683.jpeg 1024w, https:\/\/alminutonoticia.com\/noticias\/wp-content\/uploads\/2025\/11\/WhatsApp-Image-2025-11-25-at-10.44.11-AM-1-300x200.jpeg 300w, https:\/\/alminutonoticia.com\/noticias\/wp-content\/uploads\/2025\/11\/WhatsApp-Image-2025-11-25-at-10.44.11-AM-1-768x512.jpeg 768w, https:\/\/alminutonoticia.com\/noticias\/wp-content\/uploads\/2025\/11\/WhatsApp-Image-2025-11-25-at-10.44.11-AM-1.jpeg 1280w\" sizes=\"(max-width: 1024px) 100vw, 1024px\" \/><\/a><\/figure>\n<\/div>\n<\/div>\n\n\n\n<p>Durante la ceremonia tambi\u00e9n ofrecieron palabras Erika Vargas, directora ejecutiva de IPACOOP; Jos\u00e9 Alves de Souza Neto, presidente de Cooperativas de las Am\u00e9ricas; Ariel Guarco, presidente de ACI Am\u00e9ricas; y Paula Narv\u00e1ez, embajadora de Chile ante las Naciones Unidas. La presencia de organismos como CEPAL, ONU Mujeres, FAO, OIT y UNESCO reforz\u00f3 el llamado del ministro a convertir las discusiones de esta semana en proyectos concretos que impacten de manera real a miles de familias en la regi\u00f3n.<\/p>\n\n\n\n<div class=\"wp-block-columns is-layout-flex wp-container-core-columns-is-layout-28f84493 wp-block-columns-is-layout-flex\">\n<div class=\"wp-block-column is-layout-flow wp-block-column-is-layout-flow\">\n<figure class=\"wp-block-image size-large\"><a href=\"https:\/\/alminutonoticia.com\/noticias\/wp-content\/uploads\/2025\/11\/WhatsApp-Image-2025-11-25-at-10.44.11-AM-3.jpeg\"><img loading=\"lazy\" decoding=\"async\" width=\"1024\" height=\"683\" src=\"https:\/\/alminutonoticia.com\/noticias\/wp-content\/uploads\/2025\/11\/WhatsApp-Image-2025-11-25-at-10.44.11-AM-3-1024x683.jpeg\" alt=\"\" class=\"wp-image-18103\" title=\"\" srcset=\"https:\/\/alminutonoticia.com\/noticias\/wp-content\/uploads\/2025\/11\/WhatsApp-Image-2025-11-25-at-10.44.11-AM-3-1024x683.jpeg 1024w, https:\/\/alminutonoticia.com\/noticias\/wp-content\/uploads\/2025\/11\/WhatsApp-Image-2025-11-25-at-10.44.11-AM-3-300x200.jpeg 300w, https:\/\/alminutonoticia.com\/noticias\/wp-content\/uploads\/2025\/11\/WhatsApp-Image-2025-11-25-at-10.44.11-AM-3-768x512.jpeg 768w, https:\/\/alminutonoticia.com\/noticias\/wp-content\/uploads\/2025\/11\/WhatsApp-Image-2025-11-25-at-10.44.11-AM-3.jpeg 1280w\" sizes=\"(max-width: 1024px) 100vw, 1024px\" \/><\/a><\/figure>\n<\/div>\n\n\n\n<div class=\"wp-block-column is-layout-flow wp-block-column-is-layout-flow\">\n<figure class=\"wp-block-image size-large\"><a href=\"https:\/\/alminutonoticia.com\/noticias\/wp-content\/uploads\/2025\/11\/WhatsApp-Image-2025-11-25-at-10.44.11-AM.jpeg\"><img loading=\"lazy\" decoding=\"async\" width=\"1024\" height=\"683\" src=\"https:\/\/alminutonoticia.com\/noticias\/wp-content\/uploads\/2025\/11\/WhatsApp-Image-2025-11-25-at-10.44.11-AM-1024x683.jpeg\" alt=\"\" class=\"wp-image-18104\" title=\"\" srcset=\"https:\/\/alminutonoticia.com\/noticias\/wp-content\/uploads\/2025\/11\/WhatsApp-Image-2025-11-25-at-10.44.11-AM-1024x683.jpeg 1024w, https:\/\/alminutonoticia.com\/noticias\/wp-content\/uploads\/2025\/11\/WhatsApp-Image-2025-11-25-at-10.44.11-AM-300x200.jpeg 300w, https:\/\/alminutonoticia.com\/noticias\/wp-content\/uploads\/2025\/11\/WhatsApp-Image-2025-11-25-at-10.44.11-AM-768x512.jpeg 768w, https:\/\/alminutonoticia.com\/noticias\/wp-content\/uploads\/2025\/11\/WhatsApp-Image-2025-11-25-at-10.44.11-AM.jpeg 1280w\" sizes=\"(max-width: 1024px) 100vw, 1024px\" \/><\/a><\/figure>\n<\/div>\n<\/div>\n\n\n\n<p>Molt\u00f3 concluy\u00f3 reafirmando el compromiso de Panam\u00e1 de seguir siendo un pa\u00eds que convoca, facilita y promueve soluciones colaborativas para el desarrollo sostenible.<\/p>\n\n\n\n<p>El evento fue organizado por la oficina regional de la Alianza Cooperativa Internacional (ACI Am\u00e9ricas) y el Instituto Paname\u00f1o Aut\u00f3nomo Cooperativo (IPACOOP).<\/p>\n","protected":false},"excerpt":{"rendered":"<p>El ministro de Comercio e Industrias, Julio Molt\u00f3, recibi\u00f3 un reconocimiento durante la inauguraci\u00f3n de la jornada regional del A\u00f1o Internacional de las Cooperativas 2025, destacando su \u201cliderazgo, compromiso y altruismo para fortalecer los valores cooperativistas\u201d en el pa\u00eds. En su intervenci\u00f3n, el ministro reafirm\u00f3 que las cooperativas son fundamentales para fortalecer la producci\u00f3n nacional, [&hellip;]<\/p>\n","protected":false},"author":3,"featured_media":18102,"comment_status":"open","ping_status":"open","sticky":false,"template":"","format":"standard","meta":{"footnotes":""},"categories":[36],"tags":[],"class_list":["post-18099","post","type-post","status-publish","format-standard","has-post-thumbnail","hentry","category-nacionales"],"_links":{"self":[{"href":"https:\/\/alminutonoticia.com\/noticias\/wp-json\/wp\/v2\/posts\/18099","targetHints":{"allow":["GET"]}}],"collection":[{"href":"https:\/\/alminutonoticia.com\/noticias\/wp-json\/wp\/v2\/posts"}],"about":[{"href":"https:\/\/alminutonoticia.com\/noticias\/wp-json\/wp\/v2\/types\/post"}],"author":[{"embeddable":true,"href":"https:\/\/alminutonoticia.com\/noticias\/wp-json\/wp\/v2\/users\/3"}],"replies":[{"embeddable":true,"href":"https:\/\/alminutonoticia.com\/noticias\/wp-json\/wp\/v2\/comments?post=18099"}],"version-history":[{"count":1,"href":"https:\/\/alminutonoticia.com\/noticias\/wp-json\/wp\/v2\/posts\/18099\/revisions"}],"predecessor-version":[{"id":18105,"href":"https:\/\/alminutonoticia.com\/noticias\/wp-json\/wp\/v2\/posts\/18099\/revisions\/18105"}],"wp:featuredmedia":[{"embeddable":true,"href":"https:\/\/alminutonoticia.com\/noticias\/wp-json\/wp\/v2\/media\/18102"}],"wp:attachment":[{"href":"https:\/\/alminutonoticia.com\/noticias\/wp-json\/wp\/v2\/media?parent=18099"}],"wp:term":[{"taxonomy":"category","embeddable":true,"href":"https:\/\/alminutonoticia.com\/noticias\/wp-json\/wp\/v2\/categories?post=18099"},{"taxonomy":"post_tag","embeddable":true,"href":"https:\/\/alminutonoticia.com\/noticias\/wp-json\/wp\/v2\/tags?post=18099"}],"curies":[{"name":"wp","href":"https:\/\/api.w.org\/{rel}","templated":true}]}}