{"id":18095,"date":"2025-11-25T15:55:52","date_gmt":"2025-11-25T15:55:52","guid":{"rendered":"https:\/\/alminutonoticia.com\/noticias\/?p=18095"},"modified":"2025-11-25T15:56:53","modified_gmt":"2025-11-25T15:56:53","slug":"panama-destaca-en-la-escena-museologica-internacional-durante-icom-dubai-2025","status":"publish","type":"post","link":"https:\/\/alminutonoticia.com\/noticias\/panama-destaca-en-la-escena-museologica-internacional-durante-icom-dubai-2025\/","title":{"rendered":"Panam\u00e1 destaca en la escena museol\u00f3gica internacional durante ICOM Dub\u00e1i 2025"},"content":{"rendered":"\n<p>Panam\u00e1 consolid\u00f3 su presencia en la escena museol\u00f3gica internacional con la destacada participaci\u00f3n en la 27\u00aa Conferencia General del Consejo Internacional de Museos (ICOM), celebrada recientemente en Dub\u00e1i bajo el lema \u201cEl futuro de los museos en comunidades que cambian r\u00e1pidamente\u201d.<\/p>\n\n\n\n<p>La Directora Ejecutiva y Curadora en Jefe del Museo del Canal de Panam\u00e1, as\u00ed como Presidenta de ICOM Panam\u00e1, Ana Elizabeth Gonz\u00e1lez, represent\u00f3 al pa\u00eds en este encuentro, considerado uno de los m\u00e1s importantes del sector a nivel global.<\/p>\n\n\n\n<p>La conferencia, que se realiza cada tres a\u00f1os, reuni\u00f3 a miles de profesionales de museos, acad\u00e9micos y l\u00edderes culturales de m\u00e1s de 150 pa\u00edses. Durante el evento, se abordaron los principales desaf\u00edos y oportunidades del sector en un contexto global en constante transformaci\u00f3n.<\/p>\n\n\n\n<figure class=\"wp-block-image size-large\"><a href=\"https:\/\/alminutonoticia.com\/noticias\/wp-content\/uploads\/2025\/11\/WhatsApp-Image-2025-11-25-at-8.11.55-AM.jpeg\"><img fetchpriority=\"high\" decoding=\"async\" width=\"1024\" height=\"768\" src=\"https:\/\/alminutonoticia.com\/noticias\/wp-content\/uploads\/2025\/11\/WhatsApp-Image-2025-11-25-at-8.11.55-AM-1024x768.jpeg\" alt=\"\" class=\"wp-image-18096\" title=\"\" srcset=\"https:\/\/alminutonoticia.com\/noticias\/wp-content\/uploads\/2025\/11\/WhatsApp-Image-2025-11-25-at-8.11.55-AM-1024x768.jpeg 1024w, https:\/\/alminutonoticia.com\/noticias\/wp-content\/uploads\/2025\/11\/WhatsApp-Image-2025-11-25-at-8.11.55-AM-300x225.jpeg 300w, https:\/\/alminutonoticia.com\/noticias\/wp-content\/uploads\/2025\/11\/WhatsApp-Image-2025-11-25-at-8.11.55-AM-768x576.jpeg 768w, https:\/\/alminutonoticia.com\/noticias\/wp-content\/uploads\/2025\/11\/WhatsApp-Image-2025-11-25-at-8.11.55-AM.jpeg 1280w\" sizes=\"(max-width: 1024px) 100vw, 1024px\" \/><\/a><\/figure>\n\n\n\n<p>La participaci\u00f3n de Gonz\u00e1lez permiti\u00f3 visibilizar las pr\u00e1cticas innovadoras del Museo del Canal en diversificaci\u00f3n narrativa, inclusi\u00f3n, educaci\u00f3n y sostenibilidad.<\/p>\n\n\n\n<p>Adem\u00e1s de mostrar los avances del pa\u00eds en la construcci\u00f3n de un modelo museal plural y contempor\u00e1neo, Gonz\u00e1lez estableci\u00f3 alianzas estrat\u00e9gicas con instituciones internacionales y comparti\u00f3 experiencias con colegas de todo el mundo.<\/p>\n\n\n\n<p>\u201cEl futuro de los museos depende de nuestra capacidad de adaptarnos sin perder de vista lo esencial: las comunidades que les dan sentido. Este encuentro en Dub\u00e1i es una oportunidad para repensar nuestro rol como espacios de memoria, reflexi\u00f3n y encuentro ciudadano\u201d, afirm\u00f3 Gonz\u00e1lez.<\/p>\n\n\n\n<p>Agenda internacional contin\u00faa en Par\u00eds<\/p>\n\n\n\n<p>Tras ICOM Dub\u00e1i, Gonz\u00e1lez continu\u00f3 su agenda en Par\u00eds, donde ofreci\u00f3 una conferencia en la Maison de l\u2019Am\u00e9rique Latine sobre la renovaci\u00f3n integral del Museo del Canal y la diversificaci\u00f3n de narrativas hist\u00f3ricas y culturales. Esta actividad se realiza en colaboraci\u00f3n acad\u00e9mica con la Sorbonne Universit\u00e9.<\/p>\n\n\n\n<p>\u201cPar\u00eds ha sido hist\u00f3ricamente un punto de encuentro entre Am\u00e9rica Latina y Europa. Retomar estos di\u00e1logos nos permite situar la historia de Panam\u00e1 dentro de una conversaci\u00f3n global, desde una mirada contempor\u00e1nea y descolonizadora\u201d, se\u00f1al\u00f3 Gonz\u00e1lez.<\/p>\n\n\n\n<figure class=\"wp-block-image size-large\"><a href=\"https:\/\/alminutonoticia.com\/noticias\/wp-content\/uploads\/2025\/11\/WhatsApp-Image-2025-11-25-at-8.11.55-AM-1.jpeg\"><img decoding=\"async\" width=\"1024\" height=\"543\" src=\"https:\/\/alminutonoticia.com\/noticias\/wp-content\/uploads\/2025\/11\/WhatsApp-Image-2025-11-25-at-8.11.55-AM-1-1024x543.jpeg\" alt=\"\" class=\"wp-image-18097\" title=\"\" srcset=\"https:\/\/alminutonoticia.com\/noticias\/wp-content\/uploads\/2025\/11\/WhatsApp-Image-2025-11-25-at-8.11.55-AM-1-1024x543.jpeg 1024w, https:\/\/alminutonoticia.com\/noticias\/wp-content\/uploads\/2025\/11\/WhatsApp-Image-2025-11-25-at-8.11.55-AM-1-300x159.jpeg 300w, https:\/\/alminutonoticia.com\/noticias\/wp-content\/uploads\/2025\/11\/WhatsApp-Image-2025-11-25-at-8.11.55-AM-1-768x407.jpeg 768w, https:\/\/alminutonoticia.com\/noticias\/wp-content\/uploads\/2025\/11\/WhatsApp-Image-2025-11-25-at-8.11.55-AM-1-1536x814.jpeg 1536w, https:\/\/alminutonoticia.com\/noticias\/wp-content\/uploads\/2025\/11\/WhatsApp-Image-2025-11-25-at-8.11.55-AM-1.jpeg 1576w\" sizes=\"(max-width: 1024px) 100vw, 1024px\" \/><\/a><\/figure>\n\n\n\n<p>Con esta doble agenda en Dub\u00e1i y Par\u00eds, Panam\u00e1 reafirma su liderazgo en redes internacionales de cooperaci\u00f3n museol\u00f3gica y cultural, promoviendo un modelo de museo diverso, innovador y conectado con las realidades sociales contempor\u00e1neas.<\/p>\n","protected":false},"excerpt":{"rendered":"<p>Panam\u00e1 consolid\u00f3 su presencia en la escena museol\u00f3gica internacional con la destacada participaci\u00f3n en la 27\u00aa Conferencia General del Consejo Internacional de Museos (ICOM), celebrada recientemente en Dub\u00e1i bajo el lema \u201cEl futuro de los museos en comunidades que cambian r\u00e1pidamente\u201d. La Directora Ejecutiva y Curadora en Jefe del Museo del Canal de Panam\u00e1, as\u00ed [&hellip;]<\/p>\n","protected":false},"author":3,"featured_media":18097,"comment_status":"open","ping_status":"open","sticky":false,"template":"","format":"standard","meta":{"footnotes":""},"categories":[36],"tags":[],"class_list":["post-18095","post","type-post","status-publish","format-standard","has-post-thumbnail","hentry","category-nacionales"],"_links":{"self":[{"href":"https:\/\/alminutonoticia.com\/noticias\/wp-json\/wp\/v2\/posts\/18095","targetHints":{"allow":["GET"]}}],"collection":[{"href":"https:\/\/alminutonoticia.com\/noticias\/wp-json\/wp\/v2\/posts"}],"about":[{"href":"https:\/\/alminutonoticia.com\/noticias\/wp-json\/wp\/v2\/types\/post"}],"author":[{"embeddable":true,"href":"https:\/\/alminutonoticia.com\/noticias\/wp-json\/wp\/v2\/users\/3"}],"replies":[{"embeddable":true,"href":"https:\/\/alminutonoticia.com\/noticias\/wp-json\/wp\/v2\/comments?post=18095"}],"version-history":[{"count":1,"href":"https:\/\/alminutonoticia.com\/noticias\/wp-json\/wp\/v2\/posts\/18095\/revisions"}],"predecessor-version":[{"id":18098,"href":"https:\/\/alminutonoticia.com\/noticias\/wp-json\/wp\/v2\/posts\/18095\/revisions\/18098"}],"wp:featuredmedia":[{"embeddable":true,"href":"https:\/\/alminutonoticia.com\/noticias\/wp-json\/wp\/v2\/media\/18097"}],"wp:attachment":[{"href":"https:\/\/alminutonoticia.com\/noticias\/wp-json\/wp\/v2\/media?parent=18095"}],"wp:term":[{"taxonomy":"category","embeddable":true,"href":"https:\/\/alminutonoticia.com\/noticias\/wp-json\/wp\/v2\/categories?post=18095"},{"taxonomy":"post_tag","embeddable":true,"href":"https:\/\/alminutonoticia.com\/noticias\/wp-json\/wp\/v2\/tags?post=18095"}],"curies":[{"name":"wp","href":"https:\/\/api.w.org\/{rel}","templated":true}]}}