{"id":18088,"date":"2025-11-13T03:50:16","date_gmt":"2025-11-13T03:50:16","guid":{"rendered":"https:\/\/alminutonoticia.com\/noticias\/?p=18088"},"modified":"2025-11-13T03:57:47","modified_gmt":"2025-11-13T03:57:47","slug":"el-minsa-promueve-la-vacunacion-para-prevenir-la-neumonia","status":"publish","type":"post","link":"https:\/\/alminutonoticia.com\/noticias\/el-minsa-promueve-la-vacunacion-para-prevenir-la-neumonia\/","title":{"rendered":"El Minsa promueve la vacunaci\u00f3n para prevenir la Neumon\u00eda"},"content":{"rendered":"\n<p>. La Neumon\u00eda sigue siendo una de las principales causas de morbilidad y mortalidad en ni\u00f1os y adultos mayores, por lo que el Ministerio de Salud (Minsa) promueve la vacuna contra el Neumococo para prevenir este infecci\u00f3n respiratoria.<\/p>\n\n\n\n<p>El Ministerio de Salud se suma a la conmemoraci\u00f3n del D\u00eda Internacional contra del Neumon\u00eda, con el objetivo de sensibilizar sobre los riesgos de esta enfermedad y la necesidad de prevenirla.<\/p>\n\n\n\n<p>Fernando Boyd Galindo, ministro de Salud, manifest\u00f3 que, para reducir el riesgo de Neumon\u00eda, es fundamental adoptar medidas de prevenci\u00f3n como es la aplicaci\u00f3n de la vacuna de Neumococo en ni\u00f1os y adultos mayores.<\/p>\n\n\n\n<div class=\"wp-block-columns is-layout-flex wp-container-core-columns-is-layout-28f84493 wp-block-columns-is-layout-flex\">\n<div class=\"wp-block-column is-layout-flow wp-block-column-is-layout-flow\">\n<figure class=\"wp-block-image size-large\"><a href=\"https:\/\/alminutonoticia.com\/noticias\/wp-content\/uploads\/2025\/11\/WhatsApp-Image-2025-11-12-at-3.39.17-PM-2.jpeg\"><img fetchpriority=\"high\" decoding=\"async\" width=\"1024\" height=\"682\" src=\"https:\/\/alminutonoticia.com\/noticias\/wp-content\/uploads\/2025\/11\/WhatsApp-Image-2025-11-12-at-3.39.17-PM-2-1024x682.jpeg\" alt=\"\" class=\"wp-image-18089\" title=\"\" srcset=\"https:\/\/alminutonoticia.com\/noticias\/wp-content\/uploads\/2025\/11\/WhatsApp-Image-2025-11-12-at-3.39.17-PM-2-1024x682.jpeg 1024w, https:\/\/alminutonoticia.com\/noticias\/wp-content\/uploads\/2025\/11\/WhatsApp-Image-2025-11-12-at-3.39.17-PM-2-300x200.jpeg 300w, https:\/\/alminutonoticia.com\/noticias\/wp-content\/uploads\/2025\/11\/WhatsApp-Image-2025-11-12-at-3.39.17-PM-2-768x512.jpeg 768w, https:\/\/alminutonoticia.com\/noticias\/wp-content\/uploads\/2025\/11\/WhatsApp-Image-2025-11-12-at-3.39.17-PM-2.jpeg 1280w\" sizes=\"(max-width: 1024px) 100vw, 1024px\" \/><\/a><\/figure>\n<\/div>\n\n\n\n<div class=\"wp-block-column is-layout-flow wp-block-column-is-layout-flow\">\n<figure class=\"wp-block-image size-large\"><a href=\"https:\/\/alminutonoticia.com\/noticias\/wp-content\/uploads\/2025\/11\/WhatsApp-Image-2025-11-12-at-3.39.17-PM.jpeg\"><img decoding=\"async\" width=\"1024\" height=\"682\" src=\"https:\/\/alminutonoticia.com\/noticias\/wp-content\/uploads\/2025\/11\/WhatsApp-Image-2025-11-12-at-3.39.17-PM-1024x682.jpeg\" alt=\"\" class=\"wp-image-18090\" title=\"\" srcset=\"https:\/\/alminutonoticia.com\/noticias\/wp-content\/uploads\/2025\/11\/WhatsApp-Image-2025-11-12-at-3.39.17-PM-1024x682.jpeg 1024w, https:\/\/alminutonoticia.com\/noticias\/wp-content\/uploads\/2025\/11\/WhatsApp-Image-2025-11-12-at-3.39.17-PM-300x200.jpeg 300w, https:\/\/alminutonoticia.com\/noticias\/wp-content\/uploads\/2025\/11\/WhatsApp-Image-2025-11-12-at-3.39.17-PM-768x512.jpeg 768w, https:\/\/alminutonoticia.com\/noticias\/wp-content\/uploads\/2025\/11\/WhatsApp-Image-2025-11-12-at-3.39.17-PM.jpeg 1280w\" sizes=\"(max-width: 1024px) 100vw, 1024px\" \/><\/a><\/figure>\n<\/div>\n<\/div>\n\n\n\n<p>Ana Rivi\u00e9re Cinnamond, representante de la Organizaci\u00f3n Panamericana de la Salud y la Organizaci\u00f3n Mundial de la Salud OPS\/OMS, indic\u00f3 que acompa\u00f1amos al Ministerio de Salud en cada jornada de vacunaci\u00f3n, porque las vacunas salvan vidas.<\/p>\n\n\n\n<p>Itzel de Hewitt, coordinadora del Programa Ampliado de Inmunizaci\u00f3n (PAI), se\u00f1al\u00f3 que la Neumon\u00eda no solo afecta a los ni\u00f1os sino a los adultos mayores y a las personas que padecen enfermedades cr\u00f3nicas, por lo que hacen el llamado a la poblaci\u00f3n a vacunarse.<\/p>\n\n\n\n<p>El Minsa promueve la vacuna contra el Neumococo en ni\u00f1os menores de cinco a\u00f1os, adultos mayores de 60 a\u00f1os y a las personas que padecen de enfermedades cr\u00f3nicas.<\/p>\n\n\n\n<div class=\"wp-block-columns is-layout-flex wp-container-core-columns-is-layout-28f84493 wp-block-columns-is-layout-flex\">\n<div class=\"wp-block-column is-layout-flow wp-block-column-is-layout-flow\">\n<figure class=\"wp-block-image size-large\"><a href=\"https:\/\/alminutonoticia.com\/noticias\/wp-content\/uploads\/2025\/11\/WhatsApp-Image-2025-11-12-at-3.39.17-PM-1.jpeg\"><img decoding=\"async\" width=\"1024\" height=\"682\" src=\"https:\/\/alminutonoticia.com\/noticias\/wp-content\/uploads\/2025\/11\/WhatsApp-Image-2025-11-12-at-3.39.17-PM-1-1024x682.jpeg\" alt=\"\" class=\"wp-image-18091\" title=\"\" srcset=\"https:\/\/alminutonoticia.com\/noticias\/wp-content\/uploads\/2025\/11\/WhatsApp-Image-2025-11-12-at-3.39.17-PM-1-1024x682.jpeg 1024w, https:\/\/alminutonoticia.com\/noticias\/wp-content\/uploads\/2025\/11\/WhatsApp-Image-2025-11-12-at-3.39.17-PM-1-300x200.jpeg 300w, https:\/\/alminutonoticia.com\/noticias\/wp-content\/uploads\/2025\/11\/WhatsApp-Image-2025-11-12-at-3.39.17-PM-1-768x512.jpeg 768w, https:\/\/alminutonoticia.com\/noticias\/wp-content\/uploads\/2025\/11\/WhatsApp-Image-2025-11-12-at-3.39.17-PM-1.jpeg 1280w\" sizes=\"(max-width: 1024px) 100vw, 1024px\" \/><\/a><\/figure>\n<\/div>\n\n\n\n<div class=\"wp-block-column is-layout-flow wp-block-column-is-layout-flow\">\n<figure class=\"wp-block-image size-large\"><a href=\"https:\/\/alminutonoticia.com\/noticias\/wp-content\/uploads\/2025\/11\/WhatsApp-Image-2025-11-12-at-3.39.17-PM-3.jpeg\"><img loading=\"lazy\" decoding=\"async\" width=\"1024\" height=\"682\" src=\"https:\/\/alminutonoticia.com\/noticias\/wp-content\/uploads\/2025\/11\/WhatsApp-Image-2025-11-12-at-3.39.17-PM-3-1024x682.jpeg\" alt=\"\" class=\"wp-image-18092\" title=\"\" srcset=\"https:\/\/alminutonoticia.com\/noticias\/wp-content\/uploads\/2025\/11\/WhatsApp-Image-2025-11-12-at-3.39.17-PM-3-1024x682.jpeg 1024w, https:\/\/alminutonoticia.com\/noticias\/wp-content\/uploads\/2025\/11\/WhatsApp-Image-2025-11-12-at-3.39.17-PM-3-300x200.jpeg 300w, https:\/\/alminutonoticia.com\/noticias\/wp-content\/uploads\/2025\/11\/WhatsApp-Image-2025-11-12-at-3.39.17-PM-3-768x512.jpeg 768w, https:\/\/alminutonoticia.com\/noticias\/wp-content\/uploads\/2025\/11\/WhatsApp-Image-2025-11-12-at-3.39.17-PM-3.jpeg 1280w\" sizes=\"(max-width: 1024px) 100vw, 1024px\" \/><\/a><\/figure>\n<\/div>\n<\/div>\n\n\n\n<p>La Neumon\u00eda es una infecci\u00f3n respiratoria aguda que afecta los pulmones, inflamando los alv\u00e9olos y provocando que se llenen de l\u00edquido, lo cual dificultad la respiraci\u00f3n y disminuye el ox\u00edgeno en la sangre.<\/p>\n\n\n\n<p>Panam\u00e1 actualiz\u00f3 su Esquema Nacional de Vacunaci\u00f3n este a\u00f1o, reemplazando la vacuna de Neumococo 13 Valente por la 20 Valente, una vacuna con mayores valores agregados en la lucha contra la Neumon\u00eda.<\/p>\n","protected":false},"excerpt":{"rendered":"<p>. La Neumon\u00eda sigue siendo una de las principales causas de morbilidad y mortalidad en ni\u00f1os y adultos mayores, por lo que el Ministerio de Salud (Minsa) promueve la vacuna contra el Neumococo para prevenir este infecci\u00f3n respiratoria. El Ministerio de Salud se suma a la conmemoraci\u00f3n del D\u00eda Internacional contra del Neumon\u00eda, con el [&hellip;]<\/p>\n","protected":false},"author":3,"featured_media":18091,"comment_status":"open","ping_status":"open","sticky":false,"template":"","format":"standard","meta":{"footnotes":""},"categories":[36,45],"tags":[],"class_list":["post-18088","post","type-post","status-publish","format-standard","has-post-thumbnail","hentry","category-nacionales","category-salud"],"_links":{"self":[{"href":"https:\/\/alminutonoticia.com\/noticias\/wp-json\/wp\/v2\/posts\/18088","targetHints":{"allow":["GET"]}}],"collection":[{"href":"https:\/\/alminutonoticia.com\/noticias\/wp-json\/wp\/v2\/posts"}],"about":[{"href":"https:\/\/alminutonoticia.com\/noticias\/wp-json\/wp\/v2\/types\/post"}],"author":[{"embeddable":true,"href":"https:\/\/alminutonoticia.com\/noticias\/wp-json\/wp\/v2\/users\/3"}],"replies":[{"embeddable":true,"href":"https:\/\/alminutonoticia.com\/noticias\/wp-json\/wp\/v2\/comments?post=18088"}],"version-history":[{"count":1,"href":"https:\/\/alminutonoticia.com\/noticias\/wp-json\/wp\/v2\/posts\/18088\/revisions"}],"predecessor-version":[{"id":18093,"href":"https:\/\/alminutonoticia.com\/noticias\/wp-json\/wp\/v2\/posts\/18088\/revisions\/18093"}],"wp:featuredmedia":[{"embeddable":true,"href":"https:\/\/alminutonoticia.com\/noticias\/wp-json\/wp\/v2\/media\/18091"}],"wp:attachment":[{"href":"https:\/\/alminutonoticia.com\/noticias\/wp-json\/wp\/v2\/media?parent=18088"}],"wp:term":[{"taxonomy":"category","embeddable":true,"href":"https:\/\/alminutonoticia.com\/noticias\/wp-json\/wp\/v2\/categories?post=18088"},{"taxonomy":"post_tag","embeddable":true,"href":"https:\/\/alminutonoticia.com\/noticias\/wp-json\/wp\/v2\/tags?post=18088"}],"curies":[{"name":"wp","href":"https:\/\/api.w.org\/{rel}","templated":true}]}}