{"id":18084,"date":"2025-11-13T03:47:35","date_gmt":"2025-11-13T03:47:35","guid":{"rendered":"https:\/\/alminutonoticia.com\/noticias\/?p=18084"},"modified":"2025-11-13T03:47:38","modified_gmt":"2025-11-13T03:47:38","slug":"observatorios-de-participacion-politica-de-las-mujeres-reunidos-en-panama","status":"publish","type":"post","link":"https:\/\/alminutonoticia.com\/noticias\/observatorios-de-participacion-politica-de-las-mujeres-reunidos-en-panama\/","title":{"rendered":"Observatorios de Participaci\u00f3n Pol\u00edtica de las Mujeres reunidos en Panam\u00e1"},"content":{"rendered":"\n<p>Este mi\u00e9rcoles 12 de noviembre de 2025 comenz\u00f3 el II Encuentro de Observatorios de Participaci\u00f3n Pol\u00edtica de las Mujeres de Am\u00e9rica Latina, con el apoyo del Tribunal Electoral (TE), el Centro de Asesor\u00eda y Promoci\u00f3n Electoral (IIDH\/CAPEL) y ONU Mujeres.<\/p>\n\n\n\n<p>Representantes de observatorios de pa\u00edses latinoamericanos se dieron cita en nuestro pa\u00eds para analizar diversos temas sobre las estrategias de articulaci\u00f3n interinstitucional que fortalezcan el impacto y la sostenibilidad de los observatorios sobre participaci\u00f3n pol\u00edtica de las mujeres.<\/p>\n\n\n\n<p>La directora Ejecutiva Institucional, Yara Ivette Campo, represent\u00f3 al TE en el evento en el que tambi\u00e9n estuvieron figuras como Bibiana Aido, directora regional de ONU Mujeres para las Am\u00e9ricas y el Caribe y Joseph Thompson, director ejecutivo del IIDH\/CAPEL, adem\u00e1s de la jefa y subjefa de la Oficina de Igualdad de G\u00e9nero, \u00c9rika Jim\u00e9nez y Dalyeris Berna.<\/p>\n\n\n\n<div class=\"wp-block-columns is-layout-flex wp-container-core-columns-is-layout-28f84493 wp-block-columns-is-layout-flex\">\n<div class=\"wp-block-column is-layout-flow wp-block-column-is-layout-flow\">\n<figure class=\"wp-block-image size-large\"><a href=\"https:\/\/alminutonoticia.com\/noticias\/wp-content\/uploads\/2025\/11\/img_368107296489838.png\"><img fetchpriority=\"high\" decoding=\"async\" width=\"1024\" height=\"682\" src=\"https:\/\/alminutonoticia.com\/noticias\/wp-content\/uploads\/2025\/11\/img_368107296489838-1024x682.png\" alt=\"\" class=\"wp-image-18086\" title=\"\" srcset=\"https:\/\/alminutonoticia.com\/noticias\/wp-content\/uploads\/2025\/11\/img_368107296489838-1024x682.png 1024w, https:\/\/alminutonoticia.com\/noticias\/wp-content\/uploads\/2025\/11\/img_368107296489838-300x200.png 300w, https:\/\/alminutonoticia.com\/noticias\/wp-content\/uploads\/2025\/11\/img_368107296489838-768x511.png 768w, https:\/\/alminutonoticia.com\/noticias\/wp-content\/uploads\/2025\/11\/img_368107296489838-1536x1022.png 1536w, https:\/\/alminutonoticia.com\/noticias\/wp-content\/uploads\/2025\/11\/img_368107296489838-2048x1363.png 2048w\" sizes=\"(max-width: 1024px) 100vw, 1024px\" \/><\/a><\/figure>\n<\/div>\n\n\n\n<div class=\"wp-block-column is-layout-flow wp-block-column-is-layout-flow\">\n<figure class=\"wp-block-image size-full\"><a href=\"https:\/\/alminutonoticia.com\/noticias\/wp-content\/uploads\/2025\/11\/img_368060109521418.png\"><img decoding=\"async\" width=\"709\" height=\"473\" src=\"https:\/\/alminutonoticia.com\/noticias\/wp-content\/uploads\/2025\/11\/img_368060109521418.png\" alt=\"\" class=\"wp-image-18085\" title=\"\" srcset=\"https:\/\/alminutonoticia.com\/noticias\/wp-content\/uploads\/2025\/11\/img_368060109521418.png 709w, https:\/\/alminutonoticia.com\/noticias\/wp-content\/uploads\/2025\/11\/img_368060109521418-300x200.png 300w\" sizes=\"(max-width: 709px) 100vw, 709px\" \/><\/a><\/figure>\n<\/div>\n<\/div>\n\n\n\n<p>El objetivo principal de esta actividad estuvo concentrado en reafirmar el compromiso colectivo de visibilizar, documentar y combatir la violencia pol\u00edtica de g\u00e9nero en Am\u00e9rica Latina, as\u00ed como de impulsar una participaci\u00f3n plena, libre de violencia y en condiciones de igualdad para las mujeres en la vida pol\u00edtica de sus respectivas naciones.<\/p>\n\n\n\n<p>Las observadoras abordaron dentro del pensum de la reuni\u00f3n de trabajo temas sobre la presentaci\u00f3n de los Observatorios de Participaci\u00f3n Pol\u00edtica de las Mujeres, la incidencia pol\u00edtica e impacto social del uso estrat\u00e9gico de los datos m\u00e1s all\u00e1 de los procesos electorales, los monitoreos y medici\u00f3n de la participaci\u00f3n pol\u00edtica de las mujeres y los desaf\u00edos a futuro.<\/p>\n","protected":false},"excerpt":{"rendered":"<p>Este mi\u00e9rcoles 12 de noviembre de 2025 comenz\u00f3 el II Encuentro de Observatorios de Participaci\u00f3n Pol\u00edtica de las Mujeres de Am\u00e9rica Latina, con el apoyo del Tribunal Electoral (TE), el Centro de Asesor\u00eda y Promoci\u00f3n Electoral (IIDH\/CAPEL) y ONU Mujeres. Representantes de observatorios de pa\u00edses latinoamericanos se dieron cita en nuestro pa\u00eds para analizar diversos [&hellip;]<\/p>\n","protected":false},"author":3,"featured_media":18085,"comment_status":"open","ping_status":"open","sticky":false,"template":"","format":"standard","meta":{"footnotes":""},"categories":[36],"tags":[],"class_list":["post-18084","post","type-post","status-publish","format-standard","has-post-thumbnail","hentry","category-nacionales"],"_links":{"self":[{"href":"https:\/\/alminutonoticia.com\/noticias\/wp-json\/wp\/v2\/posts\/18084","targetHints":{"allow":["GET"]}}],"collection":[{"href":"https:\/\/alminutonoticia.com\/noticias\/wp-json\/wp\/v2\/posts"}],"about":[{"href":"https:\/\/alminutonoticia.com\/noticias\/wp-json\/wp\/v2\/types\/post"}],"author":[{"embeddable":true,"href":"https:\/\/alminutonoticia.com\/noticias\/wp-json\/wp\/v2\/users\/3"}],"replies":[{"embeddable":true,"href":"https:\/\/alminutonoticia.com\/noticias\/wp-json\/wp\/v2\/comments?post=18084"}],"version-history":[{"count":1,"href":"https:\/\/alminutonoticia.com\/noticias\/wp-json\/wp\/v2\/posts\/18084\/revisions"}],"predecessor-version":[{"id":18087,"href":"https:\/\/alminutonoticia.com\/noticias\/wp-json\/wp\/v2\/posts\/18084\/revisions\/18087"}],"wp:featuredmedia":[{"embeddable":true,"href":"https:\/\/alminutonoticia.com\/noticias\/wp-json\/wp\/v2\/media\/18085"}],"wp:attachment":[{"href":"https:\/\/alminutonoticia.com\/noticias\/wp-json\/wp\/v2\/media?parent=18084"}],"wp:term":[{"taxonomy":"category","embeddable":true,"href":"https:\/\/alminutonoticia.com\/noticias\/wp-json\/wp\/v2\/categories?post=18084"},{"taxonomy":"post_tag","embeddable":true,"href":"https:\/\/alminutonoticia.com\/noticias\/wp-json\/wp\/v2\/tags?post=18084"}],"curies":[{"name":"wp","href":"https:\/\/api.w.org\/{rel}","templated":true}]}}