{"id":18079,"date":"2025-11-13T03:43:48","date_gmt":"2025-11-13T03:43:48","guid":{"rendered":"https:\/\/alminutonoticia.com\/noticias\/?p=18079"},"modified":"2025-11-13T03:44:30","modified_gmt":"2025-11-13T03:44:30","slug":"molto-presenta-oportunidades-de-inversion-ante-empresarios-dominicanos-y-refuerza-la-cooperacion-economica-regional","status":"publish","type":"post","link":"https:\/\/alminutonoticia.com\/noticias\/molto-presenta-oportunidades-de-inversion-ante-empresarios-dominicanos-y-refuerza-la-cooperacion-economica-regional\/","title":{"rendered":"Molt\u00f3 presenta oportunidades de inversi\u00f3n ante empresarios dominicanos y refuerza la cooperaci\u00f3n econ\u00f3mica regional"},"content":{"rendered":"\n<p>El ministro de Comercio e Industrias de Panam\u00e1, Julio Molt\u00f3, encabez\u00f3 en Santo Domingo una jornada de promoci\u00f3n econ\u00f3mica ante los principales empresarios dominicanos, organizada por la Asociaci\u00f3n de Industrias de la Rep\u00fablica Dominicana (AIRD), con el objetivo de mostrar las oportunidades de inversi\u00f3n y fortalecer la cooperaci\u00f3n econ\u00f3mica entre ambos pa\u00edses.<\/p>\n\n\n\n<p>Durante su intervenci\u00f3n, Molt\u00f3 destac\u00f3 a Panam\u00e1 como un destino estrat\u00e9gico para la inversi\u00f3n, el comercio y la expansi\u00f3n regional, subrayando su estabilidad macroecon\u00f3mica, infraestructura log\u00edstica de clase mundial, conectividad a\u00e9rea y mar\u00edtima, as\u00ed como sus reg\u00edmenes especiales de inversi\u00f3n, entre ellos SEM, EMMA y las zonas francas, que facilitan la instalaci\u00f3n y operaci\u00f3n de empresas multinacionales.<\/p>\n\n\n\n<p>El titular del MICI enfatiz\u00f3 que la inversi\u00f3n dominicana en Panam\u00e1 es relevante en sectores como banca, energ\u00eda, farmac\u00e9utica y bebidas. Asimismo, resalt\u00f3 que el comercio bilateral en 2024 super\u00f3 los 100 millones de d\u00f3lares, con exportaciones paname\u00f1as diversificadas hacia Rep\u00fablica Dominicana y un super\u00e1vit sostenido desde la Zona Libre de Col\u00f3n, consolidando a Panam\u00e1 como el principal hub de reexportaci\u00f3n del Caribe.<\/p>\n\n\n\n<div class=\"wp-block-columns is-layout-flex wp-container-core-columns-is-layout-28f84493 wp-block-columns-is-layout-flex\">\n<div class=\"wp-block-column is-layout-flow wp-block-column-is-layout-flow\">\n<figure class=\"wp-block-image size-large\"><a href=\"https:\/\/alminutonoticia.com\/noticias\/wp-content\/uploads\/2025\/11\/WhatsApp-Image-2025-11-12-at-10.32.13-PM-2-scaled.jpeg\"><img fetchpriority=\"high\" decoding=\"async\" width=\"1024\" height=\"683\" src=\"https:\/\/alminutonoticia.com\/noticias\/wp-content\/uploads\/2025\/11\/WhatsApp-Image-2025-11-12-at-10.32.13-PM-2-1024x683.jpeg\" alt=\"\" class=\"wp-image-18080\" title=\"\" srcset=\"https:\/\/alminutonoticia.com\/noticias\/wp-content\/uploads\/2025\/11\/WhatsApp-Image-2025-11-12-at-10.32.13-PM-2-1024x683.jpeg 1024w, https:\/\/alminutonoticia.com\/noticias\/wp-content\/uploads\/2025\/11\/WhatsApp-Image-2025-11-12-at-10.32.13-PM-2-300x200.jpeg 300w, https:\/\/alminutonoticia.com\/noticias\/wp-content\/uploads\/2025\/11\/WhatsApp-Image-2025-11-12-at-10.32.13-PM-2-768x512.jpeg 768w, https:\/\/alminutonoticia.com\/noticias\/wp-content\/uploads\/2025\/11\/WhatsApp-Image-2025-11-12-at-10.32.13-PM-2-1536x1024.jpeg 1536w, https:\/\/alminutonoticia.com\/noticias\/wp-content\/uploads\/2025\/11\/WhatsApp-Image-2025-11-12-at-10.32.13-PM-2-2048x1365.jpeg 2048w\" sizes=\"(max-width: 1024px) 100vw, 1024px\" \/><\/a><\/figure>\n<\/div>\n\n\n\n<div class=\"wp-block-column is-layout-flow wp-block-column-is-layout-flow\">\n<figure class=\"wp-block-image size-large\"><a href=\"https:\/\/alminutonoticia.com\/noticias\/wp-content\/uploads\/2025\/11\/WhatsApp-Image-2025-11-12-at-10.32.13-PM-scaled.jpeg\"><img decoding=\"async\" width=\"1024\" height=\"683\" src=\"https:\/\/alminutonoticia.com\/noticias\/wp-content\/uploads\/2025\/11\/WhatsApp-Image-2025-11-12-at-10.32.13-PM-1024x683.jpeg\" alt=\"\" class=\"wp-image-18081\" title=\"\" srcset=\"https:\/\/alminutonoticia.com\/noticias\/wp-content\/uploads\/2025\/11\/WhatsApp-Image-2025-11-12-at-10.32.13-PM-1024x683.jpeg 1024w, https:\/\/alminutonoticia.com\/noticias\/wp-content\/uploads\/2025\/11\/WhatsApp-Image-2025-11-12-at-10.32.13-PM-300x200.jpeg 300w, https:\/\/alminutonoticia.com\/noticias\/wp-content\/uploads\/2025\/11\/WhatsApp-Image-2025-11-12-at-10.32.13-PM-768x512.jpeg 768w, https:\/\/alminutonoticia.com\/noticias\/wp-content\/uploads\/2025\/11\/WhatsApp-Image-2025-11-12-at-10.32.13-PM-1536x1024.jpeg 1536w, https:\/\/alminutonoticia.com\/noticias\/wp-content\/uploads\/2025\/11\/WhatsApp-Image-2025-11-12-at-10.32.13-PM-2048x1365.jpeg 2048w\" sizes=\"(max-width: 1024px) 100vw, 1024px\" \/><\/a><\/figure>\n<\/div>\n<\/div>\n\n\n\n<p>\u201cPanam\u00e1 y Rep\u00fablica Dominicana cuentan con econom\u00edas complementarias: Panam\u00e1 aporta conectividad log\u00edstica, estabilidad financiera e infraestructura moderna; Rep\u00fablica Dominicana contribuye con capacidad productiva, dinamismo industrial y tur\u00edstico, y talento humano calificado. Juntos podemos construir un nuevo eje de crecimiento regional basado en la confianza y la cooperaci\u00f3n\u201d, afirm\u00f3 Molt\u00f3.<\/p>\n\n\n\n<p>El ministro present\u00f3 tambi\u00e9n el potencial de Panam\u00e1 en sectores estrat\u00e9gicos como log\u00edstica, manufactura avanzada, agroindustria, energ\u00eda renovable, farmac\u00e9utica y servicios tecnol\u00f3gicos, destacando oportunidades para empresas dominicanas que buscan expandirse regionalmente o relocalizar operaciones en un entorno seguro y predecible.<\/p>\n\n\n\n<p>La jornada incluy\u00f3 la proyecci\u00f3n de un video institucional que resumi\u00f3 los avances de Panam\u00e1 en modernizaci\u00f3n, conectividad, institucionalidad y entorno de negocios, reforzando la imagen del pa\u00eds como una plataforma confiable para invertir y hacer negocios en toda la regi\u00f3n del Caribe y Am\u00e9rica Latina.<\/p>\n\n\n\n<p>La actividad se realiz\u00f3 en el marco de la agenda oficial del ministro Molt\u00f3 en Rep\u00fablica Dominicana, que incluy\u00f3 la firma de una Declaraci\u00f3n Conjunta con su hom\u00f3logo V\u00edctor \u201cIto\u201d Bison\u00f3, para fortalecer la cooperaci\u00f3n bilateral en la lucha contra el comercio il\u00edcito y promover mercados m\u00e1s transparentes y competitivos.<\/p>\n\n\n\n<figure class=\"wp-block-image size-large\"><a href=\"https:\/\/alminutonoticia.com\/noticias\/wp-content\/uploads\/2025\/11\/WhatsApp-Image-2025-11-12-at-10.32.13-PM-1-scaled.jpeg\"><img decoding=\"async\" width=\"1024\" height=\"683\" src=\"https:\/\/alminutonoticia.com\/noticias\/wp-content\/uploads\/2025\/11\/WhatsApp-Image-2025-11-12-at-10.32.13-PM-1-1024x683.jpeg\" alt=\"\" class=\"wp-image-18082\" title=\"\" srcset=\"https:\/\/alminutonoticia.com\/noticias\/wp-content\/uploads\/2025\/11\/WhatsApp-Image-2025-11-12-at-10.32.13-PM-1-1024x683.jpeg 1024w, https:\/\/alminutonoticia.com\/noticias\/wp-content\/uploads\/2025\/11\/WhatsApp-Image-2025-11-12-at-10.32.13-PM-1-300x200.jpeg 300w, https:\/\/alminutonoticia.com\/noticias\/wp-content\/uploads\/2025\/11\/WhatsApp-Image-2025-11-12-at-10.32.13-PM-1-768x512.jpeg 768w, https:\/\/alminutonoticia.com\/noticias\/wp-content\/uploads\/2025\/11\/WhatsApp-Image-2025-11-12-at-10.32.13-PM-1-1536x1024.jpeg 1536w, https:\/\/alminutonoticia.com\/noticias\/wp-content\/uploads\/2025\/11\/WhatsApp-Image-2025-11-12-at-10.32.13-PM-1-2048x1365.jpeg 2048w\" sizes=\"(max-width: 1024px) 100vw, 1024px\" \/><\/a><\/figure>\n\n\n\n<p>Con esta iniciativa, Panam\u00e1 reafirma su compromiso de seguir consolid\u00e1ndose como un aliado estrat\u00e9gico del Caribe, impulsando la integraci\u00f3n econ\u00f3mica regional, la inversi\u00f3n productiva y la creaci\u00f3n de nuevas cadenas de valor compartidas.<\/p>\n\n\n\n<p><\/p>\n","protected":false},"excerpt":{"rendered":"<p>El ministro de Comercio e Industrias de Panam\u00e1, Julio Molt\u00f3, encabez\u00f3 en Santo Domingo una jornada de promoci\u00f3n econ\u00f3mica ante los principales empresarios dominicanos, organizada por la Asociaci\u00f3n de Industrias de la Rep\u00fablica Dominicana (AIRD), con el objetivo de mostrar las oportunidades de inversi\u00f3n y fortalecer la cooperaci\u00f3n econ\u00f3mica entre ambos pa\u00edses. Durante su intervenci\u00f3n, [&hellip;]<\/p>\n","protected":false},"author":3,"featured_media":18082,"comment_status":"open","ping_status":"open","sticky":false,"template":"","format":"standard","meta":{"footnotes":""},"categories":[36],"tags":[],"class_list":["post-18079","post","type-post","status-publish","format-standard","has-post-thumbnail","hentry","category-nacionales"],"_links":{"self":[{"href":"https:\/\/alminutonoticia.com\/noticias\/wp-json\/wp\/v2\/posts\/18079","targetHints":{"allow":["GET"]}}],"collection":[{"href":"https:\/\/alminutonoticia.com\/noticias\/wp-json\/wp\/v2\/posts"}],"about":[{"href":"https:\/\/alminutonoticia.com\/noticias\/wp-json\/wp\/v2\/types\/post"}],"author":[{"embeddable":true,"href":"https:\/\/alminutonoticia.com\/noticias\/wp-json\/wp\/v2\/users\/3"}],"replies":[{"embeddable":true,"href":"https:\/\/alminutonoticia.com\/noticias\/wp-json\/wp\/v2\/comments?post=18079"}],"version-history":[{"count":1,"href":"https:\/\/alminutonoticia.com\/noticias\/wp-json\/wp\/v2\/posts\/18079\/revisions"}],"predecessor-version":[{"id":18083,"href":"https:\/\/alminutonoticia.com\/noticias\/wp-json\/wp\/v2\/posts\/18079\/revisions\/18083"}],"wp:featuredmedia":[{"embeddable":true,"href":"https:\/\/alminutonoticia.com\/noticias\/wp-json\/wp\/v2\/media\/18082"}],"wp:attachment":[{"href":"https:\/\/alminutonoticia.com\/noticias\/wp-json\/wp\/v2\/media?parent=18079"}],"wp:term":[{"taxonomy":"category","embeddable":true,"href":"https:\/\/alminutonoticia.com\/noticias\/wp-json\/wp\/v2\/categories?post=18079"},{"taxonomy":"post_tag","embeddable":true,"href":"https:\/\/alminutonoticia.com\/noticias\/wp-json\/wp\/v2\/tags?post=18079"}],"curies":[{"name":"wp","href":"https:\/\/api.w.org\/{rel}","templated":true}]}}