{"id":18070,"date":"2025-11-13T03:38:41","date_gmt":"2025-11-13T03:38:41","guid":{"rendered":"https:\/\/alminutonoticia.com\/noticias\/?p=18070"},"modified":"2025-11-13T03:38:43","modified_gmt":"2025-11-13T03:38:43","slug":"panama-y-republica-dominicana-refuerzan-alianza-contra-el-comercio-ilicito","status":"publish","type":"post","link":"https:\/\/alminutonoticia.com\/noticias\/panama-y-republica-dominicana-refuerzan-alianza-contra-el-comercio-ilicito\/","title":{"rendered":"Panam\u00e1 y Rep\u00fablica Dominicana refuerzan alianza contra el comercio il\u00edcito"},"content":{"rendered":"\n<p>El ministro de Comercio e Industrias, Julio Molt\u00f3, reafirm\u00f3 el compromiso de Panam\u00e1 con la transparencia y la cooperaci\u00f3n regional durante el foro sobre comercio il\u00edcito celebrado en Rep\u00fablica Dominicana, donde subray\u00f3 que \u201cla lucha contra este flagelo no se gana con fronteras cerradas, sino con alianzas abiertas y resultados compartidos\u201d.<\/p>\n\n\n\n<p>Molt\u00f3 destac\u00f3 que Panam\u00e1 y Rep\u00fablica Dominicana comparten una visi\u00f3n com\u00fan: que el comercio debe ser fuente de progreso, no de desigualdad ni de delito.<\/p>\n\n\n\n<p>El titular del MICI present\u00f3 la estrategia integral que Panam\u00e1 impulsa para proteger el comercio formal, basada en tres pilares: leyes modernas, cooperaci\u00f3n interinstitucional y tecnolog\u00eda de punta. Entre los avances mencion\u00f3 el sistema Escudo Invisible y la plataforma SIGA, herramientas que permiten rastrear la carga en tiempo real y fortalecer la trazabilidad sin afectar la fluidez del intercambio comercial. \u201cEl control no es un obst\u00e1culo, es una condici\u00f3n para la credibilidad del comercio\u201d, enfatiz\u00f3.<\/p>\n\n\n\n<figure class=\"wp-block-image size-large\"><a href=\"https:\/\/alminutonoticia.com\/noticias\/wp-content\/uploads\/2025\/11\/WhatsApp-Image-2025-11-12-at-10.32.54-PM.jpeg\"><img fetchpriority=\"high\" decoding=\"async\" width=\"1024\" height=\"683\" src=\"https:\/\/alminutonoticia.com\/noticias\/wp-content\/uploads\/2025\/11\/WhatsApp-Image-2025-11-12-at-10.32.54-PM-1024x683.jpeg\" alt=\"\" class=\"wp-image-18071\" title=\"\" srcset=\"https:\/\/alminutonoticia.com\/noticias\/wp-content\/uploads\/2025\/11\/WhatsApp-Image-2025-11-12-at-10.32.54-PM-1024x683.jpeg 1024w, https:\/\/alminutonoticia.com\/noticias\/wp-content\/uploads\/2025\/11\/WhatsApp-Image-2025-11-12-at-10.32.54-PM-300x200.jpeg 300w, https:\/\/alminutonoticia.com\/noticias\/wp-content\/uploads\/2025\/11\/WhatsApp-Image-2025-11-12-at-10.32.54-PM-768x512.jpeg 768w, https:\/\/alminutonoticia.com\/noticias\/wp-content\/uploads\/2025\/11\/WhatsApp-Image-2025-11-12-at-10.32.54-PM.jpeg 1280w\" sizes=\"(max-width: 1024px) 100vw, 1024px\" \/><\/a><\/figure>\n\n\n\n<p>Desde el MICI, el Gobierno paname\u00f1o ha convertido la trazabilidad y la transparencia en una pol\u00edtica de Estado, conectando a las instituciones encargadas del control comercial, fiscal y financiero. Este esfuerzo conjunto con la Autoridad Nacional de Aduanas ha permitido modernizar los mecanismos de fiscalizaci\u00f3n, blindar la cadena log\u00edstica y proyectar confianza ante los socios internacionales, consolidando a Panam\u00e1 como un referente regional en materia de comercio seguro y competitivo.<\/p>\n\n\n\n<p>Molt\u00f3 resalt\u00f3 adem\u00e1s los avances logrados junto a Rep\u00fablica Dominicana, con la firma del Convenio de Asistencia e Intercambio de Informaci\u00f3n en 2025 y la puesta en marcha de una hoja de ruta binacional enfocada en la interoperabilidad tecnol\u00f3gica, la capacitaci\u00f3n conjunta y la trazabilidad de mercanc\u00edas. \u201cNuestros pa\u00edses avanzan con una misma convicci\u00f3n: proteger el comercio l\u00edcito, fortalecer las instituciones y demostrar que la transparencia tambi\u00e9n es motor de desarrollo\u201d, afirm\u00f3 el ministro.<br>En cuanto a los resultados concretos de Panam\u00e1 en la lucha contra el comercio il\u00edcito, Molt\u00f3 se\u00f1al\u00f3 que, seg\u00fan datos de la Autoridad Nacional de Aduanas, entre julio y diciembre de 2024 las autoridades decomisaron m\u00e1s de 104 millones de cigarrillos ilegales, con un valor aproximado de 19 millones de d\u00f3lares. Aunque el contrabando de tabaco es el caso m\u00e1s visible, este fen\u00f3meno se extiende a otros sectores como tecnolog\u00eda, farmac\u00e9utica, bebidas y textiles, evidenciando la necesidad de mantener esfuerzos coordinados y estrategias de trazabilidad efectivas.<br>Hoy, el 92 % del mercado de cigarrillos en Panam\u00e1 corresponde al contrabando, generando p\u00e9rdidas fiscales que superan los 100 millones de d\u00f3lares anuales. Este escenario subraya la relevancia de la cooperaci\u00f3n bilateral y la trazabilidad como herramientas esenciales para proteger la econom\u00eda formal y fortalecer el comercio l\u00edcito.<\/p>\n\n\n\n<div class=\"wp-block-columns is-layout-flex wp-container-core-columns-is-layout-28f84493 wp-block-columns-is-layout-flex\">\n<div class=\"wp-block-column is-layout-flow wp-block-column-is-layout-flow\" style=\"flex-basis:50%\">\n<figure class=\"wp-block-image size-large\"><a href=\"https:\/\/alminutonoticia.com\/noticias\/wp-content\/uploads\/2025\/11\/WhatsApp-Image-2025-11-12-at-10.32.53-PM-1.jpeg\"><img decoding=\"async\" width=\"1024\" height=\"683\" src=\"https:\/\/alminutonoticia.com\/noticias\/wp-content\/uploads\/2025\/11\/WhatsApp-Image-2025-11-12-at-10.32.53-PM-1-1024x683.jpeg\" alt=\"\" class=\"wp-image-18072\" title=\"\" srcset=\"https:\/\/alminutonoticia.com\/noticias\/wp-content\/uploads\/2025\/11\/WhatsApp-Image-2025-11-12-at-10.32.53-PM-1-1024x683.jpeg 1024w, https:\/\/alminutonoticia.com\/noticias\/wp-content\/uploads\/2025\/11\/WhatsApp-Image-2025-11-12-at-10.32.53-PM-1-300x200.jpeg 300w, https:\/\/alminutonoticia.com\/noticias\/wp-content\/uploads\/2025\/11\/WhatsApp-Image-2025-11-12-at-10.32.53-PM-1-768x512.jpeg 768w, https:\/\/alminutonoticia.com\/noticias\/wp-content\/uploads\/2025\/11\/WhatsApp-Image-2025-11-12-at-10.32.53-PM-1.jpeg 1280w\" sizes=\"(max-width: 1024px) 100vw, 1024px\" \/><\/a><\/figure>\n<\/div>\n\n\n\n<div class=\"wp-block-column is-layout-flow wp-block-column-is-layout-flow\" style=\"flex-basis:50%\">\n<figure class=\"wp-block-image size-large\"><a href=\"https:\/\/alminutonoticia.com\/noticias\/wp-content\/uploads\/2025\/11\/WhatsApp-Image-2025-11-12-at-10.32.53-PM-2.jpeg\"><img decoding=\"async\" width=\"1024\" height=\"683\" src=\"https:\/\/alminutonoticia.com\/noticias\/wp-content\/uploads\/2025\/11\/WhatsApp-Image-2025-11-12-at-10.32.53-PM-2-1024x683.jpeg\" alt=\"\" class=\"wp-image-18073\" title=\"\" srcset=\"https:\/\/alminutonoticia.com\/noticias\/wp-content\/uploads\/2025\/11\/WhatsApp-Image-2025-11-12-at-10.32.53-PM-2-1024x683.jpeg 1024w, https:\/\/alminutonoticia.com\/noticias\/wp-content\/uploads\/2025\/11\/WhatsApp-Image-2025-11-12-at-10.32.53-PM-2-300x200.jpeg 300w, https:\/\/alminutonoticia.com\/noticias\/wp-content\/uploads\/2025\/11\/WhatsApp-Image-2025-11-12-at-10.32.53-PM-2-768x512.jpeg 768w, https:\/\/alminutonoticia.com\/noticias\/wp-content\/uploads\/2025\/11\/WhatsApp-Image-2025-11-12-at-10.32.53-PM-2.jpeg 1280w\" sizes=\"(max-width: 1024px) 100vw, 1024px\" \/><\/a><\/figure>\n<\/div>\n<\/div>\n\n\n\n<p>El Quinto Foro sobre Combate al Comercio Il\u00edcito fue organizado por la Asociaci\u00f3n de Industrias de la Rep\u00fablica Dominicana (AIRD) y el Ministerio de Industria, Comercio y Mipymes (MICM) de ese pa\u00eds, con el objetivo de presentar los avances en la prevenci\u00f3n y control de los il\u00edcitos comerciales, as\u00ed como impulsar la cooperaci\u00f3n regional.<\/p>\n\n\n\n<p>Durante el foro, tambi\u00e9n particip\u00f3 el ministro del<br>MICM, V\u00edctor \u201cIto\u201d Bison\u00f3, quien destac\u00f3 que la Rep\u00fablica Dominicana \u201cha pasado de enfrentar una situaci\u00f3n cr\u00edtica a convertirse en un referente regional en la lucha contra el comercio il\u00edcito en los \u00faltimos cuatro a\u00f1os\u201d, gracias a la coordinaci\u00f3n interinstitucional y a la alianza p\u00fablico\u2013privada liderada por la Mesa de Il\u00edcitos.<\/p>\n\n\n\n<figure class=\"wp-block-image size-large\"><a href=\"https:\/\/alminutonoticia.com\/noticias\/wp-content\/uploads\/2025\/11\/WhatsApp-Image-2025-11-12-at-10.32.53-PM-3.jpeg\"><img loading=\"lazy\" decoding=\"async\" width=\"1024\" height=\"683\" src=\"https:\/\/alminutonoticia.com\/noticias\/wp-content\/uploads\/2025\/11\/WhatsApp-Image-2025-11-12-at-10.32.53-PM-3-1024x683.jpeg\" alt=\"\" class=\"wp-image-18074\" title=\"\" srcset=\"https:\/\/alminutonoticia.com\/noticias\/wp-content\/uploads\/2025\/11\/WhatsApp-Image-2025-11-12-at-10.32.53-PM-3-1024x683.jpeg 1024w, https:\/\/alminutonoticia.com\/noticias\/wp-content\/uploads\/2025\/11\/WhatsApp-Image-2025-11-12-at-10.32.53-PM-3-300x200.jpeg 300w, https:\/\/alminutonoticia.com\/noticias\/wp-content\/uploads\/2025\/11\/WhatsApp-Image-2025-11-12-at-10.32.53-PM-3-768x512.jpeg 768w, https:\/\/alminutonoticia.com\/noticias\/wp-content\/uploads\/2025\/11\/WhatsApp-Image-2025-11-12-at-10.32.53-PM-3.jpeg 1280w\" sizes=\"(max-width: 1024px) 100vw, 1024px\" \/><\/a><\/figure>\n\n\n\n<p>En el marco del foro, Panam\u00e1 y Rep\u00fablica Dominicana firmaron una Declaraci\u00f3n Conjunta, comprometi\u00e9ndose a fortalecer la cooperaci\u00f3n bilateral, intercambiar buenas pr\u00e1cticas y desarrollar herramientas para medir de manera conjunta el impacto del comercio il\u00edcito en la regi\u00f3n.<\/p>\n","protected":false},"excerpt":{"rendered":"<p>El ministro de Comercio e Industrias, Julio Molt\u00f3, reafirm\u00f3 el compromiso de Panam\u00e1 con la transparencia y la cooperaci\u00f3n regional durante el foro sobre comercio il\u00edcito celebrado en Rep\u00fablica Dominicana, donde subray\u00f3 que \u201cla lucha contra este flagelo no se gana con fronteras cerradas, sino con alianzas abiertas y resultados compartidos\u201d. Molt\u00f3 destac\u00f3 que Panam\u00e1 [&hellip;]<\/p>\n","protected":false},"author":3,"featured_media":18074,"comment_status":"open","ping_status":"open","sticky":false,"template":"","format":"standard","meta":{"footnotes":""},"categories":[36],"tags":[],"class_list":["post-18070","post","type-post","status-publish","format-standard","has-post-thumbnail","hentry","category-nacionales"],"_links":{"self":[{"href":"https:\/\/alminutonoticia.com\/noticias\/wp-json\/wp\/v2\/posts\/18070","targetHints":{"allow":["GET"]}}],"collection":[{"href":"https:\/\/alminutonoticia.com\/noticias\/wp-json\/wp\/v2\/posts"}],"about":[{"href":"https:\/\/alminutonoticia.com\/noticias\/wp-json\/wp\/v2\/types\/post"}],"author":[{"embeddable":true,"href":"https:\/\/alminutonoticia.com\/noticias\/wp-json\/wp\/v2\/users\/3"}],"replies":[{"embeddable":true,"href":"https:\/\/alminutonoticia.com\/noticias\/wp-json\/wp\/v2\/comments?post=18070"}],"version-history":[{"count":1,"href":"https:\/\/alminutonoticia.com\/noticias\/wp-json\/wp\/v2\/posts\/18070\/revisions"}],"predecessor-version":[{"id":18075,"href":"https:\/\/alminutonoticia.com\/noticias\/wp-json\/wp\/v2\/posts\/18070\/revisions\/18075"}],"wp:featuredmedia":[{"embeddable":true,"href":"https:\/\/alminutonoticia.com\/noticias\/wp-json\/wp\/v2\/media\/18074"}],"wp:attachment":[{"href":"https:\/\/alminutonoticia.com\/noticias\/wp-json\/wp\/v2\/media?parent=18070"}],"wp:term":[{"taxonomy":"category","embeddable":true,"href":"https:\/\/alminutonoticia.com\/noticias\/wp-json\/wp\/v2\/categories?post=18070"},{"taxonomy":"post_tag","embeddable":true,"href":"https:\/\/alminutonoticia.com\/noticias\/wp-json\/wp\/v2\/tags?post=18070"}],"curies":[{"name":"wp","href":"https:\/\/api.w.org\/{rel}","templated":true}]}}