{"id":18064,"date":"2025-11-13T03:34:11","date_gmt":"2025-11-13T03:34:11","guid":{"rendered":"https:\/\/alminutonoticia.com\/noticias\/?p=18064"},"modified":"2025-11-13T03:34:13","modified_gmt":"2025-11-13T03:34:13","slug":"administracion-mulino-reafirma-su-apoyo-a-la-inversion-mediante-las-app","status":"publish","type":"post","link":"https:\/\/alminutonoticia.com\/noticias\/administracion-mulino-reafirma-su-apoyo-a-la-inversion-mediante-las-app\/","title":{"rendered":"Administraci\u00f3n Mulino reafirma su apoyo a la inversi\u00f3n mediante las APP"},"content":{"rendered":"\n<p>El ministro de la Presidencia, Juan Carlos Orillac, fue el orador de apertura en el foro \u00abAnalizando el entorno para el desarrollo de Asociaciones P\u00fablico-Privadas sostenibles en Panam\u00e1: \u00bfC\u00f3mo perfeccionar el marco nacional para impulsar m\u00e1s y mejores proyectos APP?\u00bb, que se llev\u00f3 a cabo este mi\u00e9rcoles, organizado por el Banco Interamericano de Desarrollo (BID).<br>El encuentro, dise\u00f1ado como un espacio de di\u00e1logo de alto nivel entre los sectores p\u00fablico y privado, tuvo como objetivo identificar oportunidades para perfeccionar el marco institucional y regulatorio de las Asociaciones P\u00fablico-Privadas (APP) en el pa\u00eds.<\/p>\n\n\n\n<figure class=\"wp-block-image size-large\"><a href=\"https:\/\/alminutonoticia.com\/noticias\/wp-content\/uploads\/2025\/11\/WhatsApp-Image-2025-11-12-at-11.35.40-AM.jpeg\"><img fetchpriority=\"high\" decoding=\"async\" width=\"1024\" height=\"683\" src=\"https:\/\/alminutonoticia.com\/noticias\/wp-content\/uploads\/2025\/11\/WhatsApp-Image-2025-11-12-at-11.35.40-AM-1024x683.jpeg\" alt=\"\" class=\"wp-image-18065\" title=\"\" srcset=\"https:\/\/alminutonoticia.com\/noticias\/wp-content\/uploads\/2025\/11\/WhatsApp-Image-2025-11-12-at-11.35.40-AM-1024x683.jpeg 1024w, https:\/\/alminutonoticia.com\/noticias\/wp-content\/uploads\/2025\/11\/WhatsApp-Image-2025-11-12-at-11.35.40-AM-300x200.jpeg 300w, https:\/\/alminutonoticia.com\/noticias\/wp-content\/uploads\/2025\/11\/WhatsApp-Image-2025-11-12-at-11.35.40-AM-768x512.jpeg 768w, https:\/\/alminutonoticia.com\/noticias\/wp-content\/uploads\/2025\/11\/WhatsApp-Image-2025-11-12-at-11.35.40-AM.jpeg 1280w\" sizes=\"(max-width: 1024px) 100vw, 1024px\" \/><\/a><\/figure>\n\n\n\n<p><br>Las conclusiones del foro, impulsado por la Secretar\u00eda de Metas, servir\u00e1n para la elaboraci\u00f3n de una hoja de ruta que busque fortalecer la preparaci\u00f3n, el financiamiento y la evaluaci\u00f3n de futuros proyectos APP en Panam\u00e1.<br>En representaci\u00f3n del presidente de la Rep\u00fablica, Jos\u00e9 Ra\u00fal Mulino, el ministro Orillac felicit\u00f3 a los organizadores, destacando que los objetivos del evento se alinean completamente con la agenda del Gobierno Nacional: impulsar la iniciativa privada, generar empleos y mejorar el nivel de vida de la poblaci\u00f3n.<br>\u00abPanam\u00e1 es un pueblo creativo y laborioso. Trabajamos para ser ejemplo mundial, combinando crecimiento econ\u00f3mico con justicia y bienestar\u00bb, expres\u00f3 Orillac. Y agreg\u00f3: \u00abEl gobierno que preside Jos\u00e9 Ra\u00fal Mulino siempre ha estado y estar\u00e1 a la altura de los grandes desaf\u00edos. Hoy nuestro pa\u00eds goza de una econom\u00eda abierta, s\u00f3lida e inclusiva. El mundo nos mira como un pa\u00eds pr\u00f3spero, pac\u00edfico e interconectado, bendecido por su riqueza y por el manejo transparente de sus actos\u00bb.<br>Cabe destacar que el marco regulatorio de las APP en Panam\u00e1 se estableci\u00f3 mediante la Ley 93 de 2019. Sobre este r\u00e9gimen, Ana Julia Carreira, secretaria nacional de Asociaciones P\u00fablico Privadas del Ministerio de la Presidencia, subray\u00f3 la necesidad de priorizar proyectos financieramente sostenibles en el tiempo, tomando en cuenta la capacidad presupuestaria de las entidades p\u00fablicas contratantes.<br>\u00abPor ello, trabajamos activamente en la dinamizaci\u00f3n de ese marco regulatorio, incorporando las mejores pr\u00e1cticas internacionales e incluyendo iniciativas que contin\u00faen diversificando nuestro portafolio de proyectos\u00bb, puntualiz\u00f3 Carreira.<\/p>\n\n\n\n<div class=\"wp-block-columns is-layout-flex wp-container-core-columns-is-layout-28f84493 wp-block-columns-is-layout-flex\">\n<div class=\"wp-block-column is-layout-flow wp-block-column-is-layout-flow\">\n<figure class=\"wp-block-image size-large\"><a href=\"https:\/\/alminutonoticia.com\/noticias\/wp-content\/uploads\/2025\/11\/WhatsApp-Image-2025-11-12-at-11.35.40-AM-1.jpeg\"><img decoding=\"async\" width=\"1024\" height=\"683\" src=\"https:\/\/alminutonoticia.com\/noticias\/wp-content\/uploads\/2025\/11\/WhatsApp-Image-2025-11-12-at-11.35.40-AM-1-1024x683.jpeg\" alt=\"\" class=\"wp-image-18066\" title=\"\" srcset=\"https:\/\/alminutonoticia.com\/noticias\/wp-content\/uploads\/2025\/11\/WhatsApp-Image-2025-11-12-at-11.35.40-AM-1-1024x683.jpeg 1024w, https:\/\/alminutonoticia.com\/noticias\/wp-content\/uploads\/2025\/11\/WhatsApp-Image-2025-11-12-at-11.35.40-AM-1-300x200.jpeg 300w, https:\/\/alminutonoticia.com\/noticias\/wp-content\/uploads\/2025\/11\/WhatsApp-Image-2025-11-12-at-11.35.40-AM-1-768x512.jpeg 768w, https:\/\/alminutonoticia.com\/noticias\/wp-content\/uploads\/2025\/11\/WhatsApp-Image-2025-11-12-at-11.35.40-AM-1.jpeg 1280w\" sizes=\"(max-width: 1024px) 100vw, 1024px\" \/><\/a><\/figure>\n<\/div>\n\n\n\n<div class=\"wp-block-column is-layout-flow wp-block-column-is-layout-flow\">\n<figure class=\"wp-block-image size-large\"><a href=\"https:\/\/alminutonoticia.com\/noticias\/wp-content\/uploads\/2025\/11\/WhatsApp-Image-2025-11-12-at-11.35.39-AM.jpeg\"><img decoding=\"async\" width=\"1024\" height=\"683\" src=\"https:\/\/alminutonoticia.com\/noticias\/wp-content\/uploads\/2025\/11\/WhatsApp-Image-2025-11-12-at-11.35.39-AM-1024x683.jpeg\" alt=\"\" class=\"wp-image-18067\" title=\"\" srcset=\"https:\/\/alminutonoticia.com\/noticias\/wp-content\/uploads\/2025\/11\/WhatsApp-Image-2025-11-12-at-11.35.39-AM-1024x683.jpeg 1024w, https:\/\/alminutonoticia.com\/noticias\/wp-content\/uploads\/2025\/11\/WhatsApp-Image-2025-11-12-at-11.35.39-AM-300x200.jpeg 300w, https:\/\/alminutonoticia.com\/noticias\/wp-content\/uploads\/2025\/11\/WhatsApp-Image-2025-11-12-at-11.35.39-AM-768x512.jpeg 768w, https:\/\/alminutonoticia.com\/noticias\/wp-content\/uploads\/2025\/11\/WhatsApp-Image-2025-11-12-at-11.35.39-AM.jpeg 1280w\" sizes=\"(max-width: 1024px) 100vw, 1024px\" \/><\/a><\/figure>\n<\/div>\n<\/div>\n\n\n\n<p><br>Gloria Lugo, representante del BID en Panam\u00e1, reafirm\u00f3 el respaldo de la instituci\u00f3n al modelo, reconociendo que las APP son una herramienta clave para cerrar las brechas de infraestructura, mejorar la calidad de los servicios p\u00fablicos, generar empleo y atraer inversi\u00f3n privada de calidad.<br>Finalmente, el evento cont\u00f3 con la participaci\u00f3n del ministro de Obras P\u00fablicas, Jos\u00e9 Luis Andrade; el secretario de Metas, Jos\u00e9 Ram\u00f3n Icaza; los viceministros de Desarrollo Social, Roberto Arosemena Cervantes; de Econom\u00eda, Eida S\u00e1iz; adem\u00e1s de l\u00edderes empresariales.<\/p>\n\n\n\n<figure class=\"wp-block-image size-large\"><a href=\"https:\/\/alminutonoticia.com\/noticias\/wp-content\/uploads\/2025\/11\/WhatsApp-Image-2025-11-12-at-11.35.40-AM-2.jpeg\"><img loading=\"lazy\" decoding=\"async\" width=\"1024\" height=\"683\" src=\"https:\/\/alminutonoticia.com\/noticias\/wp-content\/uploads\/2025\/11\/WhatsApp-Image-2025-11-12-at-11.35.40-AM-2-1024x683.jpeg\" alt=\"\" class=\"wp-image-18068\" title=\"\" srcset=\"https:\/\/alminutonoticia.com\/noticias\/wp-content\/uploads\/2025\/11\/WhatsApp-Image-2025-11-12-at-11.35.40-AM-2-1024x683.jpeg 1024w, https:\/\/alminutonoticia.com\/noticias\/wp-content\/uploads\/2025\/11\/WhatsApp-Image-2025-11-12-at-11.35.40-AM-2-300x200.jpeg 300w, https:\/\/alminutonoticia.com\/noticias\/wp-content\/uploads\/2025\/11\/WhatsApp-Image-2025-11-12-at-11.35.40-AM-2-768x512.jpeg 768w, https:\/\/alminutonoticia.com\/noticias\/wp-content\/uploads\/2025\/11\/WhatsApp-Image-2025-11-12-at-11.35.40-AM-2.jpeg 1280w\" sizes=\"(max-width: 1024px) 100vw, 1024px\" \/><\/a><\/figure>\n","protected":false},"excerpt":{"rendered":"<p>El ministro de la Presidencia, Juan Carlos Orillac, fue el orador de apertura en el foro \u00abAnalizando el entorno para el desarrollo de Asociaciones P\u00fablico-Privadas sostenibles en Panam\u00e1: \u00bfC\u00f3mo perfeccionar el marco nacional para impulsar m\u00e1s y mejores proyectos APP?\u00bb, que se llev\u00f3 a cabo este mi\u00e9rcoles, organizado por el Banco Interamericano de Desarrollo (BID).El [&hellip;]<\/p>\n","protected":false},"author":3,"featured_media":18068,"comment_status":"open","ping_status":"open","sticky":false,"template":"","format":"standard","meta":{"footnotes":""},"categories":[1],"tags":[],"class_list":["post-18064","post","type-post","status-publish","format-standard","has-post-thumbnail","hentry","category-sin-categoria"],"_links":{"self":[{"href":"https:\/\/alminutonoticia.com\/noticias\/wp-json\/wp\/v2\/posts\/18064","targetHints":{"allow":["GET"]}}],"collection":[{"href":"https:\/\/alminutonoticia.com\/noticias\/wp-json\/wp\/v2\/posts"}],"about":[{"href":"https:\/\/alminutonoticia.com\/noticias\/wp-json\/wp\/v2\/types\/post"}],"author":[{"embeddable":true,"href":"https:\/\/alminutonoticia.com\/noticias\/wp-json\/wp\/v2\/users\/3"}],"replies":[{"embeddable":true,"href":"https:\/\/alminutonoticia.com\/noticias\/wp-json\/wp\/v2\/comments?post=18064"}],"version-history":[{"count":1,"href":"https:\/\/alminutonoticia.com\/noticias\/wp-json\/wp\/v2\/posts\/18064\/revisions"}],"predecessor-version":[{"id":18069,"href":"https:\/\/alminutonoticia.com\/noticias\/wp-json\/wp\/v2\/posts\/18064\/revisions\/18069"}],"wp:featuredmedia":[{"embeddable":true,"href":"https:\/\/alminutonoticia.com\/noticias\/wp-json\/wp\/v2\/media\/18068"}],"wp:attachment":[{"href":"https:\/\/alminutonoticia.com\/noticias\/wp-json\/wp\/v2\/media?parent=18064"}],"wp:term":[{"taxonomy":"category","embeddable":true,"href":"https:\/\/alminutonoticia.com\/noticias\/wp-json\/wp\/v2\/categories?post=18064"},{"taxonomy":"post_tag","embeddable":true,"href":"https:\/\/alminutonoticia.com\/noticias\/wp-json\/wp\/v2\/tags?post=18064"}],"curies":[{"name":"wp","href":"https:\/\/api.w.org\/{rel}","templated":true}]}}