{"id":18057,"date":"2025-11-13T03:16:27","date_gmt":"2025-11-13T03:16:27","guid":{"rendered":"https:\/\/alminutonoticia.com\/noticias\/?p=18057"},"modified":"2025-11-13T03:16:30","modified_gmt":"2025-11-13T03:16:30","slug":"expertos-se-reunen-en-panama-para-el-primer-foro-internacional-de-economia-circular","status":"publish","type":"post","link":"https:\/\/alminutonoticia.com\/noticias\/expertos-se-reunen-en-panama-para-el-primer-foro-internacional-de-economia-circular\/","title":{"rendered":"Expertos se re\u00fanen en Panam\u00e1 para el primer Foro Internacional de Econom\u00eda Circular"},"content":{"rendered":"\n<p>Bajo el lema \u201cTransformando Panam\u00e1 hacia un futuro circular\u201d, m\u00e1s de 400 expertos, entre autoridades gubernamentales, representantes de la industria, acad\u00e9micos y miembros de la sociedad civil, se re\u00fanen esta semana en Panam\u00e1 en el I Foro de Econom\u00eda Circular para debatir sobre los avances, desaf\u00edos y las oportunidades que ofrece la econom\u00eda circular como herramienta para la articulaci\u00f3n de alianzas estrat\u00e9gicas, la gesti\u00f3n eficiente de los recursos a fin de desarrollar buenas pr\u00e1cticas en sostenibilidad.<\/p>\n\n\n\n<p>Durante dos d\u00edas los participantes integrar\u00e1n paneles de discusi\u00f3n, talleres t\u00e9cnicos, conferencias de expertos, sesiones de networking y cierre. Los paneles y talleres est\u00e1n organizados por ejes tem\u00e1ticos que abordan aspectos como pol\u00edtica p\u00fablica, financiamiento verde, bioemprendimientos, gesti\u00f3n de residuos en la construcci\u00f3n, cadenas agr\u00edcolas sostenibles, tecnolog\u00eda aplicada al agua, equidad de g\u00e9nero, entre otros. Como parte de esta sinergia se espera fomentar la identificaci\u00f3n de oportunidades de negocio, innovaci\u00f3n, dise\u00f1o de pol\u00edticas p\u00fablicas y financiamiento verde que impulsen la circularidad como motor de desarrollo.<\/p>\n\n\n\n<div class=\"wp-block-columns is-layout-flex wp-container-core-columns-is-layout-28f84493 wp-block-columns-is-layout-flex\">\n<div class=\"wp-block-column is-layout-flow wp-block-column-is-layout-flow\">\n<figure class=\"wp-block-image size-large\"><a href=\"https:\/\/alminutonoticia.com\/noticias\/wp-content\/uploads\/2025\/11\/WhatsApp-Image-2025-11-12-at-2.07.13-PM-1.jpeg\"><img fetchpriority=\"high\" decoding=\"async\" width=\"1024\" height=\"576\" src=\"https:\/\/alminutonoticia.com\/noticias\/wp-content\/uploads\/2025\/11\/WhatsApp-Image-2025-11-12-at-2.07.13-PM-1-1024x576.jpeg\" alt=\"\" class=\"wp-image-18058\" title=\"\" srcset=\"https:\/\/alminutonoticia.com\/noticias\/wp-content\/uploads\/2025\/11\/WhatsApp-Image-2025-11-12-at-2.07.13-PM-1-1024x576.jpeg 1024w, https:\/\/alminutonoticia.com\/noticias\/wp-content\/uploads\/2025\/11\/WhatsApp-Image-2025-11-12-at-2.07.13-PM-1-300x169.jpeg 300w, https:\/\/alminutonoticia.com\/noticias\/wp-content\/uploads\/2025\/11\/WhatsApp-Image-2025-11-12-at-2.07.13-PM-1-768x432.jpeg 768w, https:\/\/alminutonoticia.com\/noticias\/wp-content\/uploads\/2025\/11\/WhatsApp-Image-2025-11-12-at-2.07.13-PM-1.jpeg 1280w\" sizes=\"(max-width: 1024px) 100vw, 1024px\" \/><\/a><\/figure>\n<\/div>\n\n\n\n<div class=\"wp-block-column is-layout-flow wp-block-column-is-layout-flow\">\n<figure class=\"wp-block-image size-large\"><a href=\"https:\/\/alminutonoticia.com\/noticias\/wp-content\/uploads\/2025\/11\/WhatsApp-Image-2025-11-12-at-2.07.13-PM.jpeg\"><img decoding=\"async\" width=\"1024\" height=\"576\" src=\"https:\/\/alminutonoticia.com\/noticias\/wp-content\/uploads\/2025\/11\/WhatsApp-Image-2025-11-12-at-2.07.13-PM-1024x576.jpeg\" alt=\"\" class=\"wp-image-18060\" title=\"\" srcset=\"https:\/\/alminutonoticia.com\/noticias\/wp-content\/uploads\/2025\/11\/WhatsApp-Image-2025-11-12-at-2.07.13-PM-1024x576.jpeg 1024w, https:\/\/alminutonoticia.com\/noticias\/wp-content\/uploads\/2025\/11\/WhatsApp-Image-2025-11-12-at-2.07.13-PM-300x169.jpeg 300w, https:\/\/alminutonoticia.com\/noticias\/wp-content\/uploads\/2025\/11\/WhatsApp-Image-2025-11-12-at-2.07.13-PM-768x432.jpeg 768w, https:\/\/alminutonoticia.com\/noticias\/wp-content\/uploads\/2025\/11\/WhatsApp-Image-2025-11-12-at-2.07.13-PM.jpeg 1280w\" sizes=\"(max-width: 1024px) 100vw, 1024px\" \/><\/a><\/figure>\n<\/div>\n<\/div>\n\n\n\n<p>El foro tiene por objetivo promover el trabajo en equipo del sector privado y del sector p\u00fablico, a fin de agilizar una transici\u00f3n hacia un modelo de desarrollo m\u00e1s sostenible en Panam\u00e1 mediante la difusi\u00f3n, intercambio y articulaci\u00f3n de iniciativas de econom\u00eda circular. El foro contar\u00e1 con la presencia de cerca de 40 expositores, incluyendo cuatro representantes internacionales provenientes de M\u00e9xico, Costa Rica y Colombia. Cabe que este evento tambi\u00e9n ser\u00e1 un espacio de reflexi\u00f3n estrat\u00e9gica para definir rutas de acci\u00f3n multifac\u00e9ticas en cuatro ejes tem\u00e1ticos centrales: Camino al Panam\u00e1 Circular; Industria de la Construcci\u00f3n; Agro-transformaci\u00f3n y Cadenas Alimentarias Sostenibles; y Ciclo del Agua\/\u201cCada Gota Cuenta\u201d.<\/p>\n\n\n\n<p>En el marco de la apertura, el ministro de Ambiente, Juan Carlos Navarro dio la bienvenida en nombre del Presidente de la Rep\u00fablica, Jos\u00e9 Ra\u00fal Mulino expresando que \u201cla econom\u00eda circular ya no es una opci\u00f3n, es una ruta probable para responder con eficacia a los retos de la crisis clim\u00e1tica, la p\u00e9rdida de biodiversidad y la contaminaci\u00f3n. En Panam\u00e1 estamos convencidos de que se pueden convertir los desaf\u00edos ambientales en oportunidades de innovaci\u00f3n, crecimiento sostenible y bienestar colectivo, trabajando en consenso con el sector productivo del pa\u00eds y de la empresa privada\u00bb.<\/p>\n\n\n\n<p>En su intervenci\u00f3n Navarro resalt\u00f3 las acciones decisivas que se han impulsado para fomentar la gesti\u00f3n circular de pl\u00e1sticos, promoviendo su aprovechamiento, reciclaje y la creaci\u00f3n de cadenas de valor sostenibles y empleo verde. Asimismo, destac\u00f3 que aunque la Ley de Econom\u00eda Circular se encuentra en proceso de aprobaci\u00f3n, considera que su an\u00e1lisis y consulta representa un gran paso adelante para institucionalizar esta visi\u00f3n.<\/p>\n\n\n\n<figure class=\"wp-block-image size-large\"><a href=\"https:\/\/alminutonoticia.com\/noticias\/wp-content\/uploads\/2025\/11\/WhatsApp-Image-2025-11-12-at-2.07.14-PM-1.jpeg\"><img decoding=\"async\" width=\"1024\" height=\"576\" src=\"https:\/\/alminutonoticia.com\/noticias\/wp-content\/uploads\/2025\/11\/WhatsApp-Image-2025-11-12-at-2.07.14-PM-1-1024x576.jpeg\" alt=\"\" class=\"wp-image-18061\" title=\"\" srcset=\"https:\/\/alminutonoticia.com\/noticias\/wp-content\/uploads\/2025\/11\/WhatsApp-Image-2025-11-12-at-2.07.14-PM-1-1024x576.jpeg 1024w, https:\/\/alminutonoticia.com\/noticias\/wp-content\/uploads\/2025\/11\/WhatsApp-Image-2025-11-12-at-2.07.14-PM-1-300x169.jpeg 300w, https:\/\/alminutonoticia.com\/noticias\/wp-content\/uploads\/2025\/11\/WhatsApp-Image-2025-11-12-at-2.07.14-PM-1-768x432.jpeg 768w, https:\/\/alminutonoticia.com\/noticias\/wp-content\/uploads\/2025\/11\/WhatsApp-Image-2025-11-12-at-2.07.14-PM-1.jpeg 1280w\" sizes=\"(max-width: 1024px) 100vw, 1024px\" \/><\/a><\/figure>\n\n\n\n<p>Por su parte, Juan Bello, representante Regional del Programa de las Naciones Unidas para el Medio Ambiente (PNUMA), indic\u00f3 que \u201cla posibilidad de innovar porque la mayor\u00eda de los desechos industriales que tenemos hasta el momento, todos se pueden reutilizar y reconvertir para la construcci\u00f3n de m\u00e1s estructuras, por eso la Econom\u00eda Circular lo que hace es una vez termina el uso en el material, entra nuevamente en el ciclo productivo, una fuente inagotable para empresas, emprendedores entre otros, por eso es importante este foro, donde conversaremos y buscaremos aprovechar esta oportunidad y ahora m\u00e1s que se acaba de aprobar la ley de Econom\u00eda Circular y la existencia de una personer\u00eda de finanzas sostenible para la banca\u201d.<\/p>\n\n\n\n<p>En este encuentro internacional participan diversas instituciones p\u00fablicas y privadas entre ellas el Ministerio de Desarrollo Agropecuario (MIDA), la Autoridad de los Recursos Acu\u00e1ticos de Panam\u00e1 (ARAP), el Ministerio de Desarrollo Social (MIDES), el Ministerio de Obras P\u00fablicas, la Autoridad Nacional de Aduanas, el Ministerio de Salud (MINSA) y el Ministerio de la Presidencia, adem\u00e1s de representantes de varias alcald\u00edas, juntas comunales, con el prop\u00f3sito de ampliar los alcances de las estrategias para maximizar el uso de recursos y minimizar los residuos como parte de la din\u00e1mica de la econom\u00eda circular.<\/p>\n\n\n\n<figure class=\"wp-block-image size-large\"><a href=\"https:\/\/alminutonoticia.com\/noticias\/wp-content\/uploads\/2025\/11\/WhatsApp-Image-2025-11-12-at-2.06.58-PM.jpeg\"><img loading=\"lazy\" decoding=\"async\" width=\"1024\" height=\"576\" src=\"https:\/\/alminutonoticia.com\/noticias\/wp-content\/uploads\/2025\/11\/WhatsApp-Image-2025-11-12-at-2.06.58-PM-1024x576.jpeg\" alt=\"\" class=\"wp-image-18062\" title=\"\" srcset=\"https:\/\/alminutonoticia.com\/noticias\/wp-content\/uploads\/2025\/11\/WhatsApp-Image-2025-11-12-at-2.06.58-PM-1024x576.jpeg 1024w, https:\/\/alminutonoticia.com\/noticias\/wp-content\/uploads\/2025\/11\/WhatsApp-Image-2025-11-12-at-2.06.58-PM-300x169.jpeg 300w, https:\/\/alminutonoticia.com\/noticias\/wp-content\/uploads\/2025\/11\/WhatsApp-Image-2025-11-12-at-2.06.58-PM-768x432.jpeg 768w, https:\/\/alminutonoticia.com\/noticias\/wp-content\/uploads\/2025\/11\/WhatsApp-Image-2025-11-12-at-2.06.58-PM.jpeg 1280w\" sizes=\"(max-width: 1024px) 100vw, 1024px\" \/><\/a><\/figure>\n\n\n\n<p>El foro representa la primera edici\u00f3n internacional de este tipo en el pa\u00eds, por lo que es una gran oportunidad para posicionar a Panam\u00e1 como escenario regional que facilite la articulaci\u00f3n de alianzas entre el sector p\u00fablico, el sector privado, el acad\u00e9mico y la sociedad civil para acelerar la implementaci\u00f3n de modelos circulares, adem\u00e1s de la movilizaci\u00f3n de actores nacionales e internacionales hacia la implementaci\u00f3n concreta de modelos de econom\u00eda circular.<\/p>\n","protected":false},"excerpt":{"rendered":"<p>Bajo el lema \u201cTransformando Panam\u00e1 hacia un futuro circular\u201d, m\u00e1s de 400 expertos, entre autoridades gubernamentales, representantes de la industria, acad\u00e9micos y miembros de la sociedad civil, se re\u00fanen esta semana en Panam\u00e1 en el I Foro de Econom\u00eda Circular para debatir sobre los avances, desaf\u00edos y las oportunidades que ofrece la econom\u00eda circular como [&hellip;]<\/p>\n","protected":false},"author":3,"featured_media":18062,"comment_status":"open","ping_status":"open","sticky":false,"template":"","format":"standard","meta":{"footnotes":""},"categories":[36,42],"tags":[],"class_list":["post-18057","post","type-post","status-publish","format-standard","has-post-thumbnail","hentry","category-nacionales","category-ambiente"],"_links":{"self":[{"href":"https:\/\/alminutonoticia.com\/noticias\/wp-json\/wp\/v2\/posts\/18057","targetHints":{"allow":["GET"]}}],"collection":[{"href":"https:\/\/alminutonoticia.com\/noticias\/wp-json\/wp\/v2\/posts"}],"about":[{"href":"https:\/\/alminutonoticia.com\/noticias\/wp-json\/wp\/v2\/types\/post"}],"author":[{"embeddable":true,"href":"https:\/\/alminutonoticia.com\/noticias\/wp-json\/wp\/v2\/users\/3"}],"replies":[{"embeddable":true,"href":"https:\/\/alminutonoticia.com\/noticias\/wp-json\/wp\/v2\/comments?post=18057"}],"version-history":[{"count":1,"href":"https:\/\/alminutonoticia.com\/noticias\/wp-json\/wp\/v2\/posts\/18057\/revisions"}],"predecessor-version":[{"id":18063,"href":"https:\/\/alminutonoticia.com\/noticias\/wp-json\/wp\/v2\/posts\/18057\/revisions\/18063"}],"wp:featuredmedia":[{"embeddable":true,"href":"https:\/\/alminutonoticia.com\/noticias\/wp-json\/wp\/v2\/media\/18062"}],"wp:attachment":[{"href":"https:\/\/alminutonoticia.com\/noticias\/wp-json\/wp\/v2\/media?parent=18057"}],"wp:term":[{"taxonomy":"category","embeddable":true,"href":"https:\/\/alminutonoticia.com\/noticias\/wp-json\/wp\/v2\/categories?post=18057"},{"taxonomy":"post_tag","embeddable":true,"href":"https:\/\/alminutonoticia.com\/noticias\/wp-json\/wp\/v2\/tags?post=18057"}],"curies":[{"name":"wp","href":"https:\/\/api.w.org\/{rel}","templated":true}]}}