{"id":18051,"date":"2025-11-07T01:50:35","date_gmt":"2025-11-07T01:50:35","guid":{"rendered":"https:\/\/alminutonoticia.com\/noticias\/?p=18051"},"modified":"2025-11-07T01:56:00","modified_gmt":"2025-11-07T01:56:00","slug":"contraloria-ordena-cautelacion-de-bienes-del-exvicepresidente-jose-gabriel-carrizo-por-mas-de-1-3-millones-de-dolares","status":"publish","type":"post","link":"https:\/\/alminutonoticia.com\/noticias\/contraloria-ordena-cautelacion-de-bienes-del-exvicepresidente-jose-gabriel-carrizo-por-mas-de-1-3-millones-de-dolares\/","title":{"rendered":"Contralor\u00eda ordena cautelaci\u00f3n de bienes del exvicepresidente Jos\u00e9 Gabriel Carrizo por m\u00e1s de 1.3 millones de d\u00f3lares"},"content":{"rendered":"\n<p>&nbsp;La&nbsp;<strong>Contralor\u00eda General de la Rep\u00fablica<\/strong>&nbsp;orden\u00f3 la&nbsp;<strong>cautelaci\u00f3n de bienes<\/strong>&nbsp;del exvicepresidente de Panam\u00e1 (2019-2024),&nbsp;<strong>Jos\u00e9 Gabriel Carrizo<\/strong>, como parte de las&nbsp;<strong>investigaciones por presunto enriquecimiento injustificado<\/strong>.<\/p>\n\n\n\n<p>Seg\u00fan la resoluci\u00f3n emitida por la entidad fiscalizadora, se dispuso el&nbsp;<strong>secuestro hasta la concurrencia de B\/. 1,313,818.33<\/strong>, medida que abarca&nbsp;<strong>bienes y cuentas vinculadas a Carrizo<\/strong>, incluyendo&nbsp;<strong>fincas inscritas a su nombre, dep\u00f3sitos bancarios y propiedades muebles e inmuebles<\/strong>.<\/p>\n\n\n\n<p>Asimismo, la Contralor\u00eda orden\u00f3 mantener bajo custodia&nbsp;<strong>cuentas por cobrar o cr\u00e9ditos contra el Estado<\/strong>, y determin\u00f3 que&nbsp;<strong>todos los bienes secuestrados permanecer\u00e1n a \u00f3rdenes de la instituci\u00f3n \u201chasta nuevo aviso\u201d<\/strong>, mientras avanzan las diligencias correspondientes.<\/p>\n\n\n\n<p>Esta acci\u00f3n forma parte de las&nbsp;<strong>medidas cautelares adoptadas en el marco de las investigaciones<\/strong>&nbsp;sobre el presunto uso indebido de fondos p\u00fablicos y enriquecimiento injustificado durante el periodo en que Carrizo ejerci\u00f3 la vicepresidencia de la Rep\u00fablica.<\/p>\n\n\n\n<figure class=\"wp-block-image size-full is-resized\"><a href=\"https:\/\/alminutonoticia.com\/noticias\/wp-content\/uploads\/2025\/11\/Resolucion-Contraloria-Gaby-Carrizo-1.webp\"><img fetchpriority=\"high\" decoding=\"async\" width=\"463\" height=\"550\" src=\"https:\/\/alminutonoticia.com\/noticias\/wp-content\/uploads\/2025\/11\/Resolucion-Contraloria-Gaby-Carrizo-1.webp\" alt=\"\" class=\"wp-image-18052\" style=\"width:840px;height:auto\" title=\"\" srcset=\"https:\/\/alminutonoticia.com\/noticias\/wp-content\/uploads\/2025\/11\/Resolucion-Contraloria-Gaby-Carrizo-1.webp 463w, https:\/\/alminutonoticia.com\/noticias\/wp-content\/uploads\/2025\/11\/Resolucion-Contraloria-Gaby-Carrizo-1-253x300.webp 253w\" sizes=\"(max-width: 463px) 100vw, 463px\" \/><\/a><\/figure>\n\n\n\n<p>Entre tanto,&nbsp;<strong>Jos\u00e9 Gabriel Carrizo<\/strong>, exvicepresidente de Panam\u00e1 (2019-2024), se pronunci\u00f3 mediante un comunicado en el que manifest\u00f3: \u201cEn relaci\u00f3n con publicaciones en las que se menciona mi nombre, conocidas hoy y supuestamente originadas en la Contralor\u00eda General de la Rep\u00fablica, considero mi deber ineludible precisar ante la opini\u00f3n p\u00fablica lo siguiente:<\/p>\n\n\n\n<blockquote class=\"wp-block-quote is-layout-flow wp-block-quote-is-layout-flow\">\n<p>Es lamentable que informaci\u00f3n sensible se filtre a los medios antes de ser comunicada a las partes involucradas. Este tipo de pr\u00e1cticas atenta contra el debido proceso y la transparencia institucional.\u201d<\/p>\n<\/blockquote>\n\n\n\n<p>Carrizo destac\u00f3 que, durante su servicio como Vicepresidente de la Rep\u00fablica y Ministro de la Presidencia, actu\u00f3 \u201ccon responsabilidad, honradez y respeto por la ley\u201d.<\/p>\n\n\n\n<figure class=\"wp-block-image size-full\"><a href=\"https:\/\/alminutonoticia.com\/noticias\/wp-content\/uploads\/2025\/11\/Comunicado-Gaby-Carrizo-1-814x1024-1.jpg\"><img decoding=\"async\" width=\"814\" height=\"1024\" src=\"https:\/\/alminutonoticia.com\/noticias\/wp-content\/uploads\/2025\/11\/Comunicado-Gaby-Carrizo-1-814x1024-1.jpg\" alt=\"\" class=\"wp-image-18053\" title=\"\" srcset=\"https:\/\/alminutonoticia.com\/noticias\/wp-content\/uploads\/2025\/11\/Comunicado-Gaby-Carrizo-1-814x1024-1.jpg 814w, https:\/\/alminutonoticia.com\/noticias\/wp-content\/uploads\/2025\/11\/Comunicado-Gaby-Carrizo-1-814x1024-1-238x300.jpg 238w, https:\/\/alminutonoticia.com\/noticias\/wp-content\/uploads\/2025\/11\/Comunicado-Gaby-Carrizo-1-814x1024-1-768x966.jpg 768w\" sizes=\"(max-width: 814px) 100vw, 814px\" \/><\/a><\/figure>\n\n\n\n<blockquote class=\"wp-block-quote is-layout-flow wp-block-quote-is-layout-flow\">\n<p>\u201cEstar\u00e9 dispuesto a responder ante las instancias correspondientes, pero siempre con hechos reales y transparencia. Mi compromiso es con la verdad\u201d, expres\u00f3.<\/p>\n<\/blockquote>\n\n\n\n<p>Igualmente, indic\u00f3 que se ha mantenido al margen de cualquier declaraci\u00f3n o participaci\u00f3n p\u00fablica, y pese a ello, ha sido v\u00edctima de innumerables calumnias e injurias.<\/p>\n\n\n\n<p>Finalmente, Carrizo concluy\u00f3 su comunicado se\u00f1alando que conf\u00eda plenamente en que la verdad prevalecer\u00e1, y asegur\u00f3 al pa\u00eds que, de ser necesario, enfrentar\u00e1 todos y cada uno de los se\u00f1alamientos que se presenten en su contra, que afecten su honra y lo m\u00e1s preciado que tiene: su familia y su apellido.<\/p>\n\n\n\n<figure class=\"wp-block-image size-full\"><a href=\"https:\/\/alminutonoticia.com\/noticias\/wp-content\/uploads\/2025\/11\/vp-carrizo-jaenjpeg.webp\"><img decoding=\"async\" width=\"855\" height=\"570\" src=\"https:\/\/alminutonoticia.com\/noticias\/wp-content\/uploads\/2025\/11\/vp-carrizo-jaenjpeg.webp\" alt=\"\" class=\"wp-image-18054\" title=\"\" srcset=\"https:\/\/alminutonoticia.com\/noticias\/wp-content\/uploads\/2025\/11\/vp-carrizo-jaenjpeg.webp 855w, https:\/\/alminutonoticia.com\/noticias\/wp-content\/uploads\/2025\/11\/vp-carrizo-jaenjpeg-300x200.webp 300w, https:\/\/alminutonoticia.com\/noticias\/wp-content\/uploads\/2025\/11\/vp-carrizo-jaenjpeg-768x512.webp 768w\" sizes=\"(max-width: 855px) 100vw, 855px\" \/><\/a><\/figure>\n","protected":false},"excerpt":{"rendered":"<p>&nbsp;La&nbsp;Contralor\u00eda General de la Rep\u00fablica&nbsp;orden\u00f3 la&nbsp;cautelaci\u00f3n de bienes&nbsp;del exvicepresidente de Panam\u00e1 (2019-2024),&nbsp;Jos\u00e9 Gabriel Carrizo, como parte de las&nbsp;investigaciones por presunto enriquecimiento injustificado. Seg\u00fan la resoluci\u00f3n emitida por la entidad fiscalizadora, se dispuso el&nbsp;secuestro hasta la concurrencia de B\/. 1,313,818.33, medida que abarca&nbsp;bienes y cuentas vinculadas a Carrizo, incluyendo&nbsp;fincas inscritas a su nombre, dep\u00f3sitos bancarios y [&hellip;]<\/p>\n","protected":false},"author":3,"featured_media":18054,"comment_status":"open","ping_status":"open","sticky":false,"template":"","format":"standard","meta":{"footnotes":""},"categories":[36],"tags":[],"class_list":["post-18051","post","type-post","status-publish","format-standard","has-post-thumbnail","hentry","category-nacionales"],"_links":{"self":[{"href":"https:\/\/alminutonoticia.com\/noticias\/wp-json\/wp\/v2\/posts\/18051","targetHints":{"allow":["GET"]}}],"collection":[{"href":"https:\/\/alminutonoticia.com\/noticias\/wp-json\/wp\/v2\/posts"}],"about":[{"href":"https:\/\/alminutonoticia.com\/noticias\/wp-json\/wp\/v2\/types\/post"}],"author":[{"embeddable":true,"href":"https:\/\/alminutonoticia.com\/noticias\/wp-json\/wp\/v2\/users\/3"}],"replies":[{"embeddable":true,"href":"https:\/\/alminutonoticia.com\/noticias\/wp-json\/wp\/v2\/comments?post=18051"}],"version-history":[{"count":1,"href":"https:\/\/alminutonoticia.com\/noticias\/wp-json\/wp\/v2\/posts\/18051\/revisions"}],"predecessor-version":[{"id":18055,"href":"https:\/\/alminutonoticia.com\/noticias\/wp-json\/wp\/v2\/posts\/18051\/revisions\/18055"}],"wp:featuredmedia":[{"embeddable":true,"href":"https:\/\/alminutonoticia.com\/noticias\/wp-json\/wp\/v2\/media\/18054"}],"wp:attachment":[{"href":"https:\/\/alminutonoticia.com\/noticias\/wp-json\/wp\/v2\/media?parent=18051"}],"wp:term":[{"taxonomy":"category","embeddable":true,"href":"https:\/\/alminutonoticia.com\/noticias\/wp-json\/wp\/v2\/categories?post=18051"},{"taxonomy":"post_tag","embeddable":true,"href":"https:\/\/alminutonoticia.com\/noticias\/wp-json\/wp\/v2\/tags?post=18051"}],"curies":[{"name":"wp","href":"https:\/\/api.w.org\/{rel}","templated":true}]}}