{"id":18043,"date":"2025-11-07T01:30:35","date_gmt":"2025-11-07T01:30:35","guid":{"rendered":"https:\/\/alminutonoticia.com\/noticias\/?p=18043"},"modified":"2025-11-07T01:30:37","modified_gmt":"2025-11-07T01:30:37","slug":"regiones-de-salud-realizaron-operativos-de-verificacion-de-alimentos-y-atencion-medica-durante-los-dias-patrios","status":"publish","type":"post","link":"https:\/\/alminutonoticia.com\/noticias\/regiones-de-salud-realizaron-operativos-de-verificacion-de-alimentos-y-atencion-medica-durante-los-dias-patrios\/","title":{"rendered":"Regiones de Salud realizaron operativos de verificaci\u00f3n de alimentos y atenci\u00f3n m\u00e9dica durante los d\u00edas patrios"},"content":{"rendered":"\n<p>En las 15 Regiones de Salud del Ministerio de Salud (Minsa) se realizaron inspecciones en los locales y puestos de expendio de alimentos a lo largo de las diferentes rutas de los desfiles, donde el personal de salud verific\u00f3 el cumplimiento de las normas sanitarias.<\/p>\n\n\n\n<p>De igual manera, se mantuvieron habilitadas 120 instalaciones de salud a nivel nacional, brindando la atenci\u00f3n m\u00e9dica oportuna a la poblaci\u00f3n.<\/p>\n\n\n\n<p>Entre las anomal\u00edas m\u00e1s detectadas estuvieron: no tener los permisos correspondientes; no portar los carn\u00e9s de salud blanco o verde, manejo inadecuado de los alimentos, productos vencidos o en descomposici\u00f3n, entre otros.<\/p>\n\n\n\n<div class=\"wp-block-columns is-layout-flex wp-container-core-columns-is-layout-28f84493 wp-block-columns-is-layout-flex\">\n<div class=\"wp-block-column is-layout-flow wp-block-column-is-layout-flow\">\n<figure class=\"wp-block-image size-large\"><a href=\"https:\/\/alminutonoticia.com\/noticias\/wp-content\/uploads\/2025\/11\/WhatsApp-Image-2025-11-06-at-3.31.20-PM-1.jpeg\"><img fetchpriority=\"high\" decoding=\"async\" width=\"1024\" height=\"682\" src=\"https:\/\/alminutonoticia.com\/noticias\/wp-content\/uploads\/2025\/11\/WhatsApp-Image-2025-11-06-at-3.31.20-PM-1-1024x682.jpeg\" alt=\"\" class=\"wp-image-18044\" title=\"\" srcset=\"https:\/\/alminutonoticia.com\/noticias\/wp-content\/uploads\/2025\/11\/WhatsApp-Image-2025-11-06-at-3.31.20-PM-1-1024x682.jpeg 1024w, https:\/\/alminutonoticia.com\/noticias\/wp-content\/uploads\/2025\/11\/WhatsApp-Image-2025-11-06-at-3.31.20-PM-1-300x200.jpeg 300w, https:\/\/alminutonoticia.com\/noticias\/wp-content\/uploads\/2025\/11\/WhatsApp-Image-2025-11-06-at-3.31.20-PM-1-768x512.jpeg 768w, https:\/\/alminutonoticia.com\/noticias\/wp-content\/uploads\/2025\/11\/WhatsApp-Image-2025-11-06-at-3.31.20-PM-1.jpeg 1280w\" sizes=\"(max-width: 1024px) 100vw, 1024px\" \/><\/a><\/figure>\n<\/div>\n\n\n\n<div class=\"wp-block-column is-layout-flow wp-block-column-is-layout-flow\">\n<figure class=\"wp-block-image size-full\"><a href=\"https:\/\/alminutonoticia.com\/noticias\/wp-content\/uploads\/2025\/11\/WhatsApp-Image-2025-11-06-at-3.31.21-PM.jpeg\"><img decoding=\"async\" width=\"960\" height=\"558\" src=\"https:\/\/alminutonoticia.com\/noticias\/wp-content\/uploads\/2025\/11\/WhatsApp-Image-2025-11-06-at-3.31.21-PM.jpeg\" alt=\"\" class=\"wp-image-18045\" title=\"\" srcset=\"https:\/\/alminutonoticia.com\/noticias\/wp-content\/uploads\/2025\/11\/WhatsApp-Image-2025-11-06-at-3.31.21-PM.jpeg 960w, https:\/\/alminutonoticia.com\/noticias\/wp-content\/uploads\/2025\/11\/WhatsApp-Image-2025-11-06-at-3.31.21-PM-300x174.jpeg 300w, https:\/\/alminutonoticia.com\/noticias\/wp-content\/uploads\/2025\/11\/WhatsApp-Image-2025-11-06-at-3.31.21-PM-768x446.jpeg 768w\" sizes=\"(max-width: 960px) 100vw, 960px\" \/><\/a><\/figure>\n<\/div>\n<\/div>\n\n\n\n<p><strong>Regi\u00f3n Metropolitana<\/strong><\/p>\n\n\n\n<p>El equipo de Salud de la Regi\u00f3n Metropolitana se&nbsp;mantuvo en las dos rutas de los desfiles patrios en la ciudad capital, donde se inspeccionaron&nbsp;un total de 183&nbsp;puestos de expendi\u00f3&nbsp;de alimentos,&nbsp;con un cumplimiento de la norma sanitaria de un 85% y se verific\u00f3 a&nbsp;400&nbsp;manipuladores de alimentos.<\/p>\n\n\n\n<p>Se sancionaron&nbsp;un total de 19 establecimientos,&nbsp;los cuales no contaban con sus permisos, manipuladores de alimentos sin sus carn\u00e9s blanco y verde, condiciones inadecuadas como alimentos sin la cadena de fr\u00edo requerida.<\/p>\n\n\n\n<p>Se destruyeron unos 2,500 cigarrillos sin pictogramas ni advertencias sanitarias.<\/p>\n\n\n\n<p>En cuanto a las atenciones en los puestos de las rutas del desfile, unas 36&nbsp;personas recibieron atenci\u00f3n por golpe de calor, presi\u00f3n arterial, entre otras.<\/p>\n\n\n\n<p>Mientras que, 78 personas recibieron atenci\u00f3n en los centros de salud de Taboga y Veracruz, Policentro de Parque Lefevre y Minsa Capsi de Las Garzas.<\/p>\n\n\n\n<p><strong>Regi\u00f3n de San Miguelito<\/strong><\/p>\n\n\n\n<p>Durante estas fiestas patrias, en el sector de Para\u00edso, corregimiento Mateo Iturralde, el personal m\u00e9dico atendi\u00f3 a 236 personas y se realizaron 17 traslados de pacientes a otras instalaciones de salud, garantizando una respuesta oportuna y segura.<\/p>\n\n\n\n<p>Se inspeccionaron a 111 manipuladores de alimentos y se brind\u00f3 85 docencias sobre la importancia del carn\u00e9s blanco y verde. &nbsp;&nbsp;<\/p>\n\n\n\n<p><strong>Regi\u00f3n de Los Santos<\/strong><\/p>\n\n\n\n<p>Los operativos del 3 y 4 de noviembre se realizaron en Las Tablas, Pedas\u00ed, Los Santos y Macaracas.<\/p>\n\n\n\n<p>El equipo de salud p\u00fablica inspeccion\u00f3 102 puestos de venta de alimentos, se encontraron 145 manipuladores de alimentos que contaban con su carn\u00e9 al d\u00eda, 7 no lo ten\u00edan y 8 en tr\u00e1mite.<\/p>\n\n\n\n<p>Se confeccionaron 2 actas, 2 citaciones y no se realizaron decomisos.<\/p>\n\n\n\n<p><strong>Regi\u00f3n de Col\u00f3n<\/strong><\/p>\n\n\n\n<p>Grupos conformados por m\u00e9dicos veterinarios, saneamiento ambiental y directores m\u00e9dicos,&nbsp;se mantuvieron&nbsp;a lo largo de las rutas de&nbsp;los&nbsp;desfiles para garantizar que los alimentos que consumen las personas cumplan con las normas de higiene y de calidad.<\/p>\n\n\n\n<p>Se inspeccionaron 132 puestos m\u00f3viles y permanentes, en los que se verific\u00f3 que los negocios cumplieran con la normativa sanitaria como la vestimenta adecuada, los carnets vigentes, la cadena de fr\u00edo, entre otros requerimientos para el expendi\u00f3 de alimentos.<\/p>\n\n\n\n<figure class=\"wp-block-image size-large\"><a href=\"https:\/\/alminutonoticia.com\/noticias\/wp-content\/uploads\/2025\/11\/WhatsApp-Image-2025-11-06-at-3.31.20-PM.jpeg\"><img decoding=\"async\" width=\"1024\" height=\"768\" src=\"https:\/\/alminutonoticia.com\/noticias\/wp-content\/uploads\/2025\/11\/WhatsApp-Image-2025-11-06-at-3.31.20-PM-1024x768.jpeg\" alt=\"\" class=\"wp-image-18046\" title=\"\" srcset=\"https:\/\/alminutonoticia.com\/noticias\/wp-content\/uploads\/2025\/11\/WhatsApp-Image-2025-11-06-at-3.31.20-PM-1024x768.jpeg 1024w, https:\/\/alminutonoticia.com\/noticias\/wp-content\/uploads\/2025\/11\/WhatsApp-Image-2025-11-06-at-3.31.20-PM-300x225.jpeg 300w, https:\/\/alminutonoticia.com\/noticias\/wp-content\/uploads\/2025\/11\/WhatsApp-Image-2025-11-06-at-3.31.20-PM-768x576.jpeg 768w, https:\/\/alminutonoticia.com\/noticias\/wp-content\/uploads\/2025\/11\/WhatsApp-Image-2025-11-06-at-3.31.20-PM.jpeg 1080w\" sizes=\"(max-width: 1024px) 100vw, 1024px\" \/><\/a><\/figure>\n\n\n\n<p><strong>Regi\u00f3n de Veraguas<\/strong><\/p>\n\n\n\n<p>En la provincia de Veraguas, distritos de Son\u00e1, Santiago y corregimiento de La Pe\u00f1a, se realizaron 204 verificaciones de manipuladores de alimentos y 169 inspecciones a establecimientos comerciales transitorios habilitados en la ruta de los desfiles.<\/p>\n\n\n\n<p>El Departamento de Emergencias en Salud, en coordinaci\u00f3n con el centro Regulador de urgencias y Emergencias M\u00e9dicas de Panam\u00e1 (CRUEM)&nbsp;y el Servicio Nacional Aeronaval (SENAN), realizaron la evacuaci\u00f3n m\u00e9dica de una paciente femenina de 55 a\u00f1os con sangrado nasal no controlado, procedente de la comunidad de Llano de Piedra, Comarca Ng\u00e4be-Bugl\u00e9, al cuarto de urgencias del Hospital Regional Dr. Luis \u201cChicho\u201d F\u00e1brega.<\/p>\n\n\n\n<p>En la Carpa de Atenci\u00f3n Pre Hospitalaria se recibieron 9 pacientes (1 por diabetes descompensada, 2 por golpe de calor, 1 por trauma por ca\u00edda y 1 lipotimia, entre otros casos).<\/p>\n\n\n\n<p><strong>Regi\u00f3n de Col\u00f3n<\/strong><\/p>\n\n\n\n<p>La Regi\u00f3n de Salud de Col\u00f3n, durante los d\u00edas de fiestas patrias, en la ruta del desfile se inspeccionaron 132 puestos m\u00f3viles y permanentes, donde se verific\u00f3 que los negocios cumplieran con la normativa sanitaria, como la vestimenta adecuada, los carnets vigentes, la cadena de fr\u00edo, entre otros requerimientos para el expendio de alimentos.<\/p>\n\n\n\n<p><strong>Regi\u00f3n de Salud de Herrera<\/strong><\/p>\n\n\n\n<p>La Regi\u00f3n de Salud de Herrera mantuvo operativos de vigilancia sanitaria durante las actividades y desfiles realizados los d\u00edas 3 y 4 de noviembre, principalmente en los distritos de Chitr\u00e9 y Parita; donde el personal de Saneamiento Ambiental realiz\u00f3 la verificaci\u00f3n de 84 puestos de ventas ambulantes, 6 fondas transitorias y 6 kioscos de venta de bebidas.<\/p>\n\n\n\n<p>Por su parte, el personal de la Direcci\u00f3n Nacional de Control de Alimentos y Vigilancia Veterinaria (DNCAVV) inspeccion\u00f3 la procedencia de carnes en 84 puestos de alimentos y verific\u00f3 el mantenimiento adecuado de la cadena de fr\u00edo y temperatura en un total de 67 puestos, asegurando as\u00ed la correcta manipulaci\u00f3n y conservaci\u00f3n de los alimentos ofrecidos al p\u00fablico.<\/p>\n\n\n\n<p>En total, se identificaron 219 manipuladores de alimentos que contaban con carnet de buena salud y carnet de manipulador de alimentos vigentes, requisito indispensable para la preparaci\u00f3n y expendio de alimentos en espacios p\u00fablicos.<\/p>\n\n\n\n<p>El Minsa, por las festividades patrias y de fin de a\u00f1o, declar\u00f3&nbsp;<strong>Alerta Azul<\/strong>&nbsp;a nivel nacional en todas las regiones de salud del pa\u00eds, del 1 de noviembre de 2025 al 1 de enero de 2026. Esta medida tiene por objeto reforzar las acciones de vigilancia y atenci\u00f3n sanitaria, garantizar la disponibilidad de los servicios de salud y minimizar riesgos durante celebraciones multitudinarias.<\/p>\n","protected":false},"excerpt":{"rendered":"<p>En las 15 Regiones de Salud del Ministerio de Salud (Minsa) se realizaron inspecciones en los locales y puestos de expendio de alimentos a lo largo de las diferentes rutas de los desfiles, donde el personal de salud verific\u00f3 el cumplimiento de las normas sanitarias. De igual manera, se mantuvieron habilitadas 120 instalaciones de salud [&hellip;]<\/p>\n","protected":false},"author":3,"featured_media":18045,"comment_status":"open","ping_status":"open","sticky":false,"template":"","format":"standard","meta":{"footnotes":""},"categories":[36,45],"tags":[],"class_list":["post-18043","post","type-post","status-publish","format-standard","has-post-thumbnail","hentry","category-nacionales","category-salud"],"_links":{"self":[{"href":"https:\/\/alminutonoticia.com\/noticias\/wp-json\/wp\/v2\/posts\/18043","targetHints":{"allow":["GET"]}}],"collection":[{"href":"https:\/\/alminutonoticia.com\/noticias\/wp-json\/wp\/v2\/posts"}],"about":[{"href":"https:\/\/alminutonoticia.com\/noticias\/wp-json\/wp\/v2\/types\/post"}],"author":[{"embeddable":true,"href":"https:\/\/alminutonoticia.com\/noticias\/wp-json\/wp\/v2\/users\/3"}],"replies":[{"embeddable":true,"href":"https:\/\/alminutonoticia.com\/noticias\/wp-json\/wp\/v2\/comments?post=18043"}],"version-history":[{"count":1,"href":"https:\/\/alminutonoticia.com\/noticias\/wp-json\/wp\/v2\/posts\/18043\/revisions"}],"predecessor-version":[{"id":18047,"href":"https:\/\/alminutonoticia.com\/noticias\/wp-json\/wp\/v2\/posts\/18043\/revisions\/18047"}],"wp:featuredmedia":[{"embeddable":true,"href":"https:\/\/alminutonoticia.com\/noticias\/wp-json\/wp\/v2\/media\/18045"}],"wp:attachment":[{"href":"https:\/\/alminutonoticia.com\/noticias\/wp-json\/wp\/v2\/media?parent=18043"}],"wp:term":[{"taxonomy":"category","embeddable":true,"href":"https:\/\/alminutonoticia.com\/noticias\/wp-json\/wp\/v2\/categories?post=18043"},{"taxonomy":"post_tag","embeddable":true,"href":"https:\/\/alminutonoticia.com\/noticias\/wp-json\/wp\/v2\/tags?post=18043"}],"curies":[{"name":"wp","href":"https:\/\/api.w.org\/{rel}","templated":true}]}}