{"id":18039,"date":"2025-11-07T01:26:42","date_gmt":"2025-11-07T01:26:42","guid":{"rendered":"https:\/\/alminutonoticia.com\/noticias\/?p=18039"},"modified":"2025-11-07T01:27:15","modified_gmt":"2025-11-07T01:27:15","slug":"se-construye-favorablemente-el-centro-educativo-de-boca-de-lara","status":"publish","type":"post","link":"https:\/\/alminutonoticia.com\/noticias\/se-construye-favorablemente-el-centro-educativo-de-boca-de-lara\/","title":{"rendered":"Se construye favorablemente el Centro Educativo de Boca de Lara"},"content":{"rendered":"\n<p>Personal t\u00e9cnico de la Unidad Coordinadora de Proyecto-UCP del Ministerio de Gobierno, encabezado por el arquitecto Ricardo Testa, realiz\u00f3 una revisi\u00f3n de seguimiento a la construcci\u00f3n del Centro Educativo Boca de Lara en la comunidad de Puerto Lara, en el territorio nacional Wounaan.<\/p>\n\n\n\n<p>La revisi\u00f3n permiti\u00f3 constatar el desarrollo favorable de la obra y se da paso para establecer el tr\u00e1mite correspondiente ante la Contralor\u00eda General de la Rep\u00fablicas para la posterior entrega de la infraestructura a la comunidad.<\/p>\n\n\n\n<p>Este Centro Educativo en el territorio Wounaan atiende a ni\u00f1os desde maternal hasta premedia, y cuenta con una matr\u00edcula de 162 estudiantes, siendo una obra que forma parte del Proyecto Apoyo al Plan de Desarrollo Integral de los Pueblos Ind\u00edgenas de Panam\u00e1, financiado por el Banco Mundial y ejecutado por el Ministerio de Gobierno a trav\u00e9s de la Unidad Coordinadora de Proyecto y el socio Ministerio de Educaci\u00f3n.<\/p>\n\n\n\n<div class=\"wp-block-columns is-layout-flex wp-container-core-columns-is-layout-28f84493 wp-block-columns-is-layout-flex\">\n<div class=\"wp-block-column is-layout-flow wp-block-column-is-layout-flow\">\n<figure class=\"wp-block-image size-large\"><a href=\"https:\/\/alminutonoticia.com\/noticias\/wp-content\/uploads\/2025\/11\/WhatsApp-Image-2025-11-06-at-2.25.36-PM.jpeg\"><img fetchpriority=\"high\" decoding=\"async\" width=\"1024\" height=\"768\" src=\"https:\/\/alminutonoticia.com\/noticias\/wp-content\/uploads\/2025\/11\/WhatsApp-Image-2025-11-06-at-2.25.36-PM-1024x768.jpeg\" alt=\"\" class=\"wp-image-18040\" title=\"\" srcset=\"https:\/\/alminutonoticia.com\/noticias\/wp-content\/uploads\/2025\/11\/WhatsApp-Image-2025-11-06-at-2.25.36-PM-1024x768.jpeg 1024w, https:\/\/alminutonoticia.com\/noticias\/wp-content\/uploads\/2025\/11\/WhatsApp-Image-2025-11-06-at-2.25.36-PM-300x225.jpeg 300w, https:\/\/alminutonoticia.com\/noticias\/wp-content\/uploads\/2025\/11\/WhatsApp-Image-2025-11-06-at-2.25.36-PM-768x576.jpeg 768w, https:\/\/alminutonoticia.com\/noticias\/wp-content\/uploads\/2025\/11\/WhatsApp-Image-2025-11-06-at-2.25.36-PM.jpeg 1280w\" sizes=\"(max-width: 1024px) 100vw, 1024px\" \/><\/a><\/figure>\n<\/div>\n\n\n\n<div class=\"wp-block-column is-layout-flow wp-block-column-is-layout-flow\">\n<figure class=\"wp-block-image size-large\"><a href=\"https:\/\/alminutonoticia.com\/noticias\/wp-content\/uploads\/2025\/11\/WhatsApp-Image-2025-11-06-at-2.25.37-PM.jpeg\"><img decoding=\"async\" width=\"1024\" height=\"768\" src=\"https:\/\/alminutonoticia.com\/noticias\/wp-content\/uploads\/2025\/11\/WhatsApp-Image-2025-11-06-at-2.25.37-PM-1024x768.jpeg\" alt=\"\" class=\"wp-image-18041\" title=\"\" srcset=\"https:\/\/alminutonoticia.com\/noticias\/wp-content\/uploads\/2025\/11\/WhatsApp-Image-2025-11-06-at-2.25.37-PM-1024x768.jpeg 1024w, https:\/\/alminutonoticia.com\/noticias\/wp-content\/uploads\/2025\/11\/WhatsApp-Image-2025-11-06-at-2.25.37-PM-300x225.jpeg 300w, https:\/\/alminutonoticia.com\/noticias\/wp-content\/uploads\/2025\/11\/WhatsApp-Image-2025-11-06-at-2.25.37-PM-768x576.jpeg 768w, https:\/\/alminutonoticia.com\/noticias\/wp-content\/uploads\/2025\/11\/WhatsApp-Image-2025-11-06-at-2.25.37-PM.jpeg 1280w\" sizes=\"(max-width: 1024px) 100vw, 1024px\" \/><\/a><\/figure>\n<\/div>\n<\/div>\n\n\n\n<p>La nueva escuela contar\u00e1 con 11 salones, un moderno laboratorio de inform\u00e1tica y ciencia, oficina administrativa, un sal\u00f3n multiuso, redes de internet, comedor, c\u00e1maras de seguridad, alarmas, extintores, tanque s\u00e9ptico, planta de tratamiento de agua, tanque de reserva de agua, y las comodidades propias para un buen ambiente escolar.<\/p>\n\n\n\n<p>Esta nueva infraestructura beneficiar\u00e1 a m\u00e1s de mil habitantes directos e indirectos de Puerto Lara y comunidades aleda\u00f1as; y se espera un importante incremento de matr\u00edcula con una alta calidad educativa, favoreciendo el desarrollo de la poblaci\u00f3n y fortaleciendo su cultura y tradiciones.<\/p>\n","protected":false},"excerpt":{"rendered":"<p>Personal t\u00e9cnico de la Unidad Coordinadora de Proyecto-UCP del Ministerio de Gobierno, encabezado por el arquitecto Ricardo Testa, realiz\u00f3 una revisi\u00f3n de seguimiento a la construcci\u00f3n del Centro Educativo Boca de Lara en la comunidad de Puerto Lara, en el territorio nacional Wounaan. La revisi\u00f3n permiti\u00f3 constatar el desarrollo favorable de la obra y se [&hellip;]<\/p>\n","protected":false},"author":3,"featured_media":18040,"comment_status":"open","ping_status":"open","sticky":false,"template":"","format":"standard","meta":{"footnotes":""},"categories":[36],"tags":[],"class_list":["post-18039","post","type-post","status-publish","format-standard","has-post-thumbnail","hentry","category-nacionales"],"_links":{"self":[{"href":"https:\/\/alminutonoticia.com\/noticias\/wp-json\/wp\/v2\/posts\/18039","targetHints":{"allow":["GET"]}}],"collection":[{"href":"https:\/\/alminutonoticia.com\/noticias\/wp-json\/wp\/v2\/posts"}],"about":[{"href":"https:\/\/alminutonoticia.com\/noticias\/wp-json\/wp\/v2\/types\/post"}],"author":[{"embeddable":true,"href":"https:\/\/alminutonoticia.com\/noticias\/wp-json\/wp\/v2\/users\/3"}],"replies":[{"embeddable":true,"href":"https:\/\/alminutonoticia.com\/noticias\/wp-json\/wp\/v2\/comments?post=18039"}],"version-history":[{"count":1,"href":"https:\/\/alminutonoticia.com\/noticias\/wp-json\/wp\/v2\/posts\/18039\/revisions"}],"predecessor-version":[{"id":18042,"href":"https:\/\/alminutonoticia.com\/noticias\/wp-json\/wp\/v2\/posts\/18039\/revisions\/18042"}],"wp:featuredmedia":[{"embeddable":true,"href":"https:\/\/alminutonoticia.com\/noticias\/wp-json\/wp\/v2\/media\/18040"}],"wp:attachment":[{"href":"https:\/\/alminutonoticia.com\/noticias\/wp-json\/wp\/v2\/media?parent=18039"}],"wp:term":[{"taxonomy":"category","embeddable":true,"href":"https:\/\/alminutonoticia.com\/noticias\/wp-json\/wp\/v2\/categories?post=18039"},{"taxonomy":"post_tag","embeddable":true,"href":"https:\/\/alminutonoticia.com\/noticias\/wp-json\/wp\/v2\/tags?post=18039"}],"curies":[{"name":"wp","href":"https:\/\/api.w.org\/{rel}","templated":true}]}}