{"id":18034,"date":"2025-11-07T01:23:46","date_gmt":"2025-11-07T01:23:46","guid":{"rendered":"https:\/\/alminutonoticia.com\/noticias\/?p=18034"},"modified":"2025-11-07T01:28:51","modified_gmt":"2025-11-07T01:28:51","slug":"idaan-ejecuto-amplio-operativo-de-trabajos-en-fiestas-patrias","status":"publish","type":"post","link":"https:\/\/alminutonoticia.com\/noticias\/idaan-ejecuto-amplio-operativo-de-trabajos-en-fiestas-patrias\/","title":{"rendered":"IDAAN ejecut\u00f3 amplio operativo de trabajos en fiestas patrias"},"content":{"rendered":"\n<p>Durante las Fiestas Patrias, el IDAAN a trav\u00e9s de su plan de contingencia, ejecut\u00f3 un amplio operativo de trabajos de reparaci\u00f3n, mantenimiento y mejoras operativas en la red de distribuci\u00f3n de agua potable y estaciones de bombeo que presentaron afectaciones a nivel nacional, principalmente en la regi\u00f3n metropolitana.<\/p>\n\n\n\n<p>Adem\u00e1s, ante las fuertes lluvias registradas se mantuvo el monitoreo en las tomas de agua cruda y se realizaron trabajos en las plantas potabilizadoras con el fin de asegurar un suministro continuo y de calidad para la poblaci\u00f3n como en el caso de las plantas de Pacora, Rufina Alfaro en Los Santos; Santiago y Ca\u00f1azas en Veraguas; San Bartolo y Santa Marta en Chiriqui.<\/p>\n\n\n\n<div class=\"wp-block-columns is-layout-flex wp-container-core-columns-is-layout-28f84493 wp-block-columns-is-layout-flex\">\n<div class=\"wp-block-column is-layout-flow wp-block-column-is-layout-flow\">\n<figure class=\"wp-block-image size-large\"><a href=\"https:\/\/alminutonoticia.com\/noticias\/wp-content\/uploads\/2025\/11\/WhatsApp-Image-2025-11-06-at-3.37.14-PM-3.jpeg\"><img fetchpriority=\"high\" decoding=\"async\" width=\"768\" height=\"1024\" src=\"https:\/\/alminutonoticia.com\/noticias\/wp-content\/uploads\/2025\/11\/WhatsApp-Image-2025-11-06-at-3.37.14-PM-3-768x1024.jpeg\" alt=\"\" class=\"wp-image-18035\" title=\"\" srcset=\"https:\/\/alminutonoticia.com\/noticias\/wp-content\/uploads\/2025\/11\/WhatsApp-Image-2025-11-06-at-3.37.14-PM-3-768x1024.jpeg 768w, https:\/\/alminutonoticia.com\/noticias\/wp-content\/uploads\/2025\/11\/WhatsApp-Image-2025-11-06-at-3.37.14-PM-3-225x300.jpeg 225w, https:\/\/alminutonoticia.com\/noticias\/wp-content\/uploads\/2025\/11\/WhatsApp-Image-2025-11-06-at-3.37.14-PM-3-1152x1536.jpeg 1152w, https:\/\/alminutonoticia.com\/noticias\/wp-content\/uploads\/2025\/11\/WhatsApp-Image-2025-11-06-at-3.37.14-PM-3.jpeg 1200w\" sizes=\"(max-width: 768px) 100vw, 768px\" \/><\/a><\/figure>\n<\/div>\n\n\n\n<div class=\"wp-block-column is-layout-flow wp-block-column-is-layout-flow\">\n<figure class=\"wp-block-image size-large\"><a href=\"https:\/\/alminutonoticia.com\/noticias\/wp-content\/uploads\/2025\/11\/WhatsApp-Image-2025-11-06-at-3.37.14-PM.jpeg\"><img decoding=\"async\" width=\"768\" height=\"1024\" src=\"https:\/\/alminutonoticia.com\/noticias\/wp-content\/uploads\/2025\/11\/WhatsApp-Image-2025-11-06-at-3.37.14-PM-768x1024.jpeg\" alt=\"\" class=\"wp-image-18036\" title=\"\" srcset=\"https:\/\/alminutonoticia.com\/noticias\/wp-content\/uploads\/2025\/11\/WhatsApp-Image-2025-11-06-at-3.37.14-PM-768x1024.jpeg 768w, https:\/\/alminutonoticia.com\/noticias\/wp-content\/uploads\/2025\/11\/WhatsApp-Image-2025-11-06-at-3.37.14-PM-225x300.jpeg 225w, https:\/\/alminutonoticia.com\/noticias\/wp-content\/uploads\/2025\/11\/WhatsApp-Image-2025-11-06-at-3.37.14-PM-1152x1536.jpeg 1152w, https:\/\/alminutonoticia.com\/noticias\/wp-content\/uploads\/2025\/11\/WhatsApp-Image-2025-11-06-at-3.37.14-PM.jpeg 1200w\" sizes=\"(max-width: 768px) 100vw, 768px\" \/><\/a><\/figure>\n<\/div>\n<\/div>\n\n\n\n<p>Principales acciones realizadas en la regi\u00f3n metropolitana:<\/p>\n\n\n\n<p>1 de noviembre<\/p>\n\n\n\n<ul class=\"wp-block-list\">\n<li>Reparaci\u00f3n de l\u00edneas de 4&#8243; en Santa Clara (Juan D\u00edaz), Las Vegas y Chilibre Centro.<\/li>\n\n\n\n<li>Trabajos de soldadura para la instalaci\u00f3n de una v\u00e1lvula de 24&#8243; en Perejil.<\/li>\n\n\n\n<li>Cambio de sellos en la tapa de un hidrante en Betania.<\/li>\n\n\n\n<li>Sustituci\u00f3n de una llave de paso adyacente a la Casa Amarilla, en San Felipe.<\/li>\n<\/ul>\n\n\n\n<p>2 de noviembre<\/p>\n\n\n\n<ul class=\"wp-block-list\">\n<li>Trabajos programados de instalaci\u00f3n de v\u00e1lvula de 24&#8243; en calle Juan A. Guisado y V\u00eda Nacional para estabilizar las presiones y optimizar la red.<\/li>\n\n\n\n<li>Reparaci\u00f3n de l\u00ednea de 8&#8243; en Gonzalillo.<\/li>\n\n\n\n<li>Inspecci\u00f3n en la toma de agua cruda de la planta de Pacora, junto a la Direcci\u00f3n de Verificaci\u00f3n Ambiental.<\/li>\n\n\n\n<li>Optimizaci\u00f3n del sistema el\u00e9ctrico en la planta de Pacora.<\/li>\n<\/ul>\n\n\n\n<p>3 de noviembre<\/p>\n\n\n\n<ul class=\"wp-block-list\">\n<li>Reparaci\u00f3n de l\u00edneas de 8&#8243; y 10&#8243; en Gonzalillo.<\/li>\n\n\n\n<li>Reparaci\u00f3n de l\u00ednea de 12&#8243; cerca del Parque Log\u00edstico hacia Los Jardines (24 de Diciembre).<\/li>\n\n\n\n<li>Reparaci\u00f3n de tuber\u00eda de 1\/2&#8243; en Carrasquilla.<\/li>\n\n\n\n<li>Trabajos de soldadura en v\u00e1lvula de 24&#8243; en Perejil.<\/li>\n\n\n\n<li>Dragado en la toma de agua cruda de la planta de Pacora.<\/li>\n<\/ul>\n\n\n\n<figure class=\"wp-block-image size-large\"><a href=\"https:\/\/alminutonoticia.com\/noticias\/wp-content\/uploads\/2025\/11\/WhatsApp-Image-2025-11-06-at-3.37.14-PM-1.jpeg\"><img decoding=\"async\" width=\"1024\" height=\"768\" src=\"https:\/\/alminutonoticia.com\/noticias\/wp-content\/uploads\/2025\/11\/WhatsApp-Image-2025-11-06-at-3.37.14-PM-1-1024x768.jpeg\" alt=\"\" class=\"wp-image-18037\" title=\"\" srcset=\"https:\/\/alminutonoticia.com\/noticias\/wp-content\/uploads\/2025\/11\/WhatsApp-Image-2025-11-06-at-3.37.14-PM-1-1024x768.jpeg 1024w, https:\/\/alminutonoticia.com\/noticias\/wp-content\/uploads\/2025\/11\/WhatsApp-Image-2025-11-06-at-3.37.14-PM-1-300x225.jpeg 300w, https:\/\/alminutonoticia.com\/noticias\/wp-content\/uploads\/2025\/11\/WhatsApp-Image-2025-11-06-at-3.37.14-PM-1-768x576.jpeg 768w, https:\/\/alminutonoticia.com\/noticias\/wp-content\/uploads\/2025\/11\/WhatsApp-Image-2025-11-06-at-3.37.14-PM-1-1536x1152.jpeg 1536w, https:\/\/alminutonoticia.com\/noticias\/wp-content\/uploads\/2025\/11\/WhatsApp-Image-2025-11-06-at-3.37.14-PM-1.jpeg 1600w\" sizes=\"(max-width: 1024px) 100vw, 1024px\" \/><\/a><\/figure>\n\n\n\n<p>4 de noviembre<\/p>\n\n\n\n<ul class=\"wp-block-list\">\n<li>Monitoreo de caudales y turbiedad en la planta de Pacora ante la crecida del r\u00edo.<\/li>\n\n\n\n<li>Dragado y limpieza de bomba de baja carga de 125 hp.<\/li>\n\n\n\n<li>Suspensi\u00f3n temporal de operaciones en Pacora por condiciones clim\u00e1ticas adversas.<\/li>\n\n\n\n<li>Reparaci\u00f3n de tuber\u00edas de 8&#8243; y 10&#8243; en Gonzalillo.<\/li>\n\n\n\n<li>Ajustes operativos en la estaci\u00f3n nueva de Betania tras desbordamiento.<\/li>\n\n\n\n<li>Suministro de agua mediante cisterna a la comunidad de Nuevo M\u00e9xico (Caimitillo).<\/li>\n\n\n\n<li>Reforzamiento de l\u00ednea de 10&#8243; en Gonzalillo.<\/li>\n\n\n\n<li>Ajuste de v\u00e1lvula en la estaci\u00f3n de bombeo de San Andr\u00e9s, cerca del Metro de Villa Zaita.<\/li>\n<\/ul>\n\n\n\n<p>5 de noviembre<\/p>\n\n\n\n<ul class=\"wp-block-list\">\n<li>Aviso de suministro irregular por incidencia en un motor de la estaci\u00f3n de Santa Rita (Cabra).<\/li>\n\n\n\n<li>Restablecimiento de operaciones en estaciones de bombeo de San Pablo y San Andr\u00e9s.<\/li>\n\n\n\n<li>Adecuaci\u00f3n de \u00e1rea intervenida en calle Juan A. Guisado tras instalaci\u00f3n de v\u00e1lvula de 24&#8243;.<\/li>\n\n\n\n<li>Apertura de tres hidrantes en el Parque Metropolitano.<\/li>\n\n\n\n<li>Reparaci\u00f3n de l\u00ednea de 6&#8243; en Villa Soberan\u00eda, Betania.<\/li>\n\n\n\n<li>Reparaci\u00f3n de l\u00ednea de 6&#8243; en el Club Ecuestre Metropolitano.<\/li>\n<\/ul>\n","protected":false},"excerpt":{"rendered":"<p>Durante las Fiestas Patrias, el IDAAN a trav\u00e9s de su plan de contingencia, ejecut\u00f3 un amplio operativo de trabajos de reparaci\u00f3n, mantenimiento y mejoras operativas en la red de distribuci\u00f3n de agua potable y estaciones de bombeo que presentaron afectaciones a nivel nacional, principalmente en la regi\u00f3n metropolitana. Adem\u00e1s, ante las fuertes lluvias registradas se [&hellip;]<\/p>\n","protected":false},"author":3,"featured_media":18037,"comment_status":"open","ping_status":"open","sticky":false,"template":"","format":"standard","meta":{"footnotes":""},"categories":[36],"tags":[],"class_list":["post-18034","post","type-post","status-publish","format-standard","has-post-thumbnail","hentry","category-nacionales"],"_links":{"self":[{"href":"https:\/\/alminutonoticia.com\/noticias\/wp-json\/wp\/v2\/posts\/18034","targetHints":{"allow":["GET"]}}],"collection":[{"href":"https:\/\/alminutonoticia.com\/noticias\/wp-json\/wp\/v2\/posts"}],"about":[{"href":"https:\/\/alminutonoticia.com\/noticias\/wp-json\/wp\/v2\/types\/post"}],"author":[{"embeddable":true,"href":"https:\/\/alminutonoticia.com\/noticias\/wp-json\/wp\/v2\/users\/3"}],"replies":[{"embeddable":true,"href":"https:\/\/alminutonoticia.com\/noticias\/wp-json\/wp\/v2\/comments?post=18034"}],"version-history":[{"count":1,"href":"https:\/\/alminutonoticia.com\/noticias\/wp-json\/wp\/v2\/posts\/18034\/revisions"}],"predecessor-version":[{"id":18038,"href":"https:\/\/alminutonoticia.com\/noticias\/wp-json\/wp\/v2\/posts\/18034\/revisions\/18038"}],"wp:featuredmedia":[{"embeddable":true,"href":"https:\/\/alminutonoticia.com\/noticias\/wp-json\/wp\/v2\/media\/18037"}],"wp:attachment":[{"href":"https:\/\/alminutonoticia.com\/noticias\/wp-json\/wp\/v2\/media?parent=18034"}],"wp:term":[{"taxonomy":"category","embeddable":true,"href":"https:\/\/alminutonoticia.com\/noticias\/wp-json\/wp\/v2\/categories?post=18034"},{"taxonomy":"post_tag","embeddable":true,"href":"https:\/\/alminutonoticia.com\/noticias\/wp-json\/wp\/v2\/tags?post=18034"}],"curies":[{"name":"wp","href":"https:\/\/api.w.org\/{rel}","templated":true}]}}