{"id":18029,"date":"2025-11-01T15:04:12","date_gmt":"2025-11-01T15:04:12","guid":{"rendered":"https:\/\/alminutonoticia.com\/noticias\/?p=18029"},"modified":"2025-11-01T15:04:13","modified_gmt":"2025-11-01T15:04:13","slug":"apede-lamenta-el-rechazo-a-la-ley-anticorrupcion-e-insta-a-revisar-las-causas-para-que-la-iniciativa-pueda-ser-presentada-nuevamente","status":"publish","type":"post","link":"https:\/\/alminutonoticia.com\/noticias\/apede-lamenta-el-rechazo-a-la-ley-anticorrupcion-e-insta-a-revisar-las-causas-para-que-la-iniciativa-pueda-ser-presentada-nuevamente\/","title":{"rendered":"APEDE lamenta el rechazo a la Ley Anticorrupci\u00f3n e insta a revisar las causas para que la iniciativa pueda ser presentada nuevamente"},"content":{"rendered":"\n<p>La Asociaci\u00f3n Paname\u00f1a de Ejecutivos de Empresa (APEDE) lamenta el rechazo, en primer debate, del proyecto de ley N.\u00ba 291 \u2013 Ley General Anticorrupci\u00f3n, e insta a las autoridades competentes a revisar las razones que motivaron su rechazo, con el fin de que la iniciativa pueda ser presentada nuevamente una vez se atiendan las observaciones planteadas.<\/p>\n\n\n\n<p>El gremio empresarial reconoce la importancia de esta propuesta, presentada por el Procurador General de la Naci\u00f3n, como una oportunidad clave para modernizar las herramientas legales de investigaci\u00f3n y sanci\u00f3n de los delitos contra la administraci\u00f3n p\u00fablica, fortalecer la autonom\u00eda del Ministerio P\u00fablico y promover la cooperaci\u00f3n internacional en la lucha contra la corrupci\u00f3n, bajo control judicial y con respeto al debido proceso.<\/p>\n\n\n\n<p>\u201cPanam\u00e1 no puede aplazar m\u00e1s la modernizaci\u00f3n de su marco anticorrupci\u00f3n. Exhortamos a las autoridades a revisar las causas de este rechazo y retomar la discusi\u00f3n para que el pa\u00eds cuente con una ley robusta que fortalezca la transparencia y la institucionalidad\u201d, afirma Giulia De Sanctis, presidenta de la APEDE.<\/p>\n\n\n\n<p>APEDE destaca que la lucha contra la corrupci\u00f3n no es solo un tema \u00e9tico, sino una condici\u00f3n esencial para el desarrollo econ\u00f3mico y la estabilidad institucional. Seg\u00fan el World Economic Outlook 2024 del Fondo Monetario Internacional, los pa\u00edses con mejores indicadores de gobernanza crecen entre 1.5% y 2% m\u00e1s r\u00e1pido que aquellos con instituciones d\u00e9biles, gracias a un uso m\u00e1s eficiente de los recursos p\u00fablicos y una mayor confianza de los inversionistas.<\/p>\n\n\n\n<p>A su vez, Transparencia Internacional ubica a Panam\u00e1 en la posici\u00f3n 114 de 180 pa\u00edses, con una calificaci\u00f3n de 33 sobre 100 en el \u00cdndice de Percepci\u00f3n de la Corrupci\u00f3n, lo que refleja la urgencia de fortalecer el marco legal y las herramientas institucionales contra la corrupci\u00f3n.<\/p>\n\n\n\n<p>\u201cPanam\u00e1 necesita leyes modernas que cierren los espacios de discrecionalidad y garanticen la rendici\u00f3n de cuentas. Nuestra meta es que este esfuerzo no se pierda, sino que se transforme en una oportunidad real de avance\u201d, se\u00f1ala De Sanctis.<\/p>\n\n\n\n<figure class=\"wp-block-image size-full\"><a href=\"https:\/\/alminutonoticia.com\/noticias\/wp-content\/uploads\/2025\/11\/Imagen-de-WhatsApp-2025-11-01-a-las-09.42.37_92e123e4.jpg\"><img fetchpriority=\"high\" decoding=\"async\" width=\"1000\" height=\"852\" src=\"https:\/\/alminutonoticia.com\/noticias\/wp-content\/uploads\/2025\/11\/Imagen-de-WhatsApp-2025-11-01-a-las-09.42.37_92e123e4.jpg\" alt=\"\" class=\"wp-image-18030\" title=\"\" srcset=\"https:\/\/alminutonoticia.com\/noticias\/wp-content\/uploads\/2025\/11\/Imagen-de-WhatsApp-2025-11-01-a-las-09.42.37_92e123e4.jpg 1000w, https:\/\/alminutonoticia.com\/noticias\/wp-content\/uploads\/2025\/11\/Imagen-de-WhatsApp-2025-11-01-a-las-09.42.37_92e123e4-300x256.jpg 300w, https:\/\/alminutonoticia.com\/noticias\/wp-content\/uploads\/2025\/11\/Imagen-de-WhatsApp-2025-11-01-a-las-09.42.37_92e123e4-768x654.jpg 768w\" sizes=\"(max-width: 1000px) 100vw, 1000px\" \/><\/a><\/figure>\n","protected":false},"excerpt":{"rendered":"<p>La Asociaci\u00f3n Paname\u00f1a de Ejecutivos de Empresa (APEDE) lamenta el rechazo, en primer debate, del proyecto de ley N.\u00ba 291 \u2013 Ley General Anticorrupci\u00f3n, e insta a las autoridades competentes a revisar las razones que motivaron su rechazo, con el fin de que la iniciativa pueda ser presentada nuevamente una vez se atiendan las observaciones [&hellip;]<\/p>\n","protected":false},"author":2,"featured_media":18031,"comment_status":"open","ping_status":"open","sticky":false,"template":"","format":"standard","meta":{"footnotes":""},"categories":[36],"tags":[],"class_list":["post-18029","post","type-post","status-publish","format-standard","has-post-thumbnail","hentry","category-nacionales"],"_links":{"self":[{"href":"https:\/\/alminutonoticia.com\/noticias\/wp-json\/wp\/v2\/posts\/18029","targetHints":{"allow":["GET"]}}],"collection":[{"href":"https:\/\/alminutonoticia.com\/noticias\/wp-json\/wp\/v2\/posts"}],"about":[{"href":"https:\/\/alminutonoticia.com\/noticias\/wp-json\/wp\/v2\/types\/post"}],"author":[{"embeddable":true,"href":"https:\/\/alminutonoticia.com\/noticias\/wp-json\/wp\/v2\/users\/2"}],"replies":[{"embeddable":true,"href":"https:\/\/alminutonoticia.com\/noticias\/wp-json\/wp\/v2\/comments?post=18029"}],"version-history":[{"count":1,"href":"https:\/\/alminutonoticia.com\/noticias\/wp-json\/wp\/v2\/posts\/18029\/revisions"}],"predecessor-version":[{"id":18032,"href":"https:\/\/alminutonoticia.com\/noticias\/wp-json\/wp\/v2\/posts\/18029\/revisions\/18032"}],"wp:featuredmedia":[{"embeddable":true,"href":"https:\/\/alminutonoticia.com\/noticias\/wp-json\/wp\/v2\/media\/18031"}],"wp:attachment":[{"href":"https:\/\/alminutonoticia.com\/noticias\/wp-json\/wp\/v2\/media?parent=18029"}],"wp:term":[{"taxonomy":"category","embeddable":true,"href":"https:\/\/alminutonoticia.com\/noticias\/wp-json\/wp\/v2\/categories?post=18029"},{"taxonomy":"post_tag","embeddable":true,"href":"https:\/\/alminutonoticia.com\/noticias\/wp-json\/wp\/v2\/tags?post=18029"}],"curies":[{"name":"wp","href":"https:\/\/api.w.org\/{rel}","templated":true}]}}