{"id":18026,"date":"2025-11-01T15:02:03","date_gmt":"2025-11-01T15:02:03","guid":{"rendered":"https:\/\/alminutonoticia.com\/noticias\/?p=18026"},"modified":"2025-11-01T15:02:05","modified_gmt":"2025-11-01T15:02:05","slug":"mas-de-cien-estudiantes-de-la-utp-participan-en-olimpiadas-de-matematicas","status":"publish","type":"post","link":"https:\/\/alminutonoticia.com\/noticias\/mas-de-cien-estudiantes-de-la-utp-participan-en-olimpiadas-de-matematicas\/","title":{"rendered":"M\u00e1s de cien estudiantes de la UTP participan en Olimpiadas de Matem\u00e1ticas"},"content":{"rendered":"\n<p>Con el objetivo de fomentar el inter\u00e9s de los j\u00f3venes por las ciencias exactas como v\u00eda para desarrollar el pensamiento cr\u00edtico y l\u00f3gico, el lunes 27 de octubre se llev\u00f3 a cabo la premiaci\u00f3n de la tercera versi\u00f3n de las Olimpiadas de Matem\u00e1ticas en la Universidad Tecnol\u00f3gica de Panam\u00e1 (UTP).<\/p>\n\n\n\n<p>En esta edici\u00f3n participaron m\u00e1s de 100 estudiantes de la UTP a nivel nacional, la mayor\u00eda de los Centros Regionales y se desarroll\u00f3 en dos categor\u00edas: Categor\u00eda de Primer Nivel I (aritm\u00e9tica, \u00e1lgebra, geometr\u00eda, trigonometr\u00eda y funciones), y la Categor\u00eda de Segundo Nivel II (C\u00e1lculo I, II y III y ecuaciones diferenciales).<\/p>\n\n\n\n<p>Los ganadores de cada categor\u00eda fueron: para la Categor\u00eda de Nivel I: Primer lugar: Alejandro Correa (Centro Regional de Chiriqu\u00ed), Segundo lugar: Gilberto Vargas (Facultad de Ingenier\u00eda El\u00e9ctrica, Campus Central) y el Tercer lugar: Sergio Yui (Centro Regional de Cocl\u00e9).<\/p>\n\n\n\n<p>En la Categor\u00eda de Nivel II: Primer lugar: Jos\u00e9 Luis G\u00f3mez Mart\u00ednez (Facultad de Ingenier\u00eda Civil); Segundo lugar: Jorge Liu Luo (Facultad de Ingenier\u00eda de Sistemas Computacionales) y el Tercer lugar: Alejandra Gonz\u00e1lez y Jes\u00fas Delgado (Facultad de Ingenier\u00eda de Sistemas Computacionales), quienes empataron en esta posici\u00f3n.<\/p>\n\n\n\n<p>La Decana de la Facultad de Ciencias y Tecnolog\u00eda, Mgtr. Catalina Gonz\u00e1lez, agradeci\u00f3 a los profesores y a las sedes regionales por su esfuerzo y dedicaci\u00f3n, y expres\u00f3 que m\u00e1s all\u00e1 de los resultados, todos los participantes eran ganadores por atreverse a pensar, analizar y resolver con creatividad y l\u00f3gica. \u201cCada participante demostr\u00f3 compromiso, disciplina y una gran capacidad para enfrentar retos intelectuales. Ustedes representan el presente y el futuro de una generaci\u00f3n que transforma los desaf\u00edos en oportunidades. Que este logro sea una inspiraci\u00f3n para continuar cultivando el conocimiento, la curiosidad y la excelencia acad\u00e9mica\u201d.<\/p>\n\n\n\n<p>Por su parte, la Dra. Mirtha Moore, Vicerrectora Acad\u00e9mica, en representaci\u00f3n de la Dra. \u00c1ngela Laguna Caicedo, rectora de la Universidad Tecnol\u00f3gica de Panam\u00e1, agradeci\u00f3 a los organizadores por fomentar el inter\u00e9s por las ciencias, la ingenier\u00eda y la investigaci\u00f3n dentro de las aulas de esta instituci\u00f3n. Adem\u00e1s, exhort\u00f3 a los estudiantes a seguir cultivando su pasi\u00f3n por el conocimiento y les dijo: \u201cj\u00f3venes, la verdadera victoria en una olimpiada no est\u00e1 en la medalla, sino en haber aprendido a pensar m\u00e1s all\u00e1 de lo posible. Recuerden: cada problema resuelto es una prueba que abres a un universo nuevo. No compites contra otros, compites con tus propios l\u00edmites\u201d.<\/p>\n\n\n\n<p>Este evento, que fue organizado por la Vicerrector\u00eda Acad\u00e9mica y el Departamento de Ciencias Exactas de la FCyT busca promover espacios que fortalezcan las habilidades de razonamiento, el pensamiento cr\u00edtico y el amor por las ciencias exactas, al tiempo que celebra la perseverancia, el esfuerzo y la pasi\u00f3n por aprender.<\/p>\n\n\n\n<figure class=\"wp-block-image size-large\"><a href=\"https:\/\/alminutonoticia.com\/noticias\/wp-content\/uploads\/2025\/11\/Imagen-de-WhatsApp-2025-11-01-a-las-09.42.02_575abf7a.jpg\"><img fetchpriority=\"high\" decoding=\"async\" width=\"1024\" height=\"683\" src=\"https:\/\/alminutonoticia.com\/noticias\/wp-content\/uploads\/2025\/11\/Imagen-de-WhatsApp-2025-11-01-a-las-09.42.02_575abf7a-1024x683.jpg\" alt=\"\" class=\"wp-image-18027\" title=\"\" srcset=\"https:\/\/alminutonoticia.com\/noticias\/wp-content\/uploads\/2025\/11\/Imagen-de-WhatsApp-2025-11-01-a-las-09.42.02_575abf7a-1024x683.jpg 1024w, https:\/\/alminutonoticia.com\/noticias\/wp-content\/uploads\/2025\/11\/Imagen-de-WhatsApp-2025-11-01-a-las-09.42.02_575abf7a-300x200.jpg 300w, https:\/\/alminutonoticia.com\/noticias\/wp-content\/uploads\/2025\/11\/Imagen-de-WhatsApp-2025-11-01-a-las-09.42.02_575abf7a-768x512.jpg 768w, https:\/\/alminutonoticia.com\/noticias\/wp-content\/uploads\/2025\/11\/Imagen-de-WhatsApp-2025-11-01-a-las-09.42.02_575abf7a.jpg 1500w\" sizes=\"(max-width: 1024px) 100vw, 1024px\" \/><\/a><\/figure>\n","protected":false},"excerpt":{"rendered":"<p>Con el objetivo de fomentar el inter\u00e9s de los j\u00f3venes por las ciencias exactas como v\u00eda para desarrollar el pensamiento cr\u00edtico y l\u00f3gico, el lunes 27 de octubre se llev\u00f3 a cabo la premiaci\u00f3n de la tercera versi\u00f3n de las Olimpiadas de Matem\u00e1ticas en la Universidad Tecnol\u00f3gica de Panam\u00e1 (UTP). En esta edici\u00f3n participaron m\u00e1s [&hellip;]<\/p>\n","protected":false},"author":2,"featured_media":18027,"comment_status":"open","ping_status":"open","sticky":false,"template":"","format":"standard","meta":{"footnotes":""},"categories":[36],"tags":[],"class_list":["post-18026","post","type-post","status-publish","format-standard","has-post-thumbnail","hentry","category-nacionales"],"_links":{"self":[{"href":"https:\/\/alminutonoticia.com\/noticias\/wp-json\/wp\/v2\/posts\/18026","targetHints":{"allow":["GET"]}}],"collection":[{"href":"https:\/\/alminutonoticia.com\/noticias\/wp-json\/wp\/v2\/posts"}],"about":[{"href":"https:\/\/alminutonoticia.com\/noticias\/wp-json\/wp\/v2\/types\/post"}],"author":[{"embeddable":true,"href":"https:\/\/alminutonoticia.com\/noticias\/wp-json\/wp\/v2\/users\/2"}],"replies":[{"embeddable":true,"href":"https:\/\/alminutonoticia.com\/noticias\/wp-json\/wp\/v2\/comments?post=18026"}],"version-history":[{"count":1,"href":"https:\/\/alminutonoticia.com\/noticias\/wp-json\/wp\/v2\/posts\/18026\/revisions"}],"predecessor-version":[{"id":18028,"href":"https:\/\/alminutonoticia.com\/noticias\/wp-json\/wp\/v2\/posts\/18026\/revisions\/18028"}],"wp:featuredmedia":[{"embeddable":true,"href":"https:\/\/alminutonoticia.com\/noticias\/wp-json\/wp\/v2\/media\/18027"}],"wp:attachment":[{"href":"https:\/\/alminutonoticia.com\/noticias\/wp-json\/wp\/v2\/media?parent=18026"}],"wp:term":[{"taxonomy":"category","embeddable":true,"href":"https:\/\/alminutonoticia.com\/noticias\/wp-json\/wp\/v2\/categories?post=18026"},{"taxonomy":"post_tag","embeddable":true,"href":"https:\/\/alminutonoticia.com\/noticias\/wp-json\/wp\/v2\/tags?post=18026"}],"curies":[{"name":"wp","href":"https:\/\/api.w.org\/{rel}","templated":true}]}}