{"id":18022,"date":"2025-11-01T15:00:18","date_gmt":"2025-11-01T15:00:18","guid":{"rendered":"https:\/\/alminutonoticia.com\/noticias\/?p=18022"},"modified":"2025-11-01T15:00:20","modified_gmt":"2025-11-01T15:00:20","slug":"se-instala-el-comite-directivo-de-la-plataforma-nacional-de-accion-para-los-plasticos-en-panama-npap","status":"publish","type":"post","link":"https:\/\/alminutonoticia.com\/noticias\/se-instala-el-comite-directivo-de-la-plataforma-nacional-de-accion-para-los-plasticos-en-panama-npap\/","title":{"rendered":"Se instala el Comit\u00e9 Directivo de la Plataforma Nacional de Acci\u00f3n para los Pl\u00e1sticos en Panam\u00e1 (NPAP)"},"content":{"rendered":"\n<p>El Ministerio de Ambiente (MiAMBIENTE) y la Asociaci\u00f3n Nacional para la Conservaci\u00f3n de la Naturaleza (ANCON), que ejerce la secretar\u00eda de la Plataforma Nacional de Acci\u00f3n para los Pl\u00e1sticos (NPAP Panam\u00e1), instalaron oficialmente el Comit\u00e9 Directivo de la NPAP, un \u00f3rgano multisectorial encargado de orientar, articular y supervisar la implementaci\u00f3n de la Hoja de Ruta de Acci\u00f3n Nacional para reducir la contaminaci\u00f3n por pl\u00e1sticos en el pa\u00eds.<\/p>\n\n\n\n<p>Este Comit\u00e9 Directivo se consolida como el m\u00e1ximo espacio de gobernanza en materia de gesti\u00f3n para la reducci\u00f3n de pl\u00e1sticos en el pa\u00eds, integrando representantes del sector p\u00fablico, privado, sociedad civil y academia. Su conformaci\u00f3n responde a principios de representatividad, inclusi\u00f3n y transparencia, garantizando que cada decisi\u00f3n est\u00e9 alineada con el \u00e1mbito nacional y las necesidades locales en torno a la econom\u00eda circular.<\/p>\n\n\n\n<p>Durante la jornada, los miembros del Comit\u00e9 aprobaron de manera formal el Manual de Procedimiento que guiar\u00e1 su funcionamiento y validaron los lineamientos para la operaci\u00f3n de las Mesas Tem\u00e1ticas de Trabajo, que hoy sirven como apoyo t\u00e9cnico clave para la definici\u00f3n de las acciones prioritarias para el cumplimiento de los objetivos establecidos en la Hoja de Ruta. Adem\u00e1s, se definieron los lineamientos iniciales para el plan de trabajo anual del Comit\u00e9, reforzando el compromiso con resultados medibles y acciones integrales.<\/p>\n\n\n\n<p>El ministro de Ambiente, Juan Carlos Navarro, destac\u00f3 que \u201cPanam\u00e1 est\u00e1 comprometida en actuar, no solo en hablar. Generamos m\u00e1s de 380 mil toneladas de residuos pl\u00e1sticos al a\u00f1o, de los cuales el 88% termina mal gestionado, contaminando nuestros r\u00edos, mares y comunidades. Si seguimos igual, en 2040 podr\u00edamos superar las 900 mil toneladas, con costos 140% m\u00e1s altos y graves impactos en la salud, el ambiente y la econom\u00eda\u201d.<\/p>\n\n\n\n<p>\u201cCon la instalaci\u00f3n de este Comit\u00e9 Directivo Nacional damos un paso decisivo para transformar la manera en que producimos, consumimos y gestionamos los pl\u00e1sticos, avanzando hacia una circularidad del 58% al 2040. La contaminaci\u00f3n por pl\u00e1sticos no distingue fronteras; la respuesta debe ser colectiva, coordinada y urgente. Panam\u00e1 ser\u00e1 ejemplo en acci\u00f3n, no solo en compromiso\u201d, agreg\u00f3 el ministro Navarro.<\/p>\n\n\n\n<p>La Secretar\u00eda T\u00e9cnica de la NPAP Panam\u00e1, liderada por la Asociaci\u00f3n Nacional para la Conservaci\u00f3n de la Naturaleza (ANCON) y su director ejecutivo, Adri\u00e1n Benedetti, indic\u00f3 que: \u201cLa instalaci\u00f3n del Comit\u00e9 Directivo de la Plataforma de Acci\u00f3n para los Pl\u00e1sticos en Panam\u00e1 marca un hito importante en la implementaci\u00f3n de la Hoja de Ruta del Pl\u00e1stico del pa\u00eds. Este espacio de coordinaci\u00f3n y colaboraci\u00f3n multisectorial refuerza el compromiso nacional con la reducci\u00f3n y gesti\u00f3n sostenible de los pl\u00e1sticos\u201d.<\/p>\n\n\n\n<p>La instalaci\u00f3n del Comit\u00e9 Directivo concluy\u00f3 con la firma del Acta de Constituci\u00f3n y un llamado a la acci\u00f3n colectiva, reconociendo que cada sector tiene una responsabilidad y una oportunidad de contribuir a la urgente reducci\u00f3n de la contaminaci\u00f3n pl\u00e1stica, y as\u00ed proteger los ecosistemas, la salud p\u00fablica y la econom\u00eda nacional.<\/p>\n\n\n\n<figure class=\"wp-block-image size-large\"><a href=\"https:\/\/alminutonoticia.com\/noticias\/wp-content\/uploads\/2025\/11\/Imagen-de-WhatsApp-2025-11-01-a-las-09.36.39_2274f967.jpg\"><img fetchpriority=\"high\" decoding=\"async\" width=\"1024\" height=\"682\" src=\"https:\/\/alminutonoticia.com\/noticias\/wp-content\/uploads\/2025\/11\/Imagen-de-WhatsApp-2025-11-01-a-las-09.36.39_2274f967-1024x682.jpg\" alt=\"\" class=\"wp-image-18023\" title=\"\" srcset=\"https:\/\/alminutonoticia.com\/noticias\/wp-content\/uploads\/2025\/11\/Imagen-de-WhatsApp-2025-11-01-a-las-09.36.39_2274f967-1024x682.jpg 1024w, https:\/\/alminutonoticia.com\/noticias\/wp-content\/uploads\/2025\/11\/Imagen-de-WhatsApp-2025-11-01-a-las-09.36.39_2274f967-300x200.jpg 300w, https:\/\/alminutonoticia.com\/noticias\/wp-content\/uploads\/2025\/11\/Imagen-de-WhatsApp-2025-11-01-a-las-09.36.39_2274f967-768x512.jpg 768w, https:\/\/alminutonoticia.com\/noticias\/wp-content\/uploads\/2025\/11\/Imagen-de-WhatsApp-2025-11-01-a-las-09.36.39_2274f967-1536x1023.jpg 1536w, https:\/\/alminutonoticia.com\/noticias\/wp-content\/uploads\/2025\/11\/Imagen-de-WhatsApp-2025-11-01-a-las-09.36.39_2274f967.jpg 1600w\" sizes=\"(max-width: 1024px) 100vw, 1024px\" \/><\/a><\/figure>\n","protected":false},"excerpt":{"rendered":"<p>El Ministerio de Ambiente (MiAMBIENTE) y la Asociaci\u00f3n Nacional para la Conservaci\u00f3n de la Naturaleza (ANCON), que ejerce la secretar\u00eda de la Plataforma Nacional de Acci\u00f3n para los Pl\u00e1sticos (NPAP Panam\u00e1), instalaron oficialmente el Comit\u00e9 Directivo de la NPAP, un \u00f3rgano multisectorial encargado de orientar, articular y supervisar la implementaci\u00f3n de la Hoja de Ruta [&hellip;]<\/p>\n","protected":false},"author":2,"featured_media":18024,"comment_status":"open","ping_status":"open","sticky":false,"template":"","format":"standard","meta":{"footnotes":""},"categories":[42,36],"tags":[],"class_list":["post-18022","post","type-post","status-publish","format-standard","has-post-thumbnail","hentry","category-ambiente","category-nacionales"],"_links":{"self":[{"href":"https:\/\/alminutonoticia.com\/noticias\/wp-json\/wp\/v2\/posts\/18022","targetHints":{"allow":["GET"]}}],"collection":[{"href":"https:\/\/alminutonoticia.com\/noticias\/wp-json\/wp\/v2\/posts"}],"about":[{"href":"https:\/\/alminutonoticia.com\/noticias\/wp-json\/wp\/v2\/types\/post"}],"author":[{"embeddable":true,"href":"https:\/\/alminutonoticia.com\/noticias\/wp-json\/wp\/v2\/users\/2"}],"replies":[{"embeddable":true,"href":"https:\/\/alminutonoticia.com\/noticias\/wp-json\/wp\/v2\/comments?post=18022"}],"version-history":[{"count":1,"href":"https:\/\/alminutonoticia.com\/noticias\/wp-json\/wp\/v2\/posts\/18022\/revisions"}],"predecessor-version":[{"id":18025,"href":"https:\/\/alminutonoticia.com\/noticias\/wp-json\/wp\/v2\/posts\/18022\/revisions\/18025"}],"wp:featuredmedia":[{"embeddable":true,"href":"https:\/\/alminutonoticia.com\/noticias\/wp-json\/wp\/v2\/media\/18024"}],"wp:attachment":[{"href":"https:\/\/alminutonoticia.com\/noticias\/wp-json\/wp\/v2\/media?parent=18022"}],"wp:term":[{"taxonomy":"category","embeddable":true,"href":"https:\/\/alminutonoticia.com\/noticias\/wp-json\/wp\/v2\/categories?post=18022"},{"taxonomy":"post_tag","embeddable":true,"href":"https:\/\/alminutonoticia.com\/noticias\/wp-json\/wp\/v2\/tags?post=18022"}],"curies":[{"name":"wp","href":"https:\/\/api.w.org\/{rel}","templated":true}]}}