{"id":18012,"date":"2025-11-01T14:44:28","date_gmt":"2025-11-01T14:44:28","guid":{"rendered":"https:\/\/alminutonoticia.com\/noticias\/?p=18012"},"modified":"2025-11-01T14:44:42","modified_gmt":"2025-11-01T14:44:42","slug":"fabian-marciaga-de-la-provincia-de-panama-gana-el-concurso-nacional-de-diseno-del-sello-hecho-en-panama","status":"publish","type":"post","link":"https:\/\/alminutonoticia.com\/noticias\/fabian-marciaga-de-la-provincia-de-panama-gana-el-concurso-nacional-de-diseno-del-sello-hecho-en-panama\/","title":{"rendered":"Fabi\u00e1n Marciaga, de la provincia de Panam\u00e1, gana el Concurso Nacional de Dise\u00f1o del Sello \u201cHecho en Panam\u00e1\u201d"},"content":{"rendered":"\n<p>En un acto cargado de orgullo y sentido nacional, el Ministerio de Comercio e Industrias (MICI) celebr\u00f3 la gran final del Concurso Nacional de Dise\u00f1o del Sello \u201cHecho en Panam\u00e1\u201d, donde el joven Fabi\u00e1n Alberto Marciaga Ch\u00e1vez, de la provincia de Panam\u00e1, fue proclamado ganador del primer lugar y recibi\u00f3 un premio de B\/.15,000.00 por la creaci\u00f3n del nuevo logotipo que distinguir\u00e1 la producci\u00f3n nacional ante el mundo.<\/p>\n\n\n\n<p>La ceremonia inici\u00f3 con un mensaje del presidente de la Rep\u00fablica, Jos\u00e9 Ra\u00fal Mulino, quien destac\u00f3 que \u201ccuando el pueblo paname\u00f1o se une, suceden grandes cosas\u201d, elogiando la creatividad y el talento local, y subrayando que \u201cPanam\u00e1 es un pa\u00eds peque\u00f1o, pero que ofrece calidad al mundo\u201d.<\/p>\n\n\n\n<p>Las palabras inaugurales estuvieron a cargo del ministro de Comercio e Industrias, Julio Molt\u00f3, seguidas por la intervenci\u00f3n de la ministra de Cultura, Maruja Herrera. Ambos resaltaron el valor de lo nacional, la creatividad paname\u00f1a y la articulaci\u00f3n entre los sectoresp\u00fablico, privado y cultural para fortalecer la identidad productiva del pa\u00eds.<\/p>\n\n\n\n<p>Durante la gala, los siete finalistas \u2014Robinson \u00c1vila, Fabi\u00e1n Marciaga, Yohari Batista, Alfredo Herrera, Nelson Mu\u00f1oz, James Edwards y Ana S\u00e1nchez\u2014 presentaron sus propuestas ante el jurado y el p\u00fablico presente. El segundo lugar fue obtenido por Ana S\u00e1nchez, y el tercero por Nelson Mu\u00f1oz.<\/p>\n\n\n\n<p>El evento cont\u00f3 con presentaciones art\u00edsticas de la trovadora Jazm\u00edn Mu\u00f1oz, las Ni\u00f1as Cantoras de San Miguelito, el bar\u00edtono Ricardo Vel\u00e1zquez, el Conjunto T\u00edpico del Banco Nacional de Panam\u00e1 y la Orquesta de la Polic\u00eda Nacional, que ofrecieron un repertorio cargado de orgullo y sentimiento nacional.<\/p>\n\n\n\n<p>Durante su intervenci\u00f3n, el ministro Molt\u00f3 afirm\u00f3 que este concurso \u201cmarca un hito en la promoci\u00f3n de lo hecho en Panam\u00e1, reforzando la confianza en nuestra capacidad creativa, productiva e innovadora como pa\u00eds\u201d. Adem\u00e1s, agradeci\u00f3 al equipo del MICI por su \u201centrega y sentido de prop\u00f3sito\u201d en cada fase del proceso.<\/p>\n\n\n\n<p>La ceremonia tambi\u00e9n incluy\u00f3 un espacio especial para reconocer a las empresas del programa Mujer Exporta, que participaron exponiendo sus productos. Entre ellas: Sunny Mills, CultNoma, Gold Ghee, Q Cheff, Fruti OBSt, Panam\u00e1 Gourmet Foods, El Guapo, Nutrielys y Sabor &amp; Arte, cuyas l\u00edderes representan el talento y la resiliencia de la mujer paname\u00f1a.<\/p>\n\n\n\n<p>El premio del primer lugar fue patrocinado por Caja de Ahorros, Banco Nacional y Nestl\u00e9, en apoyo al talento creativo nacional.<br>La final reuni\u00f3 a autoridades de los tres \u00f3rganos del Estado, representantes del sector privado, del cuerpo diplom\u00e1tico, de la sociedad civil e invitados especiales. El ministro Julio Molt\u00f3 estuvo acompa\u00f1ado por los viceministros Eduardo Arango (de Industrias y Comercio) y Astrid \u00c1brego (de Comercio Exterior), junto a miembros de la familia MICI.<br>El concurso, lanzado oficialmente el 27 de agosto de 2025 y cerrado el 3 de octubre, recibi\u00f3 1,362 propuestas de todas las provincias y de paname\u00f1os residentes en el extranjero. Tras un proceso transparente y t\u00e9cnico riguroso, los logotipos v\u00e1lidos fueron evaluados por un jurado de alto nivel conformado por: Ernesto Cede\u00f1o, diputado de la Rep\u00fablica; Alicia Jim\u00e9nez, presidenta de FEDEC\u00c1MARAS; Bianca Mor\u00e1n, presidenta de APEX; Ignacio Mallol, arquitecto y CEO de Mallol &amp; Mallol; Ivanna Quintero, presidenta de ANALMO; Ricardo Salterio, director general de Culto Publicidad; Galileo Sol\u00eds, especialista l\u00edder de la Divisi\u00f3n de Competitividad, Tecnolog\u00eda e Innovaci\u00f3n del BID; Isis Su\u00e1rez, gerente de mercadeo de Grupo Calesa; Ricardo Vel\u00e1zquez, bar\u00edtono paname\u00f1o y embajador cultural de Panam\u00e1; e Isaac Villaverde, chef, gestor cultural y emprendedor.<\/p>\n\n\n\n<p>El Sello \u201cHecho en Panam\u00e1\u201d reafirma la visi\u00f3n del Gobierno del presidente Jos\u00e9 Ra\u00fal Mulino de fortalecer la competitividad, la innovaci\u00f3n y el valor de la producci\u00f3n nacional, proyectando al pa\u00eds como un referente de calidad, identidad y desarrollo sostenible en la regi\u00f3n.<\/p>\n\n\n\n<figure class=\"wp-block-image size-large\"><a href=\"https:\/\/alminutonoticia.com\/noticias\/wp-content\/uploads\/2025\/11\/Imagen-de-WhatsApp-2025-10-30-a-las-14.30.07_37aee215.jpg\"><img fetchpriority=\"high\" decoding=\"async\" width=\"1024\" height=\"682\" src=\"https:\/\/alminutonoticia.com\/noticias\/wp-content\/uploads\/2025\/11\/Imagen-de-WhatsApp-2025-10-30-a-las-14.30.07_37aee215-1024x682.jpg\" alt=\"\" class=\"wp-image-18013\" title=\"\" srcset=\"https:\/\/alminutonoticia.com\/noticias\/wp-content\/uploads\/2025\/11\/Imagen-de-WhatsApp-2025-10-30-a-las-14.30.07_37aee215-1024x682.jpg 1024w, https:\/\/alminutonoticia.com\/noticias\/wp-content\/uploads\/2025\/11\/Imagen-de-WhatsApp-2025-10-30-a-las-14.30.07_37aee215-300x200.jpg 300w, https:\/\/alminutonoticia.com\/noticias\/wp-content\/uploads\/2025\/11\/Imagen-de-WhatsApp-2025-10-30-a-las-14.30.07_37aee215-768x512.jpg 768w, https:\/\/alminutonoticia.com\/noticias\/wp-content\/uploads\/2025\/11\/Imagen-de-WhatsApp-2025-10-30-a-las-14.30.07_37aee215-1536x1024.jpg 1536w, https:\/\/alminutonoticia.com\/noticias\/wp-content\/uploads\/2025\/11\/Imagen-de-WhatsApp-2025-10-30-a-las-14.30.07_37aee215-2048x1365.jpg 2048w\" sizes=\"(max-width: 1024px) 100vw, 1024px\" \/><\/a><\/figure>\n","protected":false},"excerpt":{"rendered":"<p>En un acto cargado de orgullo y sentido nacional, el Ministerio de Comercio e Industrias (MICI) celebr\u00f3 la gran final del Concurso Nacional de Dise\u00f1o del Sello \u201cHecho en Panam\u00e1\u201d, donde el joven Fabi\u00e1n Alberto Marciaga Ch\u00e1vez, de la provincia de Panam\u00e1, fue proclamado ganador del primer lugar y recibi\u00f3 un premio de B\/.15,000.00 por [&hellip;]<\/p>\n","protected":false},"author":2,"featured_media":18010,"comment_status":"open","ping_status":"open","sticky":false,"template":"","format":"standard","meta":{"footnotes":""},"categories":[1,41,36],"tags":[],"class_list":["post-18012","post","type-post","status-publish","format-standard","has-post-thumbnail","hentry","category-sin-categoria","category-cultura-y-farandula","category-nacionales"],"_links":{"self":[{"href":"https:\/\/alminutonoticia.com\/noticias\/wp-json\/wp\/v2\/posts\/18012","targetHints":{"allow":["GET"]}}],"collection":[{"href":"https:\/\/alminutonoticia.com\/noticias\/wp-json\/wp\/v2\/posts"}],"about":[{"href":"https:\/\/alminutonoticia.com\/noticias\/wp-json\/wp\/v2\/types\/post"}],"author":[{"embeddable":true,"href":"https:\/\/alminutonoticia.com\/noticias\/wp-json\/wp\/v2\/users\/2"}],"replies":[{"embeddable":true,"href":"https:\/\/alminutonoticia.com\/noticias\/wp-json\/wp\/v2\/comments?post=18012"}],"version-history":[{"count":1,"href":"https:\/\/alminutonoticia.com\/noticias\/wp-json\/wp\/v2\/posts\/18012\/revisions"}],"predecessor-version":[{"id":18014,"href":"https:\/\/alminutonoticia.com\/noticias\/wp-json\/wp\/v2\/posts\/18012\/revisions\/18014"}],"wp:featuredmedia":[{"embeddable":true,"href":"https:\/\/alminutonoticia.com\/noticias\/wp-json\/wp\/v2\/media\/18010"}],"wp:attachment":[{"href":"https:\/\/alminutonoticia.com\/noticias\/wp-json\/wp\/v2\/media?parent=18012"}],"wp:term":[{"taxonomy":"category","embeddable":true,"href":"https:\/\/alminutonoticia.com\/noticias\/wp-json\/wp\/v2\/categories?post=18012"},{"taxonomy":"post_tag","embeddable":true,"href":"https:\/\/alminutonoticia.com\/noticias\/wp-json\/wp\/v2\/tags?post=18012"}],"curies":[{"name":"wp","href":"https:\/\/api.w.org\/{rel}","templated":true}]}}