{"id":18009,"date":"2025-11-01T03:24:55","date_gmt":"2025-11-01T03:24:55","guid":{"rendered":"https:\/\/alminutonoticia.com\/noticias\/?p=18009"},"modified":"2025-11-01T03:24:57","modified_gmt":"2025-11-01T03:24:57","slug":"el-nuevo-sello-hecho-en-panama-se-consolida-como-simbolo-de-orgullo-nacional-en-visperas-del-mes-de-la-patria","status":"publish","type":"post","link":"https:\/\/alminutonoticia.com\/noticias\/el-nuevo-sello-hecho-en-panama-se-consolida-como-simbolo-de-orgullo-nacional-en-visperas-del-mes-de-la-patria\/","title":{"rendered":"El nuevo sello \u201cHecho en Panam\u00e1\u201d se consolida como s\u00edmbolo de orgullo nacional en v\u00edsperas del mes de la patria"},"content":{"rendered":"\n<p>Panam\u00e1 celebra con orgullo el nacimiento de un s\u00edmbolo que une a todos los paname\u00f1os: el Sello \u201cHecho en Panam\u00e1\u201d, un distintivo que exaltar\u00e1 la calidad, el talento y la creatividad nacional en cada producto elaborado en el pa\u00eds.<\/p>\n\n\n\n<p>Creado por el joven Fabi\u00e1n Alberto Marciaga Ch\u00e1vez, de la provincia de Panam\u00e1, este logotipo ser\u00e1 la insignia que acompa\u00f1e a la producci\u00f3n paname\u00f1a dentro y fuera de nuestras fronteras, proyectando al mundo el ingenio, la pasi\u00f3n y la autenticidad de lo hecho en tierra istme\u00f1a.<\/p>\n\n\n\n<p>\u201cEste sello representa el esfuerzo y el esp\u00edritu del pueblo paname\u00f1o. Cada producto que lo lleve contar\u00e1 una historia de trabajo, calidad y orgullo nacional\u201d, expres\u00f3 el ministro de Comercio e Industrias, Julio Molt\u00f3.<\/p>\n\n\n\n<p>El proceso de selecci\u00f3n del logotipo fue riguroso, transparente y sin precedentes, reflejando la seriedad con la que el pa\u00eds asume la creaci\u00f3n de su marca nacional.<\/p>\n\n\n\n<p>M\u00e1s de 1,360 propuestas fueron recibidas de todas las provincias y de paname\u00f1os en el exterior.<\/p>\n\n\n\n<p>Los logotipos v\u00e1lidos fueron evaluados por un jurado de alto nivel conformado por: Ernesto Cede\u00f1o, diputado de la Rep\u00fablica; Alicia Jim\u00e9nez, presidenta de FEDEC\u00c1MARAS; Bianca Mor\u00e1n, presidenta de APEX; Ignacio Mallol, arquitecto y CEO de Mallol &amp; Mallol; Ivanna Quintero, presidenta de ANALMO; Ricardo Salterio, director general de Culto Publicidad; Galileo Sol\u00eds, especialista l\u00edder de la Divisi\u00f3n de Competitividad, Tecnolog\u00eda e Innovaci\u00f3n del BID; Isis Su\u00e1rez, gerente de mercadeo de Grupo Calesa; Ricardo Vel\u00e1zquez, bar\u00edtono paname\u00f1o y embajador cultural de Panam\u00e1; e Isaac Villaverde, chef, gestor cultural y emprendedor.<\/p>\n\n\n\n<p>Cada propuesta fue analizada bajo criterios de originalidad, identidad nacional, aplicabilidad y proyecci\u00f3n internacional, garantizando un resultado de excelencia.<\/p>\n\n\n\n<p>\u201cEl jurado fue una muestra del Panam\u00e1 diverso y talentoso. Fue un proceso pr\u00edstino, profesional y patri\u00f3tico, que culmina en un sello que nos representa a todos\u201d, a\u00f1adi\u00f3 el ministro Molt\u00f3.<\/p>\n\n\n\n<p>Actualmente, el MICI avanza en la definici\u00f3n de los requisitos, los t\u00e9rminos legales y la fecha oficial de circulaci\u00f3n del sello, que marcar\u00e1 un antes y un despu\u00e9s en la promoci\u00f3n del producto paname\u00f1o.<\/p>\n\n\n\n<p>El presidente de la Rep\u00fablica, Jos\u00e9 Ra\u00fal Mulino, celebr\u00f3 la iniciativa y destac\u00f3 su valor simb\u00f3lico: \u201cCuando el pueblo paname\u00f1o se une, suceden grandes cosas. Este sello no solo distingue lo hecho en Panam\u00e1, sino que nos recuerda que somos capaces de ofrecer calidad y orgullo al mundo\u201d.<\/p>\n\n\n\n<p>El Sello \u201cHecho en Panam\u00e1\u201d se perfila como un emblema de unidad, excelencia y confianza, que servir\u00e1 para impulsar la competitividad del pa\u00eds, fortalecer su identidad productiva y promover el consumo de productos nacionales con sentido de pertenencia.<\/p>\n\n\n\n<p>En palabras del ministro Molt\u00f3, \u201cVer este sello impreso en nuestros productos ser\u00e1 motivo de orgullo. Es una marca que nos une, una huella que dice con orgullo: esto es Panam\u00e1.\u201d<\/p>\n\n\n\n<figure class=\"wp-block-image size-large\"><a href=\"https:\/\/alminutonoticia.com\/noticias\/wp-content\/uploads\/2025\/11\/Imagen-de-WhatsApp-2025-10-31-a-las-17.40.35_e195f20a.jpg\"><img fetchpriority=\"high\" decoding=\"async\" width=\"1024\" height=\"682\" src=\"https:\/\/alminutonoticia.com\/noticias\/wp-content\/uploads\/2025\/11\/Imagen-de-WhatsApp-2025-10-31-a-las-17.40.35_e195f20a-1024x682.jpg\" alt=\"\" class=\"wp-image-18010\" title=\"\" srcset=\"https:\/\/alminutonoticia.com\/noticias\/wp-content\/uploads\/2025\/11\/Imagen-de-WhatsApp-2025-10-31-a-las-17.40.35_e195f20a-1024x682.jpg 1024w, https:\/\/alminutonoticia.com\/noticias\/wp-content\/uploads\/2025\/11\/Imagen-de-WhatsApp-2025-10-31-a-las-17.40.35_e195f20a-300x200.jpg 300w, https:\/\/alminutonoticia.com\/noticias\/wp-content\/uploads\/2025\/11\/Imagen-de-WhatsApp-2025-10-31-a-las-17.40.35_e195f20a-768x512.jpg 768w, https:\/\/alminutonoticia.com\/noticias\/wp-content\/uploads\/2025\/11\/Imagen-de-WhatsApp-2025-10-31-a-las-17.40.35_e195f20a-1536x1023.jpg 1536w, https:\/\/alminutonoticia.com\/noticias\/wp-content\/uploads\/2025\/11\/Imagen-de-WhatsApp-2025-10-31-a-las-17.40.35_e195f20a.jpg 1600w\" sizes=\"(max-width: 1024px) 100vw, 1024px\" \/><\/a><\/figure>\n","protected":false},"excerpt":{"rendered":"<p>Panam\u00e1 celebra con orgullo el nacimiento de un s\u00edmbolo que une a todos los paname\u00f1os: el Sello \u201cHecho en Panam\u00e1\u201d, un distintivo que exaltar\u00e1 la calidad, el talento y la creatividad nacional en cada producto elaborado en el pa\u00eds. Creado por el joven Fabi\u00e1n Alberto Marciaga Ch\u00e1vez, de la provincia de Panam\u00e1, este logotipo ser\u00e1 [&hellip;]<\/p>\n","protected":false},"author":2,"featured_media":18010,"comment_status":"open","ping_status":"open","sticky":false,"template":"","format":"standard","meta":{"footnotes":""},"categories":[36],"tags":[],"class_list":["post-18009","post","type-post","status-publish","format-standard","has-post-thumbnail","hentry","category-nacionales"],"_links":{"self":[{"href":"https:\/\/alminutonoticia.com\/noticias\/wp-json\/wp\/v2\/posts\/18009","targetHints":{"allow":["GET"]}}],"collection":[{"href":"https:\/\/alminutonoticia.com\/noticias\/wp-json\/wp\/v2\/posts"}],"about":[{"href":"https:\/\/alminutonoticia.com\/noticias\/wp-json\/wp\/v2\/types\/post"}],"author":[{"embeddable":true,"href":"https:\/\/alminutonoticia.com\/noticias\/wp-json\/wp\/v2\/users\/2"}],"replies":[{"embeddable":true,"href":"https:\/\/alminutonoticia.com\/noticias\/wp-json\/wp\/v2\/comments?post=18009"}],"version-history":[{"count":1,"href":"https:\/\/alminutonoticia.com\/noticias\/wp-json\/wp\/v2\/posts\/18009\/revisions"}],"predecessor-version":[{"id":18011,"href":"https:\/\/alminutonoticia.com\/noticias\/wp-json\/wp\/v2\/posts\/18009\/revisions\/18011"}],"wp:featuredmedia":[{"embeddable":true,"href":"https:\/\/alminutonoticia.com\/noticias\/wp-json\/wp\/v2\/media\/18010"}],"wp:attachment":[{"href":"https:\/\/alminutonoticia.com\/noticias\/wp-json\/wp\/v2\/media?parent=18009"}],"wp:term":[{"taxonomy":"category","embeddable":true,"href":"https:\/\/alminutonoticia.com\/noticias\/wp-json\/wp\/v2\/categories?post=18009"},{"taxonomy":"post_tag","embeddable":true,"href":"https:\/\/alminutonoticia.com\/noticias\/wp-json\/wp\/v2\/tags?post=18009"}],"curies":[{"name":"wp","href":"https:\/\/api.w.org\/{rel}","templated":true}]}}