{"id":17999,"date":"2025-10-28T02:22:55","date_gmt":"2025-10-28T02:22:55","guid":{"rendered":"https:\/\/alminutonoticia.com\/noticias\/?p=17999"},"modified":"2025-10-29T19:39:05","modified_gmt":"2025-10-29T19:39:05","slug":"voces-de-mujeres-un-legado-en-iberoamerica","status":"publish","type":"post","link":"https:\/\/alminutonoticia.com\/noticias\/voces-de-mujeres-un-legado-en-iberoamerica\/","title":{"rendered":"Voces de mujeres: un legado en Iberoam\u00e9rica"},"content":{"rendered":"\n<p>\u00abMujeres: Voces y Legados en Iberoam\u00e9rica: Di\u00e1logo a 200 a\u00f1os del Congreso Anficti\u00f3nico de Panam\u00e1\u00bb es el tema de esta jornada acad\u00e9mica y cultural, organizada por la Embajada de Colombia en Panam\u00e1, con el apoyo de la Organizaci\u00f3n de Estados Iberoamericanos para la Educaci\u00f3n, la Ciencia y la Cultura (OEI), y el Parlamento Latinoamericano y Caribe\u00f1o (PARLATINO).<\/p>\n\n\n\n<p>En su intervenci\u00f3n, la ministra de Cultura, Mar\u00eda Eugenia Herrera, recalc\u00f3 \u00abque la fuerza de nuestras mujeres nace de nuestra historia, de la suma de diversas culturas de nuestros pueblos originarios, la herencia de las afrodescendientes, as\u00ed como el legado de las mujeres de otros regiones y pa\u00edses del mundo que han aportado a la conformaci\u00f3n de la personalidad y el m\u00e9rito de las mujeres de nuestro continente\u00bb.<\/p>\n\n\n\n<p>Agreg\u00f3 que la historia no se preserva sola, por lo que requiere de instituciones, de pensamiento cr\u00edtico y de almas comprometidas. \u201cY las mujeres han estado all\u00ed, sosteniendo el tejido social, defendiendo la dignidad, promoviendo el di\u00e1logo y la cooperaci\u00f3n que Bol\u00edvar so\u00f1\u00f3 e inspir\u00f3 para la realizaci\u00f3n del Congreso Anficti\u00f3nico de 1826\u201d.<\/p>\n\n\n\n<div class=\"wp-block-columns is-layout-flex wp-container-core-columns-is-layout-28f84493 wp-block-columns-is-layout-flex\">\n<div class=\"wp-block-column is-layout-flow wp-block-column-is-layout-flow\">\n<figure class=\"wp-block-image size-large\"><a href=\"https:\/\/alminutonoticia.com\/noticias\/wp-content\/uploads\/2025\/10\/WhatsApp-Image-2025-10-27-at-5.49.13-PM.jpeg\"><img fetchpriority=\"high\" decoding=\"async\" width=\"1024\" height=\"683\" src=\"https:\/\/alminutonoticia.com\/noticias\/wp-content\/uploads\/2025\/10\/WhatsApp-Image-2025-10-27-at-5.49.13-PM-1024x683.jpeg\" alt=\"\" class=\"wp-image-18000\" title=\"\" srcset=\"https:\/\/alminutonoticia.com\/noticias\/wp-content\/uploads\/2025\/10\/WhatsApp-Image-2025-10-27-at-5.49.13-PM-1024x683.jpeg 1024w, https:\/\/alminutonoticia.com\/noticias\/wp-content\/uploads\/2025\/10\/WhatsApp-Image-2025-10-27-at-5.49.13-PM-300x200.jpeg 300w, https:\/\/alminutonoticia.com\/noticias\/wp-content\/uploads\/2025\/10\/WhatsApp-Image-2025-10-27-at-5.49.13-PM-768x512.jpeg 768w, https:\/\/alminutonoticia.com\/noticias\/wp-content\/uploads\/2025\/10\/WhatsApp-Image-2025-10-27-at-5.49.13-PM.jpeg 1280w\" sizes=\"(max-width: 1024px) 100vw, 1024px\" \/><\/a><\/figure>\n<\/div>\n\n\n\n<div class=\"wp-block-column is-layout-flow wp-block-column-is-layout-flow\">\n<figure class=\"wp-block-image size-large\"><a href=\"https:\/\/alminutonoticia.com\/noticias\/wp-content\/uploads\/2025\/10\/WhatsApp-Image-2025-10-27-at-5.49.14-PM.jpeg\"><img decoding=\"async\" width=\"1024\" height=\"683\" src=\"https:\/\/alminutonoticia.com\/noticias\/wp-content\/uploads\/2025\/10\/WhatsApp-Image-2025-10-27-at-5.49.14-PM-1024x683.jpeg\" alt=\"\" class=\"wp-image-18001\" title=\"\" srcset=\"https:\/\/alminutonoticia.com\/noticias\/wp-content\/uploads\/2025\/10\/WhatsApp-Image-2025-10-27-at-5.49.14-PM-1024x683.jpeg 1024w, https:\/\/alminutonoticia.com\/noticias\/wp-content\/uploads\/2025\/10\/WhatsApp-Image-2025-10-27-at-5.49.14-PM-300x200.jpeg 300w, https:\/\/alminutonoticia.com\/noticias\/wp-content\/uploads\/2025\/10\/WhatsApp-Image-2025-10-27-at-5.49.14-PM-768x512.jpeg 768w, https:\/\/alminutonoticia.com\/noticias\/wp-content\/uploads\/2025\/10\/WhatsApp-Image-2025-10-27-at-5.49.14-PM.jpeg 1280w\" sizes=\"(max-width: 1024px) 100vw, 1024px\" \/><\/a><\/figure>\n<\/div>\n<\/div>\n\n\n\n<p>La ministra Herrera felicit\u00f3 la iniciativa de estos espacios de reflexi\u00f3n y unidad, porque se cumple una misi\u00f3n impostergable para escuchar las voces y reconocer a quienes durante siglos han sido el alma silenciosa de nuestras naciones: las mujeres de las Am\u00e9ricas. \u201cMujeres, muchas veces invisibilizadas por los relatos oficiales, han sido protagonistas esenciales en la construcci\u00f3n de nuestras Rep\u00fablicas\u201d, enfatiz\u00f3 la ministra.<\/p>\n\n\n\n<p>La ministra Herrera fue la invitada de honor y estuvo acompa\u00f1ada por el Embajador de Colombia, Fabio Mari\u00f1o; la Directora de la OEI en Panam\u00e1, Melissa Wong Sagel; El\u00edas Castillo, Secretario Ejecutivo del PARLATINO; embajadores; directores de organismos internacionales y miembros de la Sociedad Bolivariana de Panam\u00e1.<\/p>\n\n\n\n<div class=\"wp-block-columns is-layout-flex wp-container-core-columns-is-layout-28f84493 wp-block-columns-is-layout-flex\">\n<div class=\"wp-block-column is-layout-flow wp-block-column-is-layout-flow\">\n<figure class=\"wp-block-image size-large\"><a href=\"https:\/\/alminutonoticia.com\/noticias\/wp-content\/uploads\/2025\/10\/WhatsApp-Image-2025-10-27-at-5.49.14-PM-1.jpeg\"><img decoding=\"async\" width=\"1024\" height=\"683\" src=\"https:\/\/alminutonoticia.com\/noticias\/wp-content\/uploads\/2025\/10\/WhatsApp-Image-2025-10-27-at-5.49.14-PM-1-1024x683.jpeg\" alt=\"\" class=\"wp-image-18002\" title=\"\" srcset=\"https:\/\/alminutonoticia.com\/noticias\/wp-content\/uploads\/2025\/10\/WhatsApp-Image-2025-10-27-at-5.49.14-PM-1-1024x683.jpeg 1024w, https:\/\/alminutonoticia.com\/noticias\/wp-content\/uploads\/2025\/10\/WhatsApp-Image-2025-10-27-at-5.49.14-PM-1-300x200.jpeg 300w, https:\/\/alminutonoticia.com\/noticias\/wp-content\/uploads\/2025\/10\/WhatsApp-Image-2025-10-27-at-5.49.14-PM-1-768x512.jpeg 768w, https:\/\/alminutonoticia.com\/noticias\/wp-content\/uploads\/2025\/10\/WhatsApp-Image-2025-10-27-at-5.49.14-PM-1.jpeg 1280w\" sizes=\"(max-width: 1024px) 100vw, 1024px\" \/><\/a><\/figure>\n<\/div>\n\n\n\n<div class=\"wp-block-column is-layout-flow wp-block-column-is-layout-flow\">\n<figure class=\"wp-block-image size-large\"><a href=\"https:\/\/alminutonoticia.com\/noticias\/wp-content\/uploads\/2025\/10\/WhatsApp-Image-2025-10-27-at-5.49.12-PM.jpeg\"><img loading=\"lazy\" decoding=\"async\" width=\"1024\" height=\"683\" src=\"https:\/\/alminutonoticia.com\/noticias\/wp-content\/uploads\/2025\/10\/WhatsApp-Image-2025-10-27-at-5.49.12-PM-1024x683.jpeg\" alt=\"\" class=\"wp-image-18003\" title=\"\" srcset=\"https:\/\/alminutonoticia.com\/noticias\/wp-content\/uploads\/2025\/10\/WhatsApp-Image-2025-10-27-at-5.49.12-PM-1024x683.jpeg 1024w, https:\/\/alminutonoticia.com\/noticias\/wp-content\/uploads\/2025\/10\/WhatsApp-Image-2025-10-27-at-5.49.12-PM-300x200.jpeg 300w, https:\/\/alminutonoticia.com\/noticias\/wp-content\/uploads\/2025\/10\/WhatsApp-Image-2025-10-27-at-5.49.12-PM-768x512.jpeg 768w, https:\/\/alminutonoticia.com\/noticias\/wp-content\/uploads\/2025\/10\/WhatsApp-Image-2025-10-27-at-5.49.12-PM.jpeg 1280w\" sizes=\"(max-width: 1024px) 100vw, 1024px\" \/><\/a><\/figure>\n<\/div>\n<\/div>\n\n\n\n<p>El programa incluy\u00f3 una conferencia Magistral a cargo de Mar\u00eda Margarita L\u00f3pez, historiadora colombiana, quien estableci\u00f3 el marco conceptual del Bicentenario como hito hist\u00f3rico relevante. Tambi\u00e9n se instal\u00f3 un panel de expertos que abord\u00f3 el reconocimiento del legado femenino desde tres pilares clave: Institucional, Narrativo\/C\u00edvico y Legal\/Pol\u00edtico. Los panelistas fueron Mar\u00eda Margarita L\u00f3pez, Vladimir Berr\u00edo-Lemm y Thatiana Pretelt.<\/p>\n","protected":false},"excerpt":{"rendered":"<p>\u00abMujeres: Voces y Legados en Iberoam\u00e9rica: Di\u00e1logo a 200 a\u00f1os del Congreso Anficti\u00f3nico de Panam\u00e1\u00bb es el tema de esta jornada acad\u00e9mica y cultural, organizada por la Embajada de Colombia en Panam\u00e1, con el apoyo de la Organizaci\u00f3n de Estados Iberoamericanos para la Educaci\u00f3n, la Ciencia y la Cultura (OEI), y el Parlamento Latinoamericano y [&hellip;]<\/p>\n","protected":false},"author":3,"featured_media":18001,"comment_status":"open","ping_status":"open","sticky":false,"template":"","format":"standard","meta":{"footnotes":""},"categories":[36],"tags":[],"class_list":["post-17999","post","type-post","status-publish","format-standard","has-post-thumbnail","hentry","category-nacionales"],"_links":{"self":[{"href":"https:\/\/alminutonoticia.com\/noticias\/wp-json\/wp\/v2\/posts\/17999","targetHints":{"allow":["GET"]}}],"collection":[{"href":"https:\/\/alminutonoticia.com\/noticias\/wp-json\/wp\/v2\/posts"}],"about":[{"href":"https:\/\/alminutonoticia.com\/noticias\/wp-json\/wp\/v2\/types\/post"}],"author":[{"embeddable":true,"href":"https:\/\/alminutonoticia.com\/noticias\/wp-json\/wp\/v2\/users\/3"}],"replies":[{"embeddable":true,"href":"https:\/\/alminutonoticia.com\/noticias\/wp-json\/wp\/v2\/comments?post=17999"}],"version-history":[{"count":1,"href":"https:\/\/alminutonoticia.com\/noticias\/wp-json\/wp\/v2\/posts\/17999\/revisions"}],"predecessor-version":[{"id":18004,"href":"https:\/\/alminutonoticia.com\/noticias\/wp-json\/wp\/v2\/posts\/17999\/revisions\/18004"}],"wp:featuredmedia":[{"embeddable":true,"href":"https:\/\/alminutonoticia.com\/noticias\/wp-json\/wp\/v2\/media\/18001"}],"wp:attachment":[{"href":"https:\/\/alminutonoticia.com\/noticias\/wp-json\/wp\/v2\/media?parent=17999"}],"wp:term":[{"taxonomy":"category","embeddable":true,"href":"https:\/\/alminutonoticia.com\/noticias\/wp-json\/wp\/v2\/categories?post=17999"},{"taxonomy":"post_tag","embeddable":true,"href":"https:\/\/alminutonoticia.com\/noticias\/wp-json\/wp\/v2\/tags?post=17999"}],"curies":[{"name":"wp","href":"https:\/\/api.w.org\/{rel}","templated":true}]}}