{"id":17996,"date":"2025-10-28T02:03:27","date_gmt":"2025-10-28T02:03:27","guid":{"rendered":"https:\/\/alminutonoticia.com\/noticias\/?p=17996"},"modified":"2025-10-28T02:18:51","modified_gmt":"2025-10-28T02:18:51","slug":"metro-de-panama-habilita-extension-de-pasarela-en-estacion-albrook-como-parte-de-la-ampliacion-hacia-linea-3","status":"publish","type":"post","link":"https:\/\/alminutonoticia.com\/noticias\/metro-de-panama-habilita-extension-de-pasarela-en-estacion-albrook-como-parte-de-la-ampliacion-hacia-linea-3\/","title":{"rendered":"Metro de Panam\u00e1 habilita extensi\u00f3n de pasarela en estaci\u00f3n Albrook como parte de la ampliaci\u00f3n hacia L\u00ednea 3"},"content":{"rendered":"\n<p>El Metro de Panam\u00e1 informa que se ha habilitado la extensi\u00f3n de la pasarela que conecta la estaci\u00f3n Albrook con la Gran Terminal de Transporte, marcando un hito en el avance de las obras de ampliaci\u00f3n vinculadas al desarrollo de la futura L\u00ednea 3.<\/p>\n\n\n\n<p>Esta nueva infraestructura, con una extensi\u00f3n de aproximadamente 32.7 metros, conecta directamente con el costado exterior de la estaci\u00f3n Albrook y ofrecer\u00e1, una vez terminada la construcci\u00f3n, un acceso moderno, c\u00f3modo y seguro. Hoy, est\u00e1 equipada con escaleras el\u00e9ctricas, escaleras fijas y elevador, garantizando accesibilidad para adultos mayores y personas con discapacidad.<\/p>\n\n\n\n<p>La nueva pasarela cuenta con un techo provisional, al igual que otros elementos temporales, para permitir el funcionamiento seguro mientras se continua con la construcci\u00f3n de la estructura permanente que cubrir\u00e1 la estaci\u00f3n ampliada (L1 y L3), consolidando la integraci\u00f3n entre ambas l\u00edneas, en paralelo a la operaci\u00f3n regular de la estaci\u00f3n Albrook, una de la m\u00e1s transitada de L\u00ednea 1.<\/p>\n\n\n\n<p>La estaci\u00f3n Albrook &nbsp;se convertir\u00e1 en el punto de conexi\u00f3n con la futura estaci\u00f3n de L\u00ednea 3, lo que permitir\u00e1 optimizar la capacidad y eficiencia del sistema mediante la integraci\u00f3n de andenes y vest\u00edbulos compartidos.<\/p>\n\n\n\n<p>Siguiendo el cronograma de obra se realizan trabajos en la losa superior, cuartos t\u00e9cnicos, instalaci\u00f3n de cubierta temporal, desmontaje de estructuras existentes y excavaciones en la losa de fondo y el and\u00e9n.<\/p>\n\n\n\n<p>Para garantizar la movilidad mientras se habilita la pasarela permanente, contaremos con personal en la estaci\u00f3n que brindar\u00e1 orientaci\u00f3n a los usuarios, quienes tambi\u00e9n podr\u00e1n guiarse mediante la se\u00f1al\u00e9tica dispuesta en el lugar. De esta forma, iniciamos una nueva etapa que transformar\u00e1 la experiencia de nuestros usuarios.<\/p>\n\n\n\n<figure class=\"wp-block-image size-large\"><a href=\"https:\/\/alminutonoticia.com\/noticias\/wp-content\/uploads\/2025\/10\/Estacion-1.jpg\"><img fetchpriority=\"high\" decoding=\"async\" width=\"1024\" height=\"576\" src=\"https:\/\/alminutonoticia.com\/noticias\/wp-content\/uploads\/2025\/10\/Estacion-1-1024x576.jpg\" alt=\"\" class=\"wp-image-17997\" title=\"\" srcset=\"https:\/\/alminutonoticia.com\/noticias\/wp-content\/uploads\/2025\/10\/Estacion-1-1024x576.jpg 1024w, https:\/\/alminutonoticia.com\/noticias\/wp-content\/uploads\/2025\/10\/Estacion-1-300x169.jpg 300w, https:\/\/alminutonoticia.com\/noticias\/wp-content\/uploads\/2025\/10\/Estacion-1-768x432.jpg 768w, https:\/\/alminutonoticia.com\/noticias\/wp-content\/uploads\/2025\/10\/Estacion-1.jpg 1400w\" sizes=\"(max-width: 1024px) 100vw, 1024px\" \/><\/a><figcaption class=\"wp-element-caption\">default<\/figcaption><\/figure>\n\n\n\n<p>Esta expansi\u00f3n est\u00e1 dise\u00f1ada para atender una demanda estimada de 160 mil usuarios diarios, fortaleciendo la conectividad urbana y mejorando la calidad de vida de miles de paname\u00f1os. La misma cuenta con se\u00f1al\u00e9tica para guiar a los usuarios en este nuevo recorrido, que mejorar\u00e1 la experiencia de quienes diariamente transitan por esa estaci\u00f3n.<\/p>\n\n\n\n<p>Reafirmamos nuestro compromiso de ofrecer un servicio seguro, accesible y funcional durante todo el proceso de construcci\u00f3n. Pronto, la estaci\u00f3n Albrook ser\u00e1 un nodo clave de conexi\u00f3n que facilitar\u00e1 el desplazamiento dentro de la ciudad. <strong>Metro de Panam\u00e1. Avanzamos contigo.<\/strong><\/p>\n","protected":false},"excerpt":{"rendered":"<p>El Metro de Panam\u00e1 informa que se ha habilitado la extensi\u00f3n de la pasarela que conecta la estaci\u00f3n Albrook con la Gran Terminal de Transporte, marcando un hito en el avance de las obras de ampliaci\u00f3n vinculadas al desarrollo de la futura L\u00ednea 3. Esta nueva infraestructura, con una extensi\u00f3n de aproximadamente 32.7 metros, conecta [&hellip;]<\/p>\n","protected":false},"author":3,"featured_media":17997,"comment_status":"open","ping_status":"open","sticky":false,"template":"","format":"standard","meta":{"footnotes":""},"categories":[36],"tags":[],"class_list":["post-17996","post","type-post","status-publish","format-standard","has-post-thumbnail","hentry","category-nacionales"],"_links":{"self":[{"href":"https:\/\/alminutonoticia.com\/noticias\/wp-json\/wp\/v2\/posts\/17996","targetHints":{"allow":["GET"]}}],"collection":[{"href":"https:\/\/alminutonoticia.com\/noticias\/wp-json\/wp\/v2\/posts"}],"about":[{"href":"https:\/\/alminutonoticia.com\/noticias\/wp-json\/wp\/v2\/types\/post"}],"author":[{"embeddable":true,"href":"https:\/\/alminutonoticia.com\/noticias\/wp-json\/wp\/v2\/users\/3"}],"replies":[{"embeddable":true,"href":"https:\/\/alminutonoticia.com\/noticias\/wp-json\/wp\/v2\/comments?post=17996"}],"version-history":[{"count":1,"href":"https:\/\/alminutonoticia.com\/noticias\/wp-json\/wp\/v2\/posts\/17996\/revisions"}],"predecessor-version":[{"id":17998,"href":"https:\/\/alminutonoticia.com\/noticias\/wp-json\/wp\/v2\/posts\/17996\/revisions\/17998"}],"wp:featuredmedia":[{"embeddable":true,"href":"https:\/\/alminutonoticia.com\/noticias\/wp-json\/wp\/v2\/media\/17997"}],"wp:attachment":[{"href":"https:\/\/alminutonoticia.com\/noticias\/wp-json\/wp\/v2\/media?parent=17996"}],"wp:term":[{"taxonomy":"category","embeddable":true,"href":"https:\/\/alminutonoticia.com\/noticias\/wp-json\/wp\/v2\/categories?post=17996"},{"taxonomy":"post_tag","embeddable":true,"href":"https:\/\/alminutonoticia.com\/noticias\/wp-json\/wp\/v2\/tags?post=17996"}],"curies":[{"name":"wp","href":"https:\/\/api.w.org\/{rel}","templated":true}]}}