{"id":17992,"date":"2025-10-28T01:32:56","date_gmt":"2025-10-28T01:32:56","guid":{"rendered":"https:\/\/alminutonoticia.com\/noticias\/?p=17992"},"modified":"2025-10-28T01:45:21","modified_gmt":"2025-10-28T01:45:21","slug":"congreso-cooperativo-de-las-fuerzas-armadas-de-republica-dominicana-cuenta-con-la-participacion-de-ipacoop","status":"publish","type":"post","link":"https:\/\/alminutonoticia.com\/noticias\/congreso-cooperativo-de-las-fuerzas-armadas-de-republica-dominicana-cuenta-con-la-participacion-de-ipacoop\/","title":{"rendered":"Congreso Cooperativo de las Fuerzas Armadas de Rep\u00fablica Dominicana cuenta con la participaci\u00f3n de IPACOOP."},"content":{"rendered":"\n<p>Primer Congreso Nacional e Internacional de la Cooperativa de Ahorros, Cr\u00e9ditos y Servicios M\u00faltiples de los Miembros de las Fuerzas Armadas COOPINFA 2025: INCLUSI\u00d3N SOCIAL Y USO DE TECNOLOG\u00cdAS EMERGENTES AL SERVICIO DEL COOPERATIVISMO.<\/p>\n\n\n\n<p>La directora ejecutiva del IPACOOP, Erika Vargas de Gonz\u00e1lez, participa en este conclave, que aborda temas relacionados al modelo cooperativo de la regi\u00f3n, y destaca como el sistema cooperativo de los pa\u00edses es a\u00fan m\u00e1s eficaz para convertir las cooperativas en verdaderos motores de inclusi\u00f3n social y desarrollo sostenible con el uso de la tecnolog\u00eda.<\/p>\n\n\n\n<p>\u201cLas cooperativas son capaces de articular las experiencias de las presentes y de las pasadas generaciones con experiencias innovadoras y valores de justicia, tanto a nivel local como internacional\u201d, puntualiz\u00f3 el Contraalmirante, ARD, Secretario del Consejo de Administraci\u00f3n de COOPINFA, Julio \u00c1ngel Morales.<\/p>\n\n\n\n<figure class=\"wp-block-image size-large\"><a href=\"https:\/\/alminutonoticia.com\/noticias\/wp-content\/uploads\/2025\/10\/FOTO-PORTADA.jpeg\"><img fetchpriority=\"high\" decoding=\"async\" width=\"1024\" height=\"682\" src=\"https:\/\/alminutonoticia.com\/noticias\/wp-content\/uploads\/2025\/10\/FOTO-PORTADA-1024x682.jpeg\" alt=\"\" class=\"wp-image-17993\" title=\"\" srcset=\"https:\/\/alminutonoticia.com\/noticias\/wp-content\/uploads\/2025\/10\/FOTO-PORTADA-1024x682.jpeg 1024w, https:\/\/alminutonoticia.com\/noticias\/wp-content\/uploads\/2025\/10\/FOTO-PORTADA-300x200.jpeg 300w, https:\/\/alminutonoticia.com\/noticias\/wp-content\/uploads\/2025\/10\/FOTO-PORTADA-768x512.jpeg 768w, https:\/\/alminutonoticia.com\/noticias\/wp-content\/uploads\/2025\/10\/FOTO-PORTADA.jpeg 1280w\" sizes=\"(max-width: 1024px) 100vw, 1024px\" \/><\/a><\/figure>\n\n\n\n<p>El congreso destac\u00f3 la importancia del relevo generacional, motores que constituyen las nuevas generaciones, conocidas como las generaciones zeta y los millennials, los verdaderos h\u00e9roes del relevo cooperativistas, a los cuales hay que seguir impulsando para el fortalecimiento institucional, la transparencia y la necesidad de renovaci\u00f3n generacional en la gesti\u00f3n cooperativa.<\/p>\n\n\n\n<p>Agradezco profundamente la deferencia de IDECOOP RD y a COOPINFA por esta invitaci\u00f3n, este congreso nos permite gestionar pol\u00edticas enmarcadas a un modelo cooperativo de buena gobernanza, indic\u00f3 la directora ejecutiva.<\/p>\n\n\n\n<figure class=\"wp-block-image size-large\"><a href=\"https:\/\/alminutonoticia.com\/noticias\/wp-content\/uploads\/2025\/10\/FOTO-6.jpeg\"><img decoding=\"async\" width=\"1024\" height=\"682\" src=\"https:\/\/alminutonoticia.com\/noticias\/wp-content\/uploads\/2025\/10\/FOTO-6-1024x682.jpeg\" alt=\"\" class=\"wp-image-17994\" title=\"\" srcset=\"https:\/\/alminutonoticia.com\/noticias\/wp-content\/uploads\/2025\/10\/FOTO-6-1024x682.jpeg 1024w, https:\/\/alminutonoticia.com\/noticias\/wp-content\/uploads\/2025\/10\/FOTO-6-300x200.jpeg 300w, https:\/\/alminutonoticia.com\/noticias\/wp-content\/uploads\/2025\/10\/FOTO-6-768x512.jpeg 768w, https:\/\/alminutonoticia.com\/noticias\/wp-content\/uploads\/2025\/10\/FOTO-6.jpeg 1280w\" sizes=\"(max-width: 1024px) 100vw, 1024px\" \/><\/a><\/figure>\n\n\n\n<p>En medio del encuentro la directora Vargas, fue distinguida &nbsp;con un reconocimiento, por su ardua y comprometida labor en favor del sistema cooperativo paname\u00f1o, de igual manera, se otorg\u00f3 el honor a Maritza L\u00f3pez de Ortiz presidenta y administradora del Instituto de Desarrollo y Cr\u00e9dito Cooperativo (IDECOOP) de RD y Mabel Jim\u00e9nez, presidenta ejecutiva de la Corporaci\u00f3n P\u00fablica del gobierno de Puerto Rico, (COSSEC), \u201cHacemos un alto para distinguir a estas mujeres l\u00edderes, que desde sus pa\u00edses e instituciones de fiscalizaci\u00f3n y fomento cooperativo, han enfrentado los desaf\u00edos y retos que demanda la gobernanza y la nueva era digital cooperativa\u201d, se\u00f1al\u00f3 el Mayor General ERD, Presidente del Consejo de Administraci\u00f3n, Juan Jos\u00e9 Ota\u00f1o Jim\u00e9nez.<\/p>\n\n\n\n<p><\/p>\n","protected":false},"excerpt":{"rendered":"<p>Primer Congreso Nacional e Internacional de la Cooperativa de Ahorros, Cr\u00e9ditos y Servicios M\u00faltiples de los Miembros de las Fuerzas Armadas COOPINFA 2025: INCLUSI\u00d3N SOCIAL Y USO DE TECNOLOG\u00cdAS EMERGENTES AL SERVICIO DEL COOPERATIVISMO. La directora ejecutiva del IPACOOP, Erika Vargas de Gonz\u00e1lez, participa en este conclave, que aborda temas relacionados al modelo cooperativo de [&hellip;]<\/p>\n","protected":false},"author":3,"featured_media":17993,"comment_status":"open","ping_status":"open","sticky":false,"template":"","format":"standard","meta":{"footnotes":""},"categories":[36],"tags":[],"class_list":["post-17992","post","type-post","status-publish","format-standard","has-post-thumbnail","hentry","category-nacionales"],"_links":{"self":[{"href":"https:\/\/alminutonoticia.com\/noticias\/wp-json\/wp\/v2\/posts\/17992","targetHints":{"allow":["GET"]}}],"collection":[{"href":"https:\/\/alminutonoticia.com\/noticias\/wp-json\/wp\/v2\/posts"}],"about":[{"href":"https:\/\/alminutonoticia.com\/noticias\/wp-json\/wp\/v2\/types\/post"}],"author":[{"embeddable":true,"href":"https:\/\/alminutonoticia.com\/noticias\/wp-json\/wp\/v2\/users\/3"}],"replies":[{"embeddable":true,"href":"https:\/\/alminutonoticia.com\/noticias\/wp-json\/wp\/v2\/comments?post=17992"}],"version-history":[{"count":1,"href":"https:\/\/alminutonoticia.com\/noticias\/wp-json\/wp\/v2\/posts\/17992\/revisions"}],"predecessor-version":[{"id":17995,"href":"https:\/\/alminutonoticia.com\/noticias\/wp-json\/wp\/v2\/posts\/17992\/revisions\/17995"}],"wp:featuredmedia":[{"embeddable":true,"href":"https:\/\/alminutonoticia.com\/noticias\/wp-json\/wp\/v2\/media\/17993"}],"wp:attachment":[{"href":"https:\/\/alminutonoticia.com\/noticias\/wp-json\/wp\/v2\/media?parent=17992"}],"wp:term":[{"taxonomy":"category","embeddable":true,"href":"https:\/\/alminutonoticia.com\/noticias\/wp-json\/wp\/v2\/categories?post=17992"},{"taxonomy":"post_tag","embeddable":true,"href":"https:\/\/alminutonoticia.com\/noticias\/wp-json\/wp\/v2\/tags?post=17992"}],"curies":[{"name":"wp","href":"https:\/\/api.w.org\/{rel}","templated":true}]}}