{"id":17986,"date":"2025-10-28T01:23:59","date_gmt":"2025-10-28T01:23:59","guid":{"rendered":"https:\/\/alminutonoticia.com\/noticias\/?p=17986"},"modified":"2025-10-28T01:24:01","modified_gmt":"2025-10-28T01:24:01","slug":"supermercados-xtra-inaugura-dos-nuevas-sucursales-y-alcanza-las-60-tiendas-en-todo-el-pais","status":"publish","type":"post","link":"https:\/\/alminutonoticia.com\/noticias\/supermercados-xtra-inaugura-dos-nuevas-sucursales-y-alcanza-las-60-tiendas-en-todo-el-pais\/","title":{"rendered":"Supermercados Xtra inaugura dos nuevas sucursales y alcanza las 60 tiendas en todo el pa\u00eds"},"content":{"rendered":"\n<p>Supermercados Xtra contin\u00faa su expansi\u00f3n en el interior del pa\u00eds con la apertura de dos nuevas sucursales durante el mes de octubre, ubicadas en Ant\u00f3n (provincia de Cocl\u00e9) y Llano Largo (provincia de Panam\u00e1 Oeste), alcanzando las 60 tiendas a nivel nacional.<\/p>\n\n\n\n<p>Con estas nuevas sucrusales, ambas bajo el formato <strong>Maxi Feria Xtra<\/strong>, dise\u00f1ado para ofrecer a las comunidades m\u00e1s espacio, variedad de productos frescos y precios bajos, Supermercados Xtra reafirma su compromiso con las familias paname\u00f1as del interior del pa\u00eds a trav\u00e9s de una propuesta basada en <strong>calidad, cercan\u00eda y accesibilidad<\/strong>.<\/p>\n\n\n\n<div class=\"wp-block-columns is-layout-flex wp-container-core-columns-is-layout-28f84493 wp-block-columns-is-layout-flex\">\n<div class=\"wp-block-column is-layout-flow wp-block-column-is-layout-flow\">\n<div class=\"wp-block-columns is-layout-flex wp-container-core-columns-is-layout-28f84493 wp-block-columns-is-layout-flex\">\n<div class=\"wp-block-column is-layout-flow wp-block-column-is-layout-flow\">\n<figure class=\"wp-block-image size-large\"><a href=\"https:\/\/alminutonoticia.com\/noticias\/wp-content\/uploads\/2025\/10\/Apertura-Maxi-Feria-Anton-1.jpeg\"><img fetchpriority=\"high\" decoding=\"async\" width=\"1024\" height=\"768\" src=\"https:\/\/alminutonoticia.com\/noticias\/wp-content\/uploads\/2025\/10\/Apertura-Maxi-Feria-Anton-1-1024x768.jpeg\" alt=\"\" class=\"wp-image-17987\" title=\"\" srcset=\"https:\/\/alminutonoticia.com\/noticias\/wp-content\/uploads\/2025\/10\/Apertura-Maxi-Feria-Anton-1-1024x768.jpeg 1024w, https:\/\/alminutonoticia.com\/noticias\/wp-content\/uploads\/2025\/10\/Apertura-Maxi-Feria-Anton-1-300x225.jpeg 300w, https:\/\/alminutonoticia.com\/noticias\/wp-content\/uploads\/2025\/10\/Apertura-Maxi-Feria-Anton-1-768x576.jpeg 768w, https:\/\/alminutonoticia.com\/noticias\/wp-content\/uploads\/2025\/10\/Apertura-Maxi-Feria-Anton-1-1536x1152.jpeg 1536w, https:\/\/alminutonoticia.com\/noticias\/wp-content\/uploads\/2025\/10\/Apertura-Maxi-Feria-Anton-1.jpeg 1600w\" sizes=\"(max-width: 1024px) 100vw, 1024px\" \/><\/a><\/figure>\n<\/div>\n<\/div>\n<\/div>\n\n\n\n<div class=\"wp-block-column is-layout-flow wp-block-column-is-layout-flow\">\n<figure class=\"wp-block-image size-large\"><a href=\"https:\/\/alminutonoticia.com\/noticias\/wp-content\/uploads\/2025\/10\/Apertura-Maxi-Feria-Llano-Largo-3-scaled.jpeg\"><img decoding=\"async\" width=\"1024\" height=\"768\" src=\"https:\/\/alminutonoticia.com\/noticias\/wp-content\/uploads\/2025\/10\/Apertura-Maxi-Feria-Llano-Largo-3-1024x768.jpeg\" alt=\"\" class=\"wp-image-17988\" title=\"\" srcset=\"https:\/\/alminutonoticia.com\/noticias\/wp-content\/uploads\/2025\/10\/Apertura-Maxi-Feria-Llano-Largo-3-1024x768.jpeg 1024w, https:\/\/alminutonoticia.com\/noticias\/wp-content\/uploads\/2025\/10\/Apertura-Maxi-Feria-Llano-Largo-3-300x225.jpeg 300w, https:\/\/alminutonoticia.com\/noticias\/wp-content\/uploads\/2025\/10\/Apertura-Maxi-Feria-Llano-Largo-3-768x576.jpeg 768w, https:\/\/alminutonoticia.com\/noticias\/wp-content\/uploads\/2025\/10\/Apertura-Maxi-Feria-Llano-Largo-3-1536x1152.jpeg 1536w, https:\/\/alminutonoticia.com\/noticias\/wp-content\/uploads\/2025\/10\/Apertura-Maxi-Feria-Llano-Largo-3-2048x1536.jpeg 2048w\" sizes=\"(max-width: 1024px) 100vw, 1024px\" \/><\/a><\/figure>\n<\/div>\n<\/div>\n\n\n\n<p>\u201cPara nosotros es motivo de orgullo seguir creciendo en las regiones donde las familias requieren soluciones pr\u00e1cticas, precios justos y un servicio de primera. El formato Maxi Feria Xtra nos permite ofrecer mayor conveniencia y surtido, manteniendo la esencia que nos ha acompa\u00f1ado por 35 a\u00f1os: estar cerca de la comunidad, apoyar la econom\u00eda local y llevar ahorro\u201d, se\u00f1al\u00f3 <strong>Indira D&#8217;Oyen, directora de Asuntos Corporativos.<\/strong><strong><\/strong><\/p>\n\n\n\n<p>Adem\u00e1s, los clientes podr\u00e1n encontrar sus medicamentos y suplementos con el 30% de descuento en las Xtra Farma ubicadas dentro de estas dos sucursales.<\/p>\n\n\n\n<div class=\"wp-block-columns is-layout-flex wp-container-core-columns-is-layout-28f84493 wp-block-columns-is-layout-flex\">\n<div class=\"wp-block-column is-layout-flow wp-block-column-is-layout-flow\">\n<figure class=\"wp-block-image size-large\"><a href=\"https:\/\/alminutonoticia.com\/noticias\/wp-content\/uploads\/2025\/10\/Apertura-Maxi-Feria-Llano-Largo-1-scaled.jpeg\"><img decoding=\"async\" width=\"1024\" height=\"806\" src=\"https:\/\/alminutonoticia.com\/noticias\/wp-content\/uploads\/2025\/10\/Apertura-Maxi-Feria-Llano-Largo-1-1024x806.jpeg\" alt=\"\" class=\"wp-image-17989\" title=\"\" srcset=\"https:\/\/alminutonoticia.com\/noticias\/wp-content\/uploads\/2025\/10\/Apertura-Maxi-Feria-Llano-Largo-1-1024x806.jpeg 1024w, https:\/\/alminutonoticia.com\/noticias\/wp-content\/uploads\/2025\/10\/Apertura-Maxi-Feria-Llano-Largo-1-300x236.jpeg 300w, https:\/\/alminutonoticia.com\/noticias\/wp-content\/uploads\/2025\/10\/Apertura-Maxi-Feria-Llano-Largo-1-768x604.jpeg 768w, https:\/\/alminutonoticia.com\/noticias\/wp-content\/uploads\/2025\/10\/Apertura-Maxi-Feria-Llano-Largo-1-1536x1209.jpeg 1536w, https:\/\/alminutonoticia.com\/noticias\/wp-content\/uploads\/2025\/10\/Apertura-Maxi-Feria-Llano-Largo-1-2048x1612.jpeg 2048w\" sizes=\"(max-width: 1024px) 100vw, 1024px\" \/><\/a><\/figure>\n<\/div>\n\n\n\n<div class=\"wp-block-column is-layout-flow wp-block-column-is-layout-flow\">\n<figure class=\"wp-block-image size-large\"><a href=\"https:\/\/alminutonoticia.com\/noticias\/wp-content\/uploads\/2025\/10\/Apertura-Maxi-Feria-Llano-Largo-2-scaled.jpeg\"><img loading=\"lazy\" decoding=\"async\" width=\"1024\" height=\"768\" src=\"https:\/\/alminutonoticia.com\/noticias\/wp-content\/uploads\/2025\/10\/Apertura-Maxi-Feria-Llano-Largo-2-1024x768.jpeg\" alt=\"\" class=\"wp-image-17990\" title=\"\" srcset=\"https:\/\/alminutonoticia.com\/noticias\/wp-content\/uploads\/2025\/10\/Apertura-Maxi-Feria-Llano-Largo-2-1024x768.jpeg 1024w, https:\/\/alminutonoticia.com\/noticias\/wp-content\/uploads\/2025\/10\/Apertura-Maxi-Feria-Llano-Largo-2-300x225.jpeg 300w, https:\/\/alminutonoticia.com\/noticias\/wp-content\/uploads\/2025\/10\/Apertura-Maxi-Feria-Llano-Largo-2-768x576.jpeg 768w, https:\/\/alminutonoticia.com\/noticias\/wp-content\/uploads\/2025\/10\/Apertura-Maxi-Feria-Llano-Largo-2-1536x1152.jpeg 1536w, https:\/\/alminutonoticia.com\/noticias\/wp-content\/uploads\/2025\/10\/Apertura-Maxi-Feria-Llano-Largo-2-2048x1536.jpeg 2048w\" sizes=\"(max-width: 1024px) 100vw, 1024px\" \/><\/a><\/figure>\n<\/div>\n<\/div>\n\n\n\n<p>Estas nuevas aperturas forman parte de la celebraci\u00f3n de los 35 a\u00f1os de Supermercados Xtra, un camino en el que la empresa ha acompa\u00f1ado a las familias paname\u00f1as, cuidando su bienestar, su ahorro y aportando al crecimiento de las comunidades del pa\u00eds.<\/p>\n","protected":false},"excerpt":{"rendered":"<p>Supermercados Xtra contin\u00faa su expansi\u00f3n en el interior del pa\u00eds con la apertura de dos nuevas sucursales durante el mes de octubre, ubicadas en Ant\u00f3n (provincia de Cocl\u00e9) y Llano Largo (provincia de Panam\u00e1 Oeste), alcanzando las 60 tiendas a nivel nacional. Con estas nuevas sucrusales, ambas bajo el formato Maxi Feria Xtra, dise\u00f1ado para [&hellip;]<\/p>\n","protected":false},"author":3,"featured_media":17989,"comment_status":"open","ping_status":"open","sticky":false,"template":"","format":"standard","meta":{"footnotes":""},"categories":[36],"tags":[],"class_list":["post-17986","post","type-post","status-publish","format-standard","has-post-thumbnail","hentry","category-nacionales"],"_links":{"self":[{"href":"https:\/\/alminutonoticia.com\/noticias\/wp-json\/wp\/v2\/posts\/17986","targetHints":{"allow":["GET"]}}],"collection":[{"href":"https:\/\/alminutonoticia.com\/noticias\/wp-json\/wp\/v2\/posts"}],"about":[{"href":"https:\/\/alminutonoticia.com\/noticias\/wp-json\/wp\/v2\/types\/post"}],"author":[{"embeddable":true,"href":"https:\/\/alminutonoticia.com\/noticias\/wp-json\/wp\/v2\/users\/3"}],"replies":[{"embeddable":true,"href":"https:\/\/alminutonoticia.com\/noticias\/wp-json\/wp\/v2\/comments?post=17986"}],"version-history":[{"count":1,"href":"https:\/\/alminutonoticia.com\/noticias\/wp-json\/wp\/v2\/posts\/17986\/revisions"}],"predecessor-version":[{"id":17991,"href":"https:\/\/alminutonoticia.com\/noticias\/wp-json\/wp\/v2\/posts\/17986\/revisions\/17991"}],"wp:featuredmedia":[{"embeddable":true,"href":"https:\/\/alminutonoticia.com\/noticias\/wp-json\/wp\/v2\/media\/17989"}],"wp:attachment":[{"href":"https:\/\/alminutonoticia.com\/noticias\/wp-json\/wp\/v2\/media?parent=17986"}],"wp:term":[{"taxonomy":"category","embeddable":true,"href":"https:\/\/alminutonoticia.com\/noticias\/wp-json\/wp\/v2\/categories?post=17986"},{"taxonomy":"post_tag","embeddable":true,"href":"https:\/\/alminutonoticia.com\/noticias\/wp-json\/wp\/v2\/tags?post=17986"}],"curies":[{"name":"wp","href":"https:\/\/api.w.org\/{rel}","templated":true}]}}