{"id":17981,"date":"2025-10-25T13:15:01","date_gmt":"2025-10-25T13:15:01","guid":{"rendered":"https:\/\/alminutonoticia.com\/noticias\/?p=17981"},"modified":"2025-10-25T13:15:04","modified_gmt":"2025-10-25T13:15:04","slug":"supermercados-xtra-avanza-en-el-ranking-merco-2025-y-se-posiciona-entre-las-20-empresas-con-mejor-reputacion-del-pais","status":"publish","type":"post","link":"https:\/\/alminutonoticia.com\/noticias\/supermercados-xtra-avanza-en-el-ranking-merco-2025-y-se-posiciona-entre-las-20-empresas-con-mejor-reputacion-del-pais\/","title":{"rendered":"Supermercados Xtra avanza en el ranking MERCO 2025 y se posiciona entre las 20 empresas con mejor reputaci\u00f3n del pa\u00eds"},"content":{"rendered":"\n<p>Supermercados Xtra consolid\u00f3 su liderazgo en el Monitor Empresarial de Reputaci\u00f3n Corporativa (MERCO) 2025 al escalar hasta el puesto 16 del ranking general, avanzando cinco posiciones frente a 2024. En el listado sectorial de Supermercados y Distribuci\u00f3n de Alimentos, la compa\u00f1\u00eda subi\u00f3 al segundo lugar, reforzando su reconocimiento entre los actores m\u00e1s relevantes del retail paname\u00f1o.<\/p>\n\n\n\n<p>El resultado se enmarca en una medici\u00f3n rigurosa que evalu\u00f3 a m\u00e1s de 300 empresas en el pa\u00eds, a trav\u00e9s de 14,352 encuestas, seis evaluaciones independientes y 24 fuentes de informaci\u00f3n. MERCO es el \u00fanico monitor de reputaci\u00f3n auditado por KPMG, lo que garantiza transparencia e independencia en el proceso.<\/p>\n\n\n\n<p>La mejora de Xtra responde al fortalecimiento de su reputaci\u00f3n en dimensiones como la gesti\u00f3n corporativa, la responsabilidad social, la innovaci\u00f3n, la relaci\u00f3n con los consumidores y la generaci\u00f3n de empleo. El ranking considera la valoraci\u00f3n de directivos empresariales, analistas financieros, periodistas econ\u00f3micos, catedr\u00e1ticos, organizaciones sociales, consumidores y trabajadores.<\/p>\n\n\n\n<p>Indira D\u2019Oyen, Directora de Asuntos Corporativos de Supermercados Xtra, destac\u00f3 que este ascenso refleja la evoluci\u00f3n de la empresa en reputaci\u00f3n y compromiso con sus p\u00fablicos clave.<\/p>\n\n\n\n<p>\u201cSubir al puesto 16 en el ranking general y alcanzar el segundo lugar en el sector supermercados es un reconocimiento al esfuerzo colectivo de nuestros colaboradores, la confianza de nuestros clientes y el impacto positivo que estamos construyendo en las comunidades. Este resultado confirma que nuestra visi\u00f3n de negocio responsable, asequible e innovadora est\u00e1 generando valor real en el pa\u00eds\u201d, destac\u00f3 D\u2019Oyen.<\/p>\n\n\n\n<p>Con presencia desde Tort\u00ed hasta Puerto Armuelles con 58 sucursales y un enfoque en calidad, conveniencia y precios accesibles, Supermercados Xtra fortalece su posicionamiento como marca cercana y confiable para las familias paname\u00f1as. La empresa tambi\u00e9n ha reforzado sus programas de sostenibilidad, empleabilidad y atenci\u00f3n al cliente, elementos clave para su avance en MERCO 2025.<\/p>\n\n\n\n<p>\u201cSeguiremos trabajando para ser un actor relevante en la econom\u00eda y un aliado de los hogares paname\u00f1os. Este reconocimiento nos motiva a continuar creciendo con prop\u00f3sito y responsabilidad\u201d, afirm\u00f3 D\u2019Oyen.<\/p>\n\n\n\n<p>El monitor destaca a las compa\u00f1\u00edas que mejor gestionan su reputaci\u00f3n desde la realidad de sus acciones. En esta edici\u00f3n, MERCO vuelve a situarse como referencia regional al integrar variables de reputaci\u00f3n digital, desempe\u00f1o social, atracci\u00f3n de talento y percepci\u00f3n de expertos y ciudadan\u00eda.<\/p>\n\n\n\n<div class=\"wp-block-group is-nowrap is-layout-flex wp-container-core-group-is-layout-6c531013 wp-block-group-is-layout-flex\">\n<div class=\"wp-block-columns is-layout-flex wp-container-core-columns-is-layout-28f84493 wp-block-columns-is-layout-flex\">\n<div class=\"wp-block-column is-layout-flow wp-block-column-is-layout-flow\" style=\"flex-basis:100%\"><\/div>\n<\/div>\n<\/div>\n\n\n\n<figure class=\"wp-block-image size-large\"><a href=\"https:\/\/alminutonoticia.com\/noticias\/wp-content\/uploads\/2025\/10\/Xtra_MERCO5.jpeg\"><img fetchpriority=\"high\" decoding=\"async\" width=\"1024\" height=\"768\" src=\"https:\/\/alminutonoticia.com\/noticias\/wp-content\/uploads\/2025\/10\/Xtra_MERCO5-1024x768.jpeg\" alt=\"\" class=\"wp-image-17984\" title=\"\" srcset=\"https:\/\/alminutonoticia.com\/noticias\/wp-content\/uploads\/2025\/10\/Xtra_MERCO5-1024x768.jpeg 1024w, https:\/\/alminutonoticia.com\/noticias\/wp-content\/uploads\/2025\/10\/Xtra_MERCO5-300x225.jpeg 300w, https:\/\/alminutonoticia.com\/noticias\/wp-content\/uploads\/2025\/10\/Xtra_MERCO5-768x576.jpeg 768w, https:\/\/alminutonoticia.com\/noticias\/wp-content\/uploads\/2025\/10\/Xtra_MERCO5-1536x1152.jpeg 1536w, https:\/\/alminutonoticia.com\/noticias\/wp-content\/uploads\/2025\/10\/Xtra_MERCO5-2048x1536.jpeg 2048w\" sizes=\"(max-width: 1024px) 100vw, 1024px\" \/><\/a><\/figure>\n","protected":false},"excerpt":{"rendered":"<p>Supermercados Xtra consolid\u00f3 su liderazgo en el Monitor Empresarial de Reputaci\u00f3n Corporativa (MERCO) 2025 al escalar hasta el puesto 16 del ranking general, avanzando cinco posiciones frente a 2024. En el listado sectorial de Supermercados y Distribuci\u00f3n de Alimentos, la compa\u00f1\u00eda subi\u00f3 al segundo lugar, reforzando su reconocimiento entre los actores m\u00e1s relevantes del retail [&hellip;]<\/p>\n","protected":false},"author":2,"featured_media":17983,"comment_status":"open","ping_status":"open","sticky":false,"template":"","format":"standard","meta":{"footnotes":""},"categories":[36],"tags":[],"class_list":["post-17981","post","type-post","status-publish","format-standard","has-post-thumbnail","hentry","category-nacionales"],"_links":{"self":[{"href":"https:\/\/alminutonoticia.com\/noticias\/wp-json\/wp\/v2\/posts\/17981","targetHints":{"allow":["GET"]}}],"collection":[{"href":"https:\/\/alminutonoticia.com\/noticias\/wp-json\/wp\/v2\/posts"}],"about":[{"href":"https:\/\/alminutonoticia.com\/noticias\/wp-json\/wp\/v2\/types\/post"}],"author":[{"embeddable":true,"href":"https:\/\/alminutonoticia.com\/noticias\/wp-json\/wp\/v2\/users\/2"}],"replies":[{"embeddable":true,"href":"https:\/\/alminutonoticia.com\/noticias\/wp-json\/wp\/v2\/comments?post=17981"}],"version-history":[{"count":1,"href":"https:\/\/alminutonoticia.com\/noticias\/wp-json\/wp\/v2\/posts\/17981\/revisions"}],"predecessor-version":[{"id":17985,"href":"https:\/\/alminutonoticia.com\/noticias\/wp-json\/wp\/v2\/posts\/17981\/revisions\/17985"}],"wp:featuredmedia":[{"embeddable":true,"href":"https:\/\/alminutonoticia.com\/noticias\/wp-json\/wp\/v2\/media\/17983"}],"wp:attachment":[{"href":"https:\/\/alminutonoticia.com\/noticias\/wp-json\/wp\/v2\/media?parent=17981"}],"wp:term":[{"taxonomy":"category","embeddable":true,"href":"https:\/\/alminutonoticia.com\/noticias\/wp-json\/wp\/v2\/categories?post=17981"},{"taxonomy":"post_tag","embeddable":true,"href":"https:\/\/alminutonoticia.com\/noticias\/wp-json\/wp\/v2\/tags?post=17981"}],"curies":[{"name":"wp","href":"https:\/\/api.w.org\/{rel}","templated":true}]}}