{"id":17969,"date":"2025-10-24T04:46:33","date_gmt":"2025-10-24T04:46:33","guid":{"rendered":"https:\/\/alminutonoticia.com\/noticias\/?p=17969"},"modified":"2025-10-24T04:46:34","modified_gmt":"2025-10-24T04:46:34","slug":"bda-se-convierte-en-un-instituto-de-fomento-agropecuario-y-entrega-b-793599-00-en-prestamos-a-los-pequenos-productores","status":"publish","type":"post","link":"https:\/\/alminutonoticia.com\/noticias\/bda-se-convierte-en-un-instituto-de-fomento-agropecuario-y-entrega-b-793599-00-en-prestamos-a-los-pequenos-productores\/","title":{"rendered":"BDA se convierte en un Instituto de Fomento Agropecuario y entrega B\/. 793,599.00 en pr\u00e9stamos a los peque\u00f1os productores"},"content":{"rendered":"\n<p>El presidente de la Rep\u00fablica, Jos\u00e9 Ra\u00fal Mulino, lideriz\u00f3 hoy un Consejo de Gabinete Extraordinario Ampliado en el Centro de Convenciones Hotel Gran David, provincia de Veraguas, en donde rindi\u00f3 un informe detallado de todos los proyectos que buscan impulsar la econom\u00eda y mejores d\u00edas para la poblaci\u00f3n verag\u00fcense.<\/p>\n\n\n\n<p>Entre los anuncios realizados, sobresali\u00f3 la creaci\u00f3n del Instituto de Fomento Agropecuario (IFA), una nueva entidad destinada a impulsar el desarrollo del micro y peque\u00f1o productor agr\u00edcola a trav\u00e9s de programas de financiamiento y apoyo integral, reforzando as\u00ed las acciones del Gobierno Nacional en favor del sector agropecuario.<\/p>\n\n\n\n<p>Durante el acto, el mandatario explic\u00f3 que este nuevo Instituto reemplazar\u00e1 la actual estructura del BDA, con el fin de garantizar una administraci\u00f3n m\u00e1s responsable de los recursos p\u00fablicos, orientada a brindar un respaldo directo a los productores del campo.<\/p>\n\n\n\n<p>El Presidente Mulino indic\u00f3 que la decisi\u00f3n busca transformar una instituci\u00f3n que por a\u00f1os ha enfrentado dificultades financieras, en una nueva estructura sostenible, enfocada en la productividad y el desarrollo rural. El Banco Nacional de Panam\u00e1 se encargar\u00e1 de acompa\u00f1ar al IFA en este proceso y lo respaldar\u00e1 financieramente, tras realizar una evaluaci\u00f3n de las operaciones del BDA.<\/p>\n\n\n\n<p>Con el objetivo de que el sector agropecuario vuelva a generar oportunidades para la juventud paname\u00f1a se entregaron 41 pr\u00e9stamos a micro y peque\u00f1os productores verag\u00fcenses, por un monto total de B\/.793,599.00.<\/p>\n\n\n\n<p>Conscientes de la importancia de cumplir este mandato constitucional y de avanzar hacia la transformaci\u00f3n del BDA, hoy tambi\u00e9n se otorg\u00f3 B\/.7.3 millones en pr\u00e9stamos a micro y peque\u00f1os productores de todo el pa\u00eds.<\/p>\n\n\n\n<p>Por su parte, el gerente general del Banco Nacional de Panam\u00e1, Javier Carrizo, se\u00f1al\u00f3 que el BDA oper\u00f3 con una estructura deficiente y con resultados financieros negativos, por lo que la creaci\u00f3n del nuevo Instituto representa una oportunidad para reorganizar y fortalecer el sistema de apoyo al productor nacional.<\/p>\n\n\n\n<p>De acuerdo a la evaluaci\u00f3n del Banco Nacional, el BDA manten\u00eda m\u00e1s de 200 millones de d\u00f3lares en p\u00e9rdidas acumuladas, 164 millones de d\u00f3lares en activos deteriorados y cuentas incobrables por aproximadamente 60 millones de d\u00f3lares.<\/p>\n\n\n\n<p>El Banco de Desarrollo Agropecuario reitera su compromiso con los productores del pa\u00eds y con el proceso de transici\u00f3n hacia este nuevo modelo institucional, asegurando que los servicios de financiamiento y acompa\u00f1amiento t\u00e9cnico contin\u00faen brind\u00e1ndose sin interrupciones.<\/p>\n\n\n\n<p>Con este paso, el Gobierno Nacional busca fortalecer el apoyo al sector agropecuario paname\u00f1o, impulsando la reactivaci\u00f3n econ\u00f3mica rural y garantizando mejores oportunidades para quienes contribuyen d\u00eda a d\u00eda a la seguridad alimentaria del pa\u00eds.<\/p>\n\n\n\n<figure class=\"wp-block-image size-large\"><a href=\"https:\/\/alminutonoticia.com\/noticias\/wp-content\/uploads\/2025\/10\/Imagen-de-WhatsApp-2025-10-23-a-las-23.09.26_e24cf9a3.jpg\"><img fetchpriority=\"high\" decoding=\"async\" width=\"1024\" height=\"682\" src=\"https:\/\/alminutonoticia.com\/noticias\/wp-content\/uploads\/2025\/10\/Imagen-de-WhatsApp-2025-10-23-a-las-23.09.26_e24cf9a3-1024x682.jpg\" alt=\"\" class=\"wp-image-17970\" title=\"\" srcset=\"https:\/\/alminutonoticia.com\/noticias\/wp-content\/uploads\/2025\/10\/Imagen-de-WhatsApp-2025-10-23-a-las-23.09.26_e24cf9a3-1024x682.jpg 1024w, https:\/\/alminutonoticia.com\/noticias\/wp-content\/uploads\/2025\/10\/Imagen-de-WhatsApp-2025-10-23-a-las-23.09.26_e24cf9a3-300x200.jpg 300w, https:\/\/alminutonoticia.com\/noticias\/wp-content\/uploads\/2025\/10\/Imagen-de-WhatsApp-2025-10-23-a-las-23.09.26_e24cf9a3-768x512.jpg 768w, https:\/\/alminutonoticia.com\/noticias\/wp-content\/uploads\/2025\/10\/Imagen-de-WhatsApp-2025-10-23-a-las-23.09.26_e24cf9a3.jpg 1280w\" sizes=\"(max-width: 1024px) 100vw, 1024px\" \/><\/a><\/figure>\n","protected":false},"excerpt":{"rendered":"<p>El presidente de la Rep\u00fablica, Jos\u00e9 Ra\u00fal Mulino, lideriz\u00f3 hoy un Consejo de Gabinete Extraordinario Ampliado en el Centro de Convenciones Hotel Gran David, provincia de Veraguas, en donde rindi\u00f3 un informe detallado de todos los proyectos que buscan impulsar la econom\u00eda y mejores d\u00edas para la poblaci\u00f3n verag\u00fcense. Entre los anuncios realizados, sobresali\u00f3 la [&hellip;]<\/p>\n","protected":false},"author":2,"featured_media":17971,"comment_status":"open","ping_status":"open","sticky":false,"template":"","format":"standard","meta":{"footnotes":""},"categories":[36],"tags":[],"class_list":["post-17969","post","type-post","status-publish","format-standard","has-post-thumbnail","hentry","category-nacionales"],"_links":{"self":[{"href":"https:\/\/alminutonoticia.com\/noticias\/wp-json\/wp\/v2\/posts\/17969","targetHints":{"allow":["GET"]}}],"collection":[{"href":"https:\/\/alminutonoticia.com\/noticias\/wp-json\/wp\/v2\/posts"}],"about":[{"href":"https:\/\/alminutonoticia.com\/noticias\/wp-json\/wp\/v2\/types\/post"}],"author":[{"embeddable":true,"href":"https:\/\/alminutonoticia.com\/noticias\/wp-json\/wp\/v2\/users\/2"}],"replies":[{"embeddable":true,"href":"https:\/\/alminutonoticia.com\/noticias\/wp-json\/wp\/v2\/comments?post=17969"}],"version-history":[{"count":1,"href":"https:\/\/alminutonoticia.com\/noticias\/wp-json\/wp\/v2\/posts\/17969\/revisions"}],"predecessor-version":[{"id":17972,"href":"https:\/\/alminutonoticia.com\/noticias\/wp-json\/wp\/v2\/posts\/17969\/revisions\/17972"}],"wp:featuredmedia":[{"embeddable":true,"href":"https:\/\/alminutonoticia.com\/noticias\/wp-json\/wp\/v2\/media\/17971"}],"wp:attachment":[{"href":"https:\/\/alminutonoticia.com\/noticias\/wp-json\/wp\/v2\/media?parent=17969"}],"wp:term":[{"taxonomy":"category","embeddable":true,"href":"https:\/\/alminutonoticia.com\/noticias\/wp-json\/wp\/v2\/categories?post=17969"},{"taxonomy":"post_tag","embeddable":true,"href":"https:\/\/alminutonoticia.com\/noticias\/wp-json\/wp\/v2\/tags?post=17969"}],"curies":[{"name":"wp","href":"https:\/\/api.w.org\/{rel}","templated":true}]}}